{"id":2292,"date":"2020-10-27T13:00:31","date_gmt":"2020-10-27T12:00:31","guid":{"rendered":"https:\/\/www.carnicasiglesias.com\/?p=2292"},"modified":"2020-12-11T08:16:08","modified_gmt":"2020-12-11T07:16:08","slug":"octubre-pucela-presa-iberica","status":"publish","type":"post","link":"https:\/\/www.carnicasiglesias.com\/en\/recetas\/octubre-pucela-presa-iberica\/","title":{"rendered":"OCTUBRE: PUCELA &#8211; PRESA IB\u00c9RICA"},"content":{"rendered":"<p><strong>INGREDIENTES:<\/strong><\/p>\n<ul>\n<li>250gr de presa ib\u00e9rica<\/li>\n<li>miel<\/li>\n<li>3 patatas<\/li>\n<li>25gr de mantequilla<\/li>\n<li>1 boletus<\/li>\n<li>1 maracuya<\/li>\n<li>1 remolacha<\/li>\n<\/ul>\n<p><strong>MODO DE PREPARACI\u00d3N:<\/strong><\/p>\n<p>En una sart\u00e9n ponemos la presa ib\u00e9rica con unas gotas de aceite y la miel. La metemos al horno durante 10 minutos a 180 grados.<br \/>\nEn un cazo ponemos las 3 patatas con la mantequilla ,una pizca de sal y pimienta negra.<br \/>\nPor otro lado picamos y salteamos el boletus en una sart\u00e9n y lo a\u00f1adimos al pur\u00e9 de patata.<br \/>\nPara elaborar el gel de maracuy\u00e1 lo pelamos y metemos en agua con az\u00facar, una pizca de sal y lo trituramos para acabar a\u00f1adi\u00e9ndole el Agar para espesarlo.<br \/>\nLa remolacha la cortamos en lonchas finas y fre\u00edmos.<br \/>\nA la hora de emplatar ponemos el pur\u00e9 de patata con los boletus en el fondo. La presa ib\u00e9rica la cortamos y la colocamos encima del pur\u00e9. Para adornar el plato ponemos unas gotas de maracuy\u00e1 y por \u00faltimo el chips de remolacha y unas hojas de micromezclum.<br \/>\nSi ten\u00e9is alguna duda no dud\u00e9is en poneros en contacto con nosotros<\/p>\n","protected":false},"excerpt":{"rendered":"<p>INGREDIENTES: 250gr de presa ib\u00e9rica miel 3 patatas 25gr de mantequilla 1 boletus 1 maracuya 1 remolacha MODO DE PREPARACI\u00d3N: En una sart\u00e9n ponemos la presa ib\u00e9rica con unas gotas de aceite y la miel. La metemos al horno durante 10 minutos a 180 grados. En un cazo ponemos las 3 patatas con la mantequilla &hellip; <\/p>\n<p class=\"link-more\"><a href=\"https:\/\/www.carnicasiglesias.com\/en\/recetas\/octubre-pucela-presa-iberica\/\" class=\"more-link\">Continue reading<span class=\"screen-reader-text\"> &#8220;OCTUBRE: PUCELA &#8211; PRESA IB\u00c9RICA&#8221;<\/span><\/a><\/p>\n","protected":false},"author":1,"featured_media":2366,"comment_status":"open","ping_status":"open","sticky":false,"template":"","format":"standard","meta":{"_acf_changed":false,"footnotes":""},"categories":[25],"tags":[],"class_list":["post-2292","post","type-post","status-publish","format-standard","has-post-thumbnail","hentry","category-recetas"],"acf":[],"yoast_head":"<!-- This site is optimized with the Yoast SEO plugin v24.8.1 - https:\/\/yoast.com\/wordpress\/plugins\/seo\/ -->\n<title>OCTUBRE: PUCELA - PRESA IB\u00c9RICA | C\u00e1rnicas Iglesias<\/title>\n<meta name=\"description\" content=\"P\u00e1gina de OCTUBRE: PUCELA - PRESA IB\u00c9RICA en la cual se encuentra la ficha del producto.\" \/>\n<meta name=\"robots\" content=\"index, follow, max-snippet:-1, max-image-preview:large, max-video-preview:-1\" \/>\n<link rel=\"canonical\" href=\"https:\/\/www.carnicasiglesias.com\/recetas\/octubre-pucela-presa-iberica\/\" \/>\n<meta property=\"og:locale\" content=\"en_US\" \/>\n<meta property=\"og:type\" content=\"article\" \/>\n<meta property=\"og:title\" content=\"OCTUBRE: PUCELA - PRESA IB\u00c9RICA | C\u00e1rnicas Iglesias\" \/>\n<meta property=\"og:description\" content=\"P\u00e1gina de OCTUBRE: PUCELA - PRESA IB\u00c9RICA en la cual se encuentra la ficha del producto.\" \/>\n<meta property=\"og:url\" content=\"https:\/\/www.carnicasiglesias.com\/recetas\/octubre-pucela-presa-iberica\/\" \/>\n<meta property=\"og:site_name\" content=\"C\u00e1rnicas Iglesias\" \/>\n<meta property=\"article:published_time\" content=\"2020-10-27T12:00:31+00:00\" \/>\n<meta property=\"article:modified_time\" content=\"2020-12-11T07:16:08+00:00\" \/>\n<meta property=\"og:image\" content=\"https:\/\/www.carnicasiglesias.com\/wp-content\/uploads\/2020\/10\/PRESA-IBeRICA-PUCELA-3.jpg\" \/>\n\t<meta property=\"og:image:width\" content=\"500\" \/>\n\t<meta property=\"og:image:height\" content=\"335\" \/>\n\t<meta property=\"og:image:type\" content=\"image\/jpeg\" \/>\n<meta name=\"author\" content=\"wcarigle\" \/>\n<meta name=\"twitter:card\" content=\"summary_large_image\" \/>\n<meta name=\"twitter:label1\" content=\"Written by\" \/>\n\t<meta name=\"twitter:data1\" content=\"wcarigle\" \/>\n\t<meta name=\"twitter:label2\" content=\"Est. reading time\" \/>\n\t<meta name=\"twitter:data2\" content=\"1 minute\" \/>\n<script type=\"application\/ld+json\" class=\"yoast-schema-graph\">{\"@context\":\"https:\/\/schema.org\",\"@graph\":[{\"@type\":\"WebPage\",\"@id\":\"https:\/\/www.carnicasiglesias.com\/recetas\/octubre-pucela-presa-iberica\/\",\"url\":\"https:\/\/www.carnicasiglesias.com\/recetas\/octubre-pucela-presa-iberica\/\",\"name\":\"OCTUBRE: PUCELA - PRESA IB\u00c9RICA | C\u00e1rnicas Iglesias\",\"isPartOf\":{\"@id\":\"https:\/\/www.carnicasiglesias.com\/#website\"},\"primaryImageOfPage\":{\"@id\":\"https:\/\/www.carnicasiglesias.com\/recetas\/octubre-pucela-presa-iberica\/#primaryimage\"},\"image\":{\"@id\":\"https:\/\/www.carnicasiglesias.com\/recetas\/octubre-pucela-presa-iberica\/#primaryimage\"},\"thumbnailUrl\":\"https:\/\/www.carnicasiglesias.com\/wp-content\/uploads\/2020\/10\/PRESA-IBeRICA-PUCELA-3.jpg\",\"datePublished\":\"2020-10-27T12:00:31+00:00\",\"dateModified\":\"2020-12-11T07:16:08+00:00\",\"author\":{\"@id\":\"https:\/\/www.carnicasiglesias.com\/#\/schema\/person\/aaaf7d4dc5dc4bbfeb2f346eb04801eb\"},\"description\":\"P\u00e1gina de OCTUBRE: PUCELA - PRESA IB\u00c9RICA en la cual se encuentra la ficha del producto.\",\"breadcrumb\":{\"@id\":\"https:\/\/www.carnicasiglesias.com\/recetas\/octubre-pucela-presa-iberica\/#breadcrumb\"},\"inLanguage\":\"en-US\",\"potentialAction\":[{\"@type\":\"ReadAction\",\"target\":[\"https:\/\/www.carnicasiglesias.com\/recetas\/octubre-pucela-presa-iberica\/\"]}]},{\"@type\":\"ImageObject\",\"inLanguage\":\"en-US\",\"@id\":\"https:\/\/www.carnicasiglesias.com\/recetas\/octubre-pucela-presa-iberica\/#primaryimage\",\"url\":\"https:\/\/www.carnicasiglesias.com\/wp-content\/uploads\/2020\/10\/PRESA-IBeRICA-PUCELA-3.jpg\",\"contentUrl\":\"https:\/\/www.carnicasiglesias.com\/wp-content\/uploads\/2020\/10\/PRESA-IBeRICA-PUCELA-3.jpg\",\"width\":500,\"height\":335},{\"@type\":\"BreadcrumbList\",\"@id\":\"https:\/\/www.carnicasiglesias.com\/recetas\/octubre-pucela-presa-iberica\/#breadcrumb\",\"itemListElement\":[{\"@type\":\"ListItem\",\"position\":1,\"name\":\"Portada\",\"item\":\"https:\/\/www.carnicasiglesias.com\/en\/\"},{\"@type\":\"ListItem\",\"position\":2,\"name\":\"OCTUBRE: PUCELA &#8211; PRESA IB\u00c9RICA\"}]},{\"@type\":\"WebSite\",\"@id\":\"https:\/\/www.carnicasiglesias.com\/#website\",\"url\":\"https:\/\/www.carnicasiglesias.com\/\",\"name\":\"C\u00e1rnicas Iglesias\",\"description\":\"P\u00e1gina web de C\u00e1rnicas Iglesias\",\"potentialAction\":[{\"@type\":\"SearchAction\",\"target\":{\"@type\":\"EntryPoint\",\"urlTemplate\":\"https:\/\/www.carnicasiglesias.com\/?s={search_term_string}\"},\"query-input\":{\"@type\":\"PropertyValueSpecification\",\"valueRequired\":true,\"valueName\":\"search_term_string\"}}],\"inLanguage\":\"en-US\"},{\"@type\":\"Person\",\"@id\":\"https:\/\/www.carnicasiglesias.com\/#\/schema\/person\/aaaf7d4dc5dc4bbfeb2f346eb04801eb\",\"name\":\"wcarigle\",\"image\":{\"@type\":\"ImageObject\",\"inLanguage\":\"en-US\",\"@id\":\"https:\/\/www.carnicasiglesias.com\/#\/schema\/person\/image\/\",\"url\":\"https:\/\/secure.gravatar.com\/avatar\/c508261c9bb726f239f6caae30854a8c?s=96&d=mm&r=g\",\"contentUrl\":\"https:\/\/secure.gravatar.com\/avatar\/c508261c9bb726f239f6caae30854a8c?s=96&d=mm&r=g\",\"caption\":\"wcarigle\"}}]}<\/script>\n<!-- \/ Yoast SEO plugin. -->","yoast_head_json":{"title":"OCTUBRE: PUCELA - PRESA IB\u00c9RICA | C\u00e1rnicas Iglesias","description":"P\u00e1gina de OCTUBRE: PUCELA - PRESA IB\u00c9RICA en la cual se encuentra la ficha del producto.","robots":{"index":"index","follow":"follow","max-snippet":"max-snippet:-1","max-image-preview":"max-image-preview:large","max-video-preview":"max-video-preview:-1"},"canonical":"https:\/\/www.carnicasiglesias.com\/recetas\/octubre-pucela-presa-iberica\/","og_locale":"en_US","og_type":"article","og_title":"OCTUBRE: PUCELA - PRESA IB\u00c9RICA | C\u00e1rnicas Iglesias","og_description":"P\u00e1gina de OCTUBRE: PUCELA - PRESA IB\u00c9RICA en la cual se encuentra la ficha del producto.","og_url":"https:\/\/www.carnicasiglesias.com\/recetas\/octubre-pucela-presa-iberica\/","og_site_name":"C\u00e1rnicas Iglesias","article_published_time":"2020-10-27T12:00:31+00:00","article_modified_time":"2020-12-11T07:16:08+00:00","og_image":[{"width":500,"height":335,"url":"https:\/\/www.carnicasiglesias.com\/wp-content\/uploads\/2020\/10\/PRESA-IBeRICA-PUCELA-3.jpg","type":"image\/jpeg"}],"author":"wcarigle","twitter_card":"summary_large_image","twitter_misc":{"Written by":"wcarigle","Est. reading time":"1 minute"},"schema":{"@context":"https:\/\/schema.org","@graph":[{"@type":"WebPage","@id":"https:\/\/www.carnicasiglesias.com\/recetas\/octubre-pucela-presa-iberica\/","url":"https:\/\/www.carnicasiglesias.com\/recetas\/octubre-pucela-presa-iberica\/","name":"OCTUBRE: PUCELA - PRESA IB\u00c9RICA | C\u00e1rnicas Iglesias","isPartOf":{"@id":"https:\/\/www.carnicasiglesias.com\/#website"},"primaryImageOfPage":{"@id":"https:\/\/www.carnicasiglesias.com\/recetas\/octubre-pucela-presa-iberica\/#primaryimage"},"image":{"@id":"https:\/\/www.carnicasiglesias.com\/recetas\/octubre-pucela-presa-iberica\/#primaryimage"},"thumbnailUrl":"https:\/\/www.carnicasiglesias.com\/wp-content\/uploads\/2020\/10\/PRESA-IBeRICA-PUCELA-3.jpg","datePublished":"2020-10-27T12:00:31+00:00","dateModified":"2020-12-11T07:16:08+00:00","author":{"@id":"https:\/\/www.carnicasiglesias.com\/#\/schema\/person\/aaaf7d4dc5dc4bbfeb2f346eb04801eb"},"description":"P\u00e1gina de OCTUBRE: PUCELA - PRESA IB\u00c9RICA en la cual se encuentra la ficha del producto.","breadcrumb":{"@id":"https:\/\/www.carnicasiglesias.com\/recetas\/octubre-pucela-presa-iberica\/#breadcrumb"},"inLanguage":"en-US","potentialAction":[{"@type":"ReadAction","target":["https:\/\/www.carnicasiglesias.com\/recetas\/octubre-pucela-presa-iberica\/"]}]},{"@type":"ImageObject","inLanguage":"en-US","@id":"https:\/\/www.carnicasiglesias.com\/recetas\/octubre-pucela-presa-iberica\/#primaryimage","url":"https:\/\/www.carnicasiglesias.com\/wp-content\/uploads\/2020\/10\/PRESA-IBeRICA-PUCELA-3.jpg","contentUrl":"https:\/\/www.carnicasiglesias.com\/wp-content\/uploads\/2020\/10\/PRESA-IBeRICA-PUCELA-3.jpg","width":500,"height":335},{"@type":"BreadcrumbList","@id":"https:\/\/www.carnicasiglesias.com\/recetas\/octubre-pucela-presa-iberica\/#breadcrumb","itemListElement":[{"@type":"ListItem","position":1,"name":"Portada","item":"https:\/\/www.carnicasiglesias.com\/en\/"},{"@type":"ListItem","position":2,"name":"OCTUBRE: PUCELA &#8211; PRESA IB\u00c9RICA"}]},{"@type":"WebSite","@id":"https:\/\/www.carnicasiglesias.com\/#website","url":"https:\/\/www.carnicasiglesias.com\/","name":"C\u00e1rnicas Iglesias","description":"P\u00e1gina web de C\u00e1rnicas Iglesias","potentialAction":[{"@type":"SearchAction","target":{"@type":"EntryPoint","urlTemplate":"https:\/\/www.carnicasiglesias.com\/?s={search_term_string}"},"query-input":{"@type":"PropertyValueSpecification","valueRequired":true,"valueName":"search_term_string"}}],"inLanguage":"en-US"},{"@type":"Person","@id":"https:\/\/www.carnicasiglesias.com\/#\/schema\/person\/aaaf7d4dc5dc4bbfeb2f346eb04801eb","name":"wcarigle","image":{"@type":"ImageObject","inLanguage":"en-US","@id":"https:\/\/www.carnicasiglesias.com\/#\/schema\/person\/image\/","url":"https:\/\/secure.gravatar.com\/avatar\/c508261c9bb726f239f6caae30854a8c?s=96&d=mm&r=g","contentUrl":"https:\/\/secure.gravatar.com\/avatar\/c508261c9bb726f239f6caae30854a8c?s=96&d=mm&r=g","caption":"wcarigle"}}]}},"_links":{"self":[{"href":"https:\/\/www.carnicasiglesias.com\/en\/wp-json\/wp\/v2\/posts\/2292","targetHints":{"allow":["GET"]}}],"collection":[{"href":"https:\/\/www.carnicasiglesias.com\/en\/wp-json\/wp\/v2\/posts"}],"about":[{"href":"https:\/\/www.carnicasiglesias.com\/en\/wp-json\/wp\/v2\/types\/post"}],"author":[{"embeddable":true,"href":"https:\/\/www.carnicasiglesias.com\/en\/wp-json\/wp\/v2\/users\/1"}],"replies":[{"embeddable":true,"href":"https:\/\/www.carnicasiglesias.com\/en\/wp-json\/wp\/v2\/comments?post=2292"}],"version-history":[{"count":3,"href":"https:\/\/www.carnicasiglesias.com\/en\/wp-json\/wp\/v2\/posts\/2292\/revisions"}],"predecessor-version":[{"id":2370,"href":"https:\/\/www.carnicasiglesias.com\/en\/wp-json\/wp\/v2\/posts\/2292\/revisions\/2370"}],"wp:featuredmedia":[{"embeddable":true,"href":"https:\/\/www.carnicasiglesias.com\/en\/wp-json\/wp\/v2\/media\/2366"}],"wp:attachment":[{"href":"https:\/\/www.carnicasiglesias.com\/en\/wp-json\/wp\/v2\/media?parent=2292"}],"wp:term":[{"taxonomy":"category","embeddable":true,"href":"https:\/\/www.carnicasiglesias.com\/en\/wp-json\/wp\/v2\/categories?post=2292"},{"taxonomy":"post_tag","embeddable":true,"href":"https:\/\/www.carnicasiglesias.com\/en\/wp-json\/wp\/v2\/tags?post=2292"}],"curies":[{"name":"wp","href":"https:\/\/api.w.org\/{rel}","templated":true}]}}