{"id":2307,"date":"2020-10-27T13:12:04","date_gmt":"2020-10-27T12:12:04","guid":{"rendered":"https:\/\/www.carnicasiglesias.com\/?p=2307"},"modified":"2020-12-11T08:18:33","modified_gmt":"2020-12-11T07:18:33","slug":"marzo-vino-diario-papas-arrugas-con-mojo-picon-verde","status":"publish","type":"post","link":"https:\/\/www.carnicasiglesias.com\/en\/recetas\/marzo-vino-diario-papas-arrugas-con-mojo-picon-verde\/","title":{"rendered":"MARZO: VINO DIARIO \u2013 PAPAS ARRUGAS CON MOJO PIC\u00d3N VERDE"},"content":{"rendered":"<p><strong>INGREDIENTES:<\/strong><\/p>\n<ul>\n<li>1 kg de papas canarias<\/li>\n<li>1 cabeza de ajos<\/li>\n<li>Manojo de perejil<\/li>\n<li>Manojo de cilantro<\/li>\n<li>Guindilla<\/li>\n<li>Comino<\/li>\n<li>Sal Gorda<\/li>\n<li>Pimienta negra<\/li>\n<\/ul>\n<p><strong>MODO DE PREPARACI\u00d3N:<\/strong><\/p>\n<p>Cocer las patatas.<br \/>\nRetirarles el agua y cubrirlas en sal.<br \/>\nPara el mojo verde pic\u00f3n:<br \/>\nPoner el perejil, ajo y dem\u00e1s ingredientes en un mortero y majarlos hasta obtener una emulsi\u00f3n.<\/p>\n","protected":false},"excerpt":{"rendered":"<p>INGREDIENTES: 1 kg de papas canarias 1 cabeza de ajos Manojo de perejil Manojo de cilantro Guindilla Comino Sal Gorda Pimienta negra MODO DE PREPARACI\u00d3N: Cocer las patatas. Retirarles el agua y cubrirlas en sal. Para el mojo verde pic\u00f3n: Poner el perejil, ajo y dem\u00e1s ingredientes en un mortero y majarlos hasta obtener una &hellip; <\/p>\n<p class=\"link-more\"><a href=\"https:\/\/www.carnicasiglesias.com\/en\/recetas\/marzo-vino-diario-papas-arrugas-con-mojo-picon-verde\/\" class=\"more-link\">Continue reading<span class=\"screen-reader-text\"> &#8220;MARZO: VINO DIARIO \u2013 PAPAS ARRUGAS CON MOJO PIC\u00d3N VERDE&#8221;<\/span><\/a><\/p>\n","protected":false},"author":1,"featured_media":2360,"comment_status":"open","ping_status":"open","sticky":false,"template":"","format":"standard","meta":{"_acf_changed":false,"footnotes":""},"categories":[25],"tags":[],"class_list":["post-2307","post","type-post","status-publish","format-standard","has-post-thumbnail","hentry","category-recetas"],"acf":[],"yoast_head":"<!-- This site is optimized with the Yoast SEO plugin v24.8.1 - https:\/\/yoast.com\/wordpress\/plugins\/seo\/ -->\n<title>MARZO: VINO DIARIO \u2013 PAPAS ARRUGAS CON MOJO PIC\u00d3N VERDE | C\u00e1rnicas Iglesias<\/title>\n<meta name=\"description\" content=\"P\u00e1gina de MARZO: VINO DIARIO \u2013 PAPAS ARRUGAS CON MOJO PIC\u00d3N VERDE en la cual se encuentra la ficha del producto.\" \/>\n<meta name=\"robots\" content=\"index, follow, max-snippet:-1, max-image-preview:large, max-video-preview:-1\" \/>\n<link rel=\"canonical\" href=\"https:\/\/www.carnicasiglesias.com\/recetas\/marzo-vino-diario-papas-arrugas-con-mojo-picon-verde\/\" \/>\n<meta property=\"og:locale\" content=\"en_US\" \/>\n<meta property=\"og:type\" content=\"article\" \/>\n<meta property=\"og:title\" content=\"MARZO: VINO DIARIO \u2013 PAPAS ARRUGAS CON MOJO PIC\u00d3N VERDE | C\u00e1rnicas Iglesias\" \/>\n<meta property=\"og:description\" content=\"P\u00e1gina de MARZO: VINO DIARIO \u2013 PAPAS ARRUGAS CON MOJO PIC\u00d3N VERDE en la cual se encuentra la ficha del producto.\" \/>\n<meta property=\"og:url\" content=\"https:\/\/www.carnicasiglesias.com\/recetas\/marzo-vino-diario-papas-arrugas-con-mojo-picon-verde\/\" \/>\n<meta property=\"og:site_name\" content=\"C\u00e1rnicas Iglesias\" \/>\n<meta property=\"article:published_time\" content=\"2020-10-27T12:12:04+00:00\" \/>\n<meta property=\"article:modified_time\" content=\"2020-12-11T07:18:33+00:00\" \/>\n<meta property=\"og:image\" content=\"https:\/\/www.carnicasiglesias.com\/wp-content\/uploads\/2020\/10\/PAPAS-ARRUGAS-CON-MOJO-PICoN-VERDE-VINO-DIARIO-1.jpg\" \/>\n\t<meta property=\"og:image:width\" content=\"500\" \/>\n\t<meta property=\"og:image:height\" content=\"331\" \/>\n\t<meta property=\"og:image:type\" content=\"image\/jpeg\" \/>\n<meta name=\"author\" content=\"wcarigle\" \/>\n<meta name=\"twitter:card\" content=\"summary_large_image\" \/>\n<meta name=\"twitter:label1\" content=\"Written by\" \/>\n\t<meta name=\"twitter:data1\" content=\"wcarigle\" \/>\n<script type=\"application\/ld+json\" class=\"yoast-schema-graph\">{\"@context\":\"https:\/\/schema.org\",\"@graph\":[{\"@type\":\"WebPage\",\"@id\":\"https:\/\/www.carnicasiglesias.com\/recetas\/marzo-vino-diario-papas-arrugas-con-mojo-picon-verde\/\",\"url\":\"https:\/\/www.carnicasiglesias.com\/recetas\/marzo-vino-diario-papas-arrugas-con-mojo-picon-verde\/\",\"name\":\"MARZO: VINO DIARIO \u2013 PAPAS ARRUGAS CON MOJO PIC\u00d3N VERDE | C\u00e1rnicas Iglesias\",\"isPartOf\":{\"@id\":\"https:\/\/www.carnicasiglesias.com\/#website\"},\"primaryImageOfPage\":{\"@id\":\"https:\/\/www.carnicasiglesias.com\/recetas\/marzo-vino-diario-papas-arrugas-con-mojo-picon-verde\/#primaryimage\"},\"image\":{\"@id\":\"https:\/\/www.carnicasiglesias.com\/recetas\/marzo-vino-diario-papas-arrugas-con-mojo-picon-verde\/#primaryimage\"},\"thumbnailUrl\":\"https:\/\/www.carnicasiglesias.com\/wp-content\/uploads\/2020\/10\/PAPAS-ARRUGAS-CON-MOJO-PICoN-VERDE-VINO-DIARIO-1.jpg\",\"datePublished\":\"2020-10-27T12:12:04+00:00\",\"dateModified\":\"2020-12-11T07:18:33+00:00\",\"author\":{\"@id\":\"https:\/\/www.carnicasiglesias.com\/#\/schema\/person\/aaaf7d4dc5dc4bbfeb2f346eb04801eb\"},\"description\":\"P\u00e1gina de MARZO: VINO DIARIO \u2013 PAPAS ARRUGAS CON MOJO PIC\u00d3N VERDE en la cual se encuentra la ficha del producto.\",\"breadcrumb\":{\"@id\":\"https:\/\/www.carnicasiglesias.com\/recetas\/marzo-vino-diario-papas-arrugas-con-mojo-picon-verde\/#breadcrumb\"},\"inLanguage\":\"en-US\",\"potentialAction\":[{\"@type\":\"ReadAction\",\"target\":[\"https:\/\/www.carnicasiglesias.com\/recetas\/marzo-vino-diario-papas-arrugas-con-mojo-picon-verde\/\"]}]},{\"@type\":\"ImageObject\",\"inLanguage\":\"en-US\",\"@id\":\"https:\/\/www.carnicasiglesias.com\/recetas\/marzo-vino-diario-papas-arrugas-con-mojo-picon-verde\/#primaryimage\",\"url\":\"https:\/\/www.carnicasiglesias.com\/wp-content\/uploads\/2020\/10\/PAPAS-ARRUGAS-CON-MOJO-PICoN-VERDE-VINO-DIARIO-1.jpg\",\"contentUrl\":\"https:\/\/www.carnicasiglesias.com\/wp-content\/uploads\/2020\/10\/PAPAS-ARRUGAS-CON-MOJO-PICoN-VERDE-VINO-DIARIO-1.jpg\",\"width\":500,\"height\":331},{\"@type\":\"BreadcrumbList\",\"@id\":\"https:\/\/www.carnicasiglesias.com\/recetas\/marzo-vino-diario-papas-arrugas-con-mojo-picon-verde\/#breadcrumb\",\"itemListElement\":[{\"@type\":\"ListItem\",\"position\":1,\"name\":\"Portada\",\"item\":\"https:\/\/www.carnicasiglesias.com\/en\/\"},{\"@type\":\"ListItem\",\"position\":2,\"name\":\"MARZO: VINO DIARIO \u2013 PAPAS ARRUGAS CON MOJO PIC\u00d3N VERDE\"}]},{\"@type\":\"WebSite\",\"@id\":\"https:\/\/www.carnicasiglesias.com\/#website\",\"url\":\"https:\/\/www.carnicasiglesias.com\/\",\"name\":\"C\u00e1rnicas Iglesias\",\"description\":\"P\u00e1gina web de C\u00e1rnicas Iglesias\",\"potentialAction\":[{\"@type\":\"SearchAction\",\"target\":{\"@type\":\"EntryPoint\",\"urlTemplate\":\"https:\/\/www.carnicasiglesias.com\/?s={search_term_string}\"},\"query-input\":{\"@type\":\"PropertyValueSpecification\",\"valueRequired\":true,\"valueName\":\"search_term_string\"}}],\"inLanguage\":\"en-US\"},{\"@type\":\"Person\",\"@id\":\"https:\/\/www.carnicasiglesias.com\/#\/schema\/person\/aaaf7d4dc5dc4bbfeb2f346eb04801eb\",\"name\":\"wcarigle\",\"image\":{\"@type\":\"ImageObject\",\"inLanguage\":\"en-US\",\"@id\":\"https:\/\/www.carnicasiglesias.com\/#\/schema\/person\/image\/\",\"url\":\"https:\/\/secure.gravatar.com\/avatar\/c508261c9bb726f239f6caae30854a8c?s=96&d=mm&r=g\",\"contentUrl\":\"https:\/\/secure.gravatar.com\/avatar\/c508261c9bb726f239f6caae30854a8c?s=96&d=mm&r=g\",\"caption\":\"wcarigle\"}}]}<\/script>\n<!-- \/ Yoast SEO plugin. -->","yoast_head_json":{"title":"MARZO: VINO DIARIO \u2013 PAPAS ARRUGAS CON MOJO PIC\u00d3N VERDE | C\u00e1rnicas Iglesias","description":"P\u00e1gina de MARZO: VINO DIARIO \u2013 PAPAS ARRUGAS CON MOJO PIC\u00d3N VERDE en la cual se encuentra la ficha del producto.","robots":{"index":"index","follow":"follow","max-snippet":"max-snippet:-1","max-image-preview":"max-image-preview:large","max-video-preview":"max-video-preview:-1"},"canonical":"https:\/\/www.carnicasiglesias.com\/recetas\/marzo-vino-diario-papas-arrugas-con-mojo-picon-verde\/","og_locale":"en_US","og_type":"article","og_title":"MARZO: VINO DIARIO \u2013 PAPAS ARRUGAS CON MOJO PIC\u00d3N VERDE | C\u00e1rnicas Iglesias","og_description":"P\u00e1gina de MARZO: VINO DIARIO \u2013 PAPAS ARRUGAS CON MOJO PIC\u00d3N VERDE en la cual se encuentra la ficha del producto.","og_url":"https:\/\/www.carnicasiglesias.com\/recetas\/marzo-vino-diario-papas-arrugas-con-mojo-picon-verde\/","og_site_name":"C\u00e1rnicas Iglesias","article_published_time":"2020-10-27T12:12:04+00:00","article_modified_time":"2020-12-11T07:18:33+00:00","og_image":[{"width":500,"height":331,"url":"https:\/\/www.carnicasiglesias.com\/wp-content\/uploads\/2020\/10\/PAPAS-ARRUGAS-CON-MOJO-PICoN-VERDE-VINO-DIARIO-1.jpg","type":"image\/jpeg"}],"author":"wcarigle","twitter_card":"summary_large_image","twitter_misc":{"Written by":"wcarigle"},"schema":{"@context":"https:\/\/schema.org","@graph":[{"@type":"WebPage","@id":"https:\/\/www.carnicasiglesias.com\/recetas\/marzo-vino-diario-papas-arrugas-con-mojo-picon-verde\/","url":"https:\/\/www.carnicasiglesias.com\/recetas\/marzo-vino-diario-papas-arrugas-con-mojo-picon-verde\/","name":"MARZO: VINO DIARIO \u2013 PAPAS ARRUGAS CON MOJO PIC\u00d3N VERDE | C\u00e1rnicas Iglesias","isPartOf":{"@id":"https:\/\/www.carnicasiglesias.com\/#website"},"primaryImageOfPage":{"@id":"https:\/\/www.carnicasiglesias.com\/recetas\/marzo-vino-diario-papas-arrugas-con-mojo-picon-verde\/#primaryimage"},"image":{"@id":"https:\/\/www.carnicasiglesias.com\/recetas\/marzo-vino-diario-papas-arrugas-con-mojo-picon-verde\/#primaryimage"},"thumbnailUrl":"https:\/\/www.carnicasiglesias.com\/wp-content\/uploads\/2020\/10\/PAPAS-ARRUGAS-CON-MOJO-PICoN-VERDE-VINO-DIARIO-1.jpg","datePublished":"2020-10-27T12:12:04+00:00","dateModified":"2020-12-11T07:18:33+00:00","author":{"@id":"https:\/\/www.carnicasiglesias.com\/#\/schema\/person\/aaaf7d4dc5dc4bbfeb2f346eb04801eb"},"description":"P\u00e1gina de MARZO: VINO DIARIO \u2013 PAPAS ARRUGAS CON MOJO PIC\u00d3N VERDE en la cual se encuentra la ficha del producto.","breadcrumb":{"@id":"https:\/\/www.carnicasiglesias.com\/recetas\/marzo-vino-diario-papas-arrugas-con-mojo-picon-verde\/#breadcrumb"},"inLanguage":"en-US","potentialAction":[{"@type":"ReadAction","target":["https:\/\/www.carnicasiglesias.com\/recetas\/marzo-vino-diario-papas-arrugas-con-mojo-picon-verde\/"]}]},{"@type":"ImageObject","inLanguage":"en-US","@id":"https:\/\/www.carnicasiglesias.com\/recetas\/marzo-vino-diario-papas-arrugas-con-mojo-picon-verde\/#primaryimage","url":"https:\/\/www.carnicasiglesias.com\/wp-content\/uploads\/2020\/10\/PAPAS-ARRUGAS-CON-MOJO-PICoN-VERDE-VINO-DIARIO-1.jpg","contentUrl":"https:\/\/www.carnicasiglesias.com\/wp-content\/uploads\/2020\/10\/PAPAS-ARRUGAS-CON-MOJO-PICoN-VERDE-VINO-DIARIO-1.jpg","width":500,"height":331},{"@type":"BreadcrumbList","@id":"https:\/\/www.carnicasiglesias.com\/recetas\/marzo-vino-diario-papas-arrugas-con-mojo-picon-verde\/#breadcrumb","itemListElement":[{"@type":"ListItem","position":1,"name":"Portada","item":"https:\/\/www.carnicasiglesias.com\/en\/"},{"@type":"ListItem","position":2,"name":"MARZO: VINO DIARIO \u2013 PAPAS ARRUGAS CON MOJO PIC\u00d3N VERDE"}]},{"@type":"WebSite","@id":"https:\/\/www.carnicasiglesias.com\/#website","url":"https:\/\/www.carnicasiglesias.com\/","name":"C\u00e1rnicas Iglesias","description":"P\u00e1gina web de C\u00e1rnicas Iglesias","potentialAction":[{"@type":"SearchAction","target":{"@type":"EntryPoint","urlTemplate":"https:\/\/www.carnicasiglesias.com\/?s={search_term_string}"},"query-input":{"@type":"PropertyValueSpecification","valueRequired":true,"valueName":"search_term_string"}}],"inLanguage":"en-US"},{"@type":"Person","@id":"https:\/\/www.carnicasiglesias.com\/#\/schema\/person\/aaaf7d4dc5dc4bbfeb2f346eb04801eb","name":"wcarigle","image":{"@type":"ImageObject","inLanguage":"en-US","@id":"https:\/\/www.carnicasiglesias.com\/#\/schema\/person\/image\/","url":"https:\/\/secure.gravatar.com\/avatar\/c508261c9bb726f239f6caae30854a8c?s=96&d=mm&r=g","contentUrl":"https:\/\/secure.gravatar.com\/avatar\/c508261c9bb726f239f6caae30854a8c?s=96&d=mm&r=g","caption":"wcarigle"}}]}},"_links":{"self":[{"href":"https:\/\/www.carnicasiglesias.com\/en\/wp-json\/wp\/v2\/posts\/2307","targetHints":{"allow":["GET"]}}],"collection":[{"href":"https:\/\/www.carnicasiglesias.com\/en\/wp-json\/wp\/v2\/posts"}],"about":[{"href":"https:\/\/www.carnicasiglesias.com\/en\/wp-json\/wp\/v2\/types\/post"}],"author":[{"embeddable":true,"href":"https:\/\/www.carnicasiglesias.com\/en\/wp-json\/wp\/v2\/users\/1"}],"replies":[{"embeddable":true,"href":"https:\/\/www.carnicasiglesias.com\/en\/wp-json\/wp\/v2\/comments?post=2307"}],"version-history":[{"count":3,"href":"https:\/\/www.carnicasiglesias.com\/en\/wp-json\/wp\/v2\/posts\/2307\/revisions"}],"predecessor-version":[{"id":2364,"href":"https:\/\/www.carnicasiglesias.com\/en\/wp-json\/wp\/v2\/posts\/2307\/revisions\/2364"}],"wp:featuredmedia":[{"embeddable":true,"href":"https:\/\/www.carnicasiglesias.com\/en\/wp-json\/wp\/v2\/media\/2360"}],"wp:attachment":[{"href":"https:\/\/www.carnicasiglesias.com\/en\/wp-json\/wp\/v2\/media?parent=2307"}],"wp:term":[{"taxonomy":"category","embeddable":true,"href":"https:\/\/www.carnicasiglesias.com\/en\/wp-json\/wp\/v2\/categories?post=2307"},{"taxonomy":"post_tag","embeddable":true,"href":"https:\/\/www.carnicasiglesias.com\/en\/wp-json\/wp\/v2\/tags?post=2307"}],"curies":[{"name":"wp","href":"https:\/\/api.w.org\/{rel}","templated":true}]}}