{"id":3210,"date":"2023-11-02T16:11:09","date_gmt":"2023-11-02T15:11:09","guid":{"rendered":"https:\/\/www.carnicasiglesias.com\/?p=3210"},"modified":"2023-12-12T08:46:05","modified_gmt":"2023-12-12T07:46:05","slug":"febrero-jamon-de-cebo-iberico","status":"publish","type":"post","link":"https:\/\/www.carnicasiglesias.com\/en\/recetas\/febrero-jamon-de-cebo-iberico\/","title":{"rendered":"FEBRERO &#8211; JAM\u00d3N DE CEBO IB\u00c9RICO"},"content":{"rendered":"<p>Su origen avala la riqueza y singularidad de sus propiedades organol\u00e9pticas: cerdos de raza ib\u00e9rica clasificados seg\u00fan la normativa que garantiza la autenticidad y trazabilidad del producto, ya sea con pata, deshuesado, limpio y pulido, loncheado o cortado a cuchillo.<\/p>\n<p><img loading=\"lazy\" decoding=\"async\" class=\"alignnone wp-image-3258\" src=\"https:\/\/www.carnicasiglesias.com\/wp-content\/uploads\/2023\/10\/tierra-de-sabor.png\" alt=\"\" width=\"74\" height=\"70\" \/>\u00a0 \u00a0 \u00a0 <img loading=\"lazy\" decoding=\"async\" class=\"alignnone wp-image-3254\" src=\"https:\/\/www.carnicasiglesias.com\/wp-content\/uploads\/2023\/10\/sin-gluten.jpg\" alt=\"\" width=\"76\" height=\"70\" \/>\u00a0 \u00a0 \u00a0 <img loading=\"lazy\" decoding=\"async\" class=\"alignnone wp-image-3246\" src=\"https:\/\/www.carnicasiglesias.com\/wp-content\/uploads\/2023\/10\/bodega.jpg\" alt=\"\" width=\"81\" height=\"70\" \/>\u00a0 \u00a0\u00a0 <img loading=\"lazy\" decoding=\"async\" class=\"alignnone wp-image-3250\" src=\"https:\/\/www.carnicasiglesias.com\/wp-content\/uploads\/2023\/10\/proteinas.jpg\" alt=\"\" width=\"70\" height=\"70\" srcset=\"https:\/\/www.carnicasiglesias.com\/wp-content\/uploads\/2023\/10\/proteinas.jpg 182w, https:\/\/www.carnicasiglesias.com\/wp-content\/uploads\/2023\/10\/proteinas-150x150.jpg 150w, https:\/\/www.carnicasiglesias.com\/wp-content\/uploads\/2023\/10\/proteinas-100x100.jpg 100w\" sizes=\"auto, (max-width: 70px) 100vw, 70px\" \/><\/p>\n","protected":false},"excerpt":{"rendered":"<p>Su origen avala la riqueza y singularidad de sus propiedades organol\u00e9pticas: cerdos de raza ib\u00e9rica clasificados seg\u00fan la normativa que garantiza la autenticidad y trazabilidad del producto, ya sea con pata, deshuesado, limpio y pulido, loncheado o cortado a cuchillo. \u00a0 \u00a0 \u00a0 \u00a0 \u00a0 \u00a0 \u00a0 \u00a0\u00a0<\/p>\n","protected":false},"author":1,"featured_media":3379,"comment_status":"open","ping_status":"open","sticky":false,"template":"","format":"standard","meta":{"_acf_changed":false,"footnotes":""},"categories":[25],"tags":[],"class_list":["post-3210","post","type-post","status-publish","format-standard","has-post-thumbnail","hentry","category-recetas"],"acf":[],"yoast_head":"<!-- This site is optimized with the Yoast SEO plugin v24.8.1 - https:\/\/yoast.com\/wordpress\/plugins\/seo\/ -->\n<title>FEBRERO - JAM\u00d3N DE CEBO IB\u00c9RICO | C\u00e1rnicas Iglesias<\/title>\n<meta name=\"description\" content=\"P\u00e1gina de FEBRERO - JAM\u00d3N DE CEBO IB\u00c9RICO en la cual se encuentra la ficha del producto.\" \/>\n<meta name=\"robots\" content=\"index, follow, max-snippet:-1, max-image-preview:large, max-video-preview:-1\" \/>\n<link rel=\"canonical\" href=\"https:\/\/www.carnicasiglesias.com\/recetas\/febrero-jamon-de-cebo-iberico\/\" \/>\n<meta property=\"og:locale\" content=\"en_US\" \/>\n<meta property=\"og:type\" content=\"article\" \/>\n<meta property=\"og:title\" content=\"FEBRERO - JAM\u00d3N DE CEBO IB\u00c9RICO | C\u00e1rnicas Iglesias\" \/>\n<meta property=\"og:description\" content=\"P\u00e1gina de FEBRERO - JAM\u00d3N DE CEBO IB\u00c9RICO en la cual se encuentra la ficha del producto.\" \/>\n<meta property=\"og:url\" content=\"https:\/\/www.carnicasiglesias.com\/recetas\/febrero-jamon-de-cebo-iberico\/\" \/>\n<meta property=\"og:site_name\" content=\"C\u00e1rnicas Iglesias\" \/>\n<meta property=\"article:published_time\" content=\"2023-11-02T15:11:09+00:00\" \/>\n<meta property=\"article:modified_time\" content=\"2023-12-12T07:46:05+00:00\" \/>\n<meta property=\"og:image\" content=\"https:\/\/www.carnicasiglesias.com\/wp-content\/uploads\/2023\/11\/Jamon-Cebo-Iberico-50-Grande-Iglesias-1.jpg\" \/>\n\t<meta property=\"og:image:width\" content=\"581\" \/>\n\t<meta property=\"og:image:height\" content=\"800\" \/>\n\t<meta property=\"og:image:type\" content=\"image\/jpeg\" \/>\n<meta name=\"author\" content=\"wcarigle\" \/>\n<meta name=\"twitter:card\" content=\"summary_large_image\" \/>\n<meta name=\"twitter:label1\" content=\"Written by\" \/>\n\t<meta name=\"twitter:data1\" content=\"wcarigle\" \/>\n<script type=\"application\/ld+json\" class=\"yoast-schema-graph\">{\"@context\":\"https:\/\/schema.org\",\"@graph\":[{\"@type\":\"WebPage\",\"@id\":\"https:\/\/www.carnicasiglesias.com\/recetas\/febrero-jamon-de-cebo-iberico\/\",\"url\":\"https:\/\/www.carnicasiglesias.com\/recetas\/febrero-jamon-de-cebo-iberico\/\",\"name\":\"FEBRERO - JAM\u00d3N DE CEBO IB\u00c9RICO | C\u00e1rnicas Iglesias\",\"isPartOf\":{\"@id\":\"https:\/\/www.carnicasiglesias.com\/#website\"},\"primaryImageOfPage\":{\"@id\":\"https:\/\/www.carnicasiglesias.com\/recetas\/febrero-jamon-de-cebo-iberico\/#primaryimage\"},\"image\":{\"@id\":\"https:\/\/www.carnicasiglesias.com\/recetas\/febrero-jamon-de-cebo-iberico\/#primaryimage\"},\"thumbnailUrl\":\"https:\/\/www.carnicasiglesias.com\/wp-content\/uploads\/2023\/11\/Jamon-Cebo-Iberico-50-Grande-Iglesias-1.jpg\",\"datePublished\":\"2023-11-02T15:11:09+00:00\",\"dateModified\":\"2023-12-12T07:46:05+00:00\",\"author\":{\"@id\":\"https:\/\/www.carnicasiglesias.com\/#\/schema\/person\/aaaf7d4dc5dc4bbfeb2f346eb04801eb\"},\"description\":\"P\u00e1gina de FEBRERO - JAM\u00d3N DE CEBO IB\u00c9RICO en la cual se encuentra la ficha del producto.\",\"breadcrumb\":{\"@id\":\"https:\/\/www.carnicasiglesias.com\/recetas\/febrero-jamon-de-cebo-iberico\/#breadcrumb\"},\"inLanguage\":\"en-US\",\"potentialAction\":[{\"@type\":\"ReadAction\",\"target\":[\"https:\/\/www.carnicasiglesias.com\/recetas\/febrero-jamon-de-cebo-iberico\/\"]}]},{\"@type\":\"ImageObject\",\"inLanguage\":\"en-US\",\"@id\":\"https:\/\/www.carnicasiglesias.com\/recetas\/febrero-jamon-de-cebo-iberico\/#primaryimage\",\"url\":\"https:\/\/www.carnicasiglesias.com\/wp-content\/uploads\/2023\/11\/Jamon-Cebo-Iberico-50-Grande-Iglesias-1.jpg\",\"contentUrl\":\"https:\/\/www.carnicasiglesias.com\/wp-content\/uploads\/2023\/11\/Jamon-Cebo-Iberico-50-Grande-Iglesias-1.jpg\",\"width\":581,\"height\":800},{\"@type\":\"BreadcrumbList\",\"@id\":\"https:\/\/www.carnicasiglesias.com\/recetas\/febrero-jamon-de-cebo-iberico\/#breadcrumb\",\"itemListElement\":[{\"@type\":\"ListItem\",\"position\":1,\"name\":\"Portada\",\"item\":\"https:\/\/www.carnicasiglesias.com\/en\/\"},{\"@type\":\"ListItem\",\"position\":2,\"name\":\"FEBRERO &#8211; JAM\u00d3N DE CEBO IB\u00c9RICO\"}]},{\"@type\":\"WebSite\",\"@id\":\"https:\/\/www.carnicasiglesias.com\/#website\",\"url\":\"https:\/\/www.carnicasiglesias.com\/\",\"name\":\"C\u00e1rnicas Iglesias\",\"description\":\"P\u00e1gina web de C\u00e1rnicas Iglesias\",\"potentialAction\":[{\"@type\":\"SearchAction\",\"target\":{\"@type\":\"EntryPoint\",\"urlTemplate\":\"https:\/\/www.carnicasiglesias.com\/?s={search_term_string}\"},\"query-input\":{\"@type\":\"PropertyValueSpecification\",\"valueRequired\":true,\"valueName\":\"search_term_string\"}}],\"inLanguage\":\"en-US\"},{\"@type\":\"Person\",\"@id\":\"https:\/\/www.carnicasiglesias.com\/#\/schema\/person\/aaaf7d4dc5dc4bbfeb2f346eb04801eb\",\"name\":\"wcarigle\",\"image\":{\"@type\":\"ImageObject\",\"inLanguage\":\"en-US\",\"@id\":\"https:\/\/www.carnicasiglesias.com\/#\/schema\/person\/image\/\",\"url\":\"https:\/\/secure.gravatar.com\/avatar\/c508261c9bb726f239f6caae30854a8c?s=96&d=mm&r=g\",\"contentUrl\":\"https:\/\/secure.gravatar.com\/avatar\/c508261c9bb726f239f6caae30854a8c?s=96&d=mm&r=g\",\"caption\":\"wcarigle\"}}]}<\/script>\n<!-- \/ Yoast SEO plugin. -->","yoast_head_json":{"title":"FEBRERO - JAM\u00d3N DE CEBO IB\u00c9RICO | C\u00e1rnicas Iglesias","description":"P\u00e1gina de FEBRERO - JAM\u00d3N DE CEBO IB\u00c9RICO en la cual se encuentra la ficha del producto.","robots":{"index":"index","follow":"follow","max-snippet":"max-snippet:-1","max-image-preview":"max-image-preview:large","max-video-preview":"max-video-preview:-1"},"canonical":"https:\/\/www.carnicasiglesias.com\/recetas\/febrero-jamon-de-cebo-iberico\/","og_locale":"en_US","og_type":"article","og_title":"FEBRERO - JAM\u00d3N DE CEBO IB\u00c9RICO | C\u00e1rnicas Iglesias","og_description":"P\u00e1gina de FEBRERO - JAM\u00d3N DE CEBO IB\u00c9RICO en la cual se encuentra la ficha del producto.","og_url":"https:\/\/www.carnicasiglesias.com\/recetas\/febrero-jamon-de-cebo-iberico\/","og_site_name":"C\u00e1rnicas Iglesias","article_published_time":"2023-11-02T15:11:09+00:00","article_modified_time":"2023-12-12T07:46:05+00:00","og_image":[{"width":581,"height":800,"url":"https:\/\/www.carnicasiglesias.com\/wp-content\/uploads\/2023\/11\/Jamon-Cebo-Iberico-50-Grande-Iglesias-1.jpg","type":"image\/jpeg"}],"author":"wcarigle","twitter_card":"summary_large_image","twitter_misc":{"Written by":"wcarigle"},"schema":{"@context":"https:\/\/schema.org","@graph":[{"@type":"WebPage","@id":"https:\/\/www.carnicasiglesias.com\/recetas\/febrero-jamon-de-cebo-iberico\/","url":"https:\/\/www.carnicasiglesias.com\/recetas\/febrero-jamon-de-cebo-iberico\/","name":"FEBRERO - JAM\u00d3N DE CEBO IB\u00c9RICO | C\u00e1rnicas Iglesias","isPartOf":{"@id":"https:\/\/www.carnicasiglesias.com\/#website"},"primaryImageOfPage":{"@id":"https:\/\/www.carnicasiglesias.com\/recetas\/febrero-jamon-de-cebo-iberico\/#primaryimage"},"image":{"@id":"https:\/\/www.carnicasiglesias.com\/recetas\/febrero-jamon-de-cebo-iberico\/#primaryimage"},"thumbnailUrl":"https:\/\/www.carnicasiglesias.com\/wp-content\/uploads\/2023\/11\/Jamon-Cebo-Iberico-50-Grande-Iglesias-1.jpg","datePublished":"2023-11-02T15:11:09+00:00","dateModified":"2023-12-12T07:46:05+00:00","author":{"@id":"https:\/\/www.carnicasiglesias.com\/#\/schema\/person\/aaaf7d4dc5dc4bbfeb2f346eb04801eb"},"description":"P\u00e1gina de FEBRERO - JAM\u00d3N DE CEBO IB\u00c9RICO en la cual se encuentra la ficha del producto.","breadcrumb":{"@id":"https:\/\/www.carnicasiglesias.com\/recetas\/febrero-jamon-de-cebo-iberico\/#breadcrumb"},"inLanguage":"en-US","potentialAction":[{"@type":"ReadAction","target":["https:\/\/www.carnicasiglesias.com\/recetas\/febrero-jamon-de-cebo-iberico\/"]}]},{"@type":"ImageObject","inLanguage":"en-US","@id":"https:\/\/www.carnicasiglesias.com\/recetas\/febrero-jamon-de-cebo-iberico\/#primaryimage","url":"https:\/\/www.carnicasiglesias.com\/wp-content\/uploads\/2023\/11\/Jamon-Cebo-Iberico-50-Grande-Iglesias-1.jpg","contentUrl":"https:\/\/www.carnicasiglesias.com\/wp-content\/uploads\/2023\/11\/Jamon-Cebo-Iberico-50-Grande-Iglesias-1.jpg","width":581,"height":800},{"@type":"BreadcrumbList","@id":"https:\/\/www.carnicasiglesias.com\/recetas\/febrero-jamon-de-cebo-iberico\/#breadcrumb","itemListElement":[{"@type":"ListItem","position":1,"name":"Portada","item":"https:\/\/www.carnicasiglesias.com\/en\/"},{"@type":"ListItem","position":2,"name":"FEBRERO &#8211; JAM\u00d3N DE CEBO IB\u00c9RICO"}]},{"@type":"WebSite","@id":"https:\/\/www.carnicasiglesias.com\/#website","url":"https:\/\/www.carnicasiglesias.com\/","name":"C\u00e1rnicas Iglesias","description":"P\u00e1gina web de C\u00e1rnicas Iglesias","potentialAction":[{"@type":"SearchAction","target":{"@type":"EntryPoint","urlTemplate":"https:\/\/www.carnicasiglesias.com\/?s={search_term_string}"},"query-input":{"@type":"PropertyValueSpecification","valueRequired":true,"valueName":"search_term_string"}}],"inLanguage":"en-US"},{"@type":"Person","@id":"https:\/\/www.carnicasiglesias.com\/#\/schema\/person\/aaaf7d4dc5dc4bbfeb2f346eb04801eb","name":"wcarigle","image":{"@type":"ImageObject","inLanguage":"en-US","@id":"https:\/\/www.carnicasiglesias.com\/#\/schema\/person\/image\/","url":"https:\/\/secure.gravatar.com\/avatar\/c508261c9bb726f239f6caae30854a8c?s=96&d=mm&r=g","contentUrl":"https:\/\/secure.gravatar.com\/avatar\/c508261c9bb726f239f6caae30854a8c?s=96&d=mm&r=g","caption":"wcarigle"}}]}},"_links":{"self":[{"href":"https:\/\/www.carnicasiglesias.com\/en\/wp-json\/wp\/v2\/posts\/3210","targetHints":{"allow":["GET"]}}],"collection":[{"href":"https:\/\/www.carnicasiglesias.com\/en\/wp-json\/wp\/v2\/posts"}],"about":[{"href":"https:\/\/www.carnicasiglesias.com\/en\/wp-json\/wp\/v2\/types\/post"}],"author":[{"embeddable":true,"href":"https:\/\/www.carnicasiglesias.com\/en\/wp-json\/wp\/v2\/users\/1"}],"replies":[{"embeddable":true,"href":"https:\/\/www.carnicasiglesias.com\/en\/wp-json\/wp\/v2\/comments?post=3210"}],"version-history":[{"count":4,"href":"https:\/\/www.carnicasiglesias.com\/en\/wp-json\/wp\/v2\/posts\/3210\/revisions"}],"predecessor-version":[{"id":3287,"href":"https:\/\/www.carnicasiglesias.com\/en\/wp-json\/wp\/v2\/posts\/3210\/revisions\/3287"}],"wp:featuredmedia":[{"embeddable":true,"href":"https:\/\/www.carnicasiglesias.com\/en\/wp-json\/wp\/v2\/media\/3379"}],"wp:attachment":[{"href":"https:\/\/www.carnicasiglesias.com\/en\/wp-json\/wp\/v2\/media?parent=3210"}],"wp:term":[{"taxonomy":"category","embeddable":true,"href":"https:\/\/www.carnicasiglesias.com\/en\/wp-json\/wp\/v2\/categories?post=3210"},{"taxonomy":"post_tag","embeddable":true,"href":"https:\/\/www.carnicasiglesias.com\/en\/wp-json\/wp\/v2\/tags?post=3210"}],"curies":[{"name":"wp","href":"https:\/\/api.w.org\/{rel}","templated":true}]}}