{"id":3229,"date":"2023-11-02T16:03:08","date_gmt":"2023-11-02T15:03:08","guid":{"rendered":"https:\/\/www.carnicasiglesias.com\/?p=3229"},"modified":"2023-12-12T08:53:49","modified_gmt":"2023-12-12T07:53:49","slug":"octubre-lomo-embuchado-media-pieza","status":"publish","type":"post","link":"https:\/\/www.carnicasiglesias.com\/en\/recetas\/octubre-lomo-embuchado-media-pieza\/","title":{"rendered":"OCTUBRE &#8211; LOMO EMBUCHADO MEDIA PIEZA"},"content":{"rendered":"<p>Adobada, macerada y embuchada en tripa, la carne de este lomo suma a su suculento sabor, la jugosidad propia de un secado lento.<br \/>\nY para jugoso, el cabecero de lomo, pimentonado y embuchado, al que la grasa infiltrada le confiere una suavidad especial.<\/p>\n<p><img loading=\"lazy\" decoding=\"async\" class=\"alignnone wp-image-3254\" src=\"https:\/\/www.carnicasiglesias.com\/wp-content\/uploads\/2023\/10\/sin-gluten.jpg\" alt=\"\" width=\"70\" height=\"65\" \/>\u00a0 \u00a0 \u00a0 <img loading=\"lazy\" decoding=\"async\" class=\"alignnone wp-image-3246\" src=\"https:\/\/www.carnicasiglesias.com\/wp-content\/uploads\/2023\/10\/bodega.jpg\" alt=\"\" width=\"70\" height=\"60\" \/>\u00a0 \u00a0 \u00a0 <img loading=\"lazy\" decoding=\"async\" class=\"alignnone wp-image-3250\" src=\"https:\/\/www.carnicasiglesias.com\/wp-content\/uploads\/2023\/10\/proteinas.jpg\" alt=\"\" width=\"70\" height=\"70\" srcset=\"https:\/\/www.carnicasiglesias.com\/wp-content\/uploads\/2023\/10\/proteinas.jpg 182w, https:\/\/www.carnicasiglesias.com\/wp-content\/uploads\/2023\/10\/proteinas-150x150.jpg 150w, https:\/\/www.carnicasiglesias.com\/wp-content\/uploads\/2023\/10\/proteinas-100x100.jpg 100w\" sizes=\"auto, (max-width: 70px) 100vw, 70px\" \/><\/p>\n","protected":false},"excerpt":{"rendered":"<p>Adobada, macerada y embuchada en tripa, la carne de este lomo suma a su suculento sabor, la jugosidad propia de un secado lento. Y para jugoso, el cabecero de lomo, pimentonado y embuchado, al que la grasa infiltrada le confiere una suavidad especial. \u00a0 \u00a0 \u00a0 \u00a0 \u00a0 \u00a0<\/p>\n","protected":false},"author":1,"featured_media":3387,"comment_status":"open","ping_status":"open","sticky":false,"template":"","format":"standard","meta":{"_acf_changed":false,"footnotes":""},"categories":[25],"tags":[],"class_list":["post-3229","post","type-post","status-publish","format-standard","has-post-thumbnail","hentry","category-recetas"],"acf":[],"yoast_head":"<!-- This site is optimized with the Yoast SEO plugin v24.8.1 - https:\/\/yoast.com\/wordpress\/plugins\/seo\/ -->\n<title>OCTUBRE - LOMO EMBUCHADO MEDIA PIEZA | C\u00e1rnicas Iglesias<\/title>\n<meta name=\"description\" content=\"P\u00e1gina de OCTUBRE - LOMO EMBUCHADO MEDIA PIEZA en la cual se encuentra la ficha del producto.\" \/>\n<meta name=\"robots\" content=\"index, follow, max-snippet:-1, max-image-preview:large, max-video-preview:-1\" \/>\n<link rel=\"canonical\" href=\"https:\/\/www.carnicasiglesias.com\/fr\/recettes\/octubre-lomo-embuchado-media-pieza\/\" \/>\n<meta property=\"og:locale\" content=\"en_US\" \/>\n<meta property=\"og:type\" content=\"article\" \/>\n<meta property=\"og:title\" content=\"OCTUBRE - LOMO EMBUCHADO MEDIA PIEZA | C\u00e1rnicas Iglesias\" \/>\n<meta property=\"og:description\" content=\"P\u00e1gina de OCTUBRE - LOMO EMBUCHADO MEDIA PIEZA en la cual se encuentra la ficha del producto.\" \/>\n<meta property=\"og:url\" content=\"https:\/\/www.carnicasiglesias.com\/fr\/recettes\/octubre-lomo-embuchado-media-pieza\/\" \/>\n<meta property=\"og:site_name\" content=\"C\u00e1rnicas Iglesias\" \/>\n<meta property=\"article:published_time\" content=\"2023-11-02T15:03:08+00:00\" \/>\n<meta property=\"article:modified_time\" content=\"2023-12-12T07:53:49+00:00\" \/>\n<meta property=\"og:image\" content=\"https:\/\/www.carnicasiglesias.com\/wp-content\/uploads\/2023\/11\/Lomo-Embuchado-Iglesias-Media-Pieza.jpg\" \/>\n\t<meta property=\"og:image:width\" content=\"1200\" \/>\n\t<meta property=\"og:image:height\" content=\"800\" \/>\n\t<meta property=\"og:image:type\" content=\"image\/jpeg\" \/>\n<meta name=\"author\" content=\"wcarigle\" \/>\n<meta name=\"twitter:card\" content=\"summary_large_image\" \/>\n<meta name=\"twitter:label1\" content=\"Written by\" \/>\n\t<meta name=\"twitter:data1\" content=\"wcarigle\" \/>\n<script type=\"application\/ld+json\" class=\"yoast-schema-graph\">{\"@context\":\"https:\/\/schema.org\",\"@graph\":[{\"@type\":\"WebPage\",\"@id\":\"https:\/\/www.carnicasiglesias.com\/fr\/recettes\/octubre-lomo-embuchado-media-pieza\/\",\"url\":\"https:\/\/www.carnicasiglesias.com\/fr\/recettes\/octubre-lomo-embuchado-media-pieza\/\",\"name\":\"OCTUBRE - LOMO EMBUCHADO MEDIA PIEZA | C\u00e1rnicas Iglesias\",\"isPartOf\":{\"@id\":\"https:\/\/www.carnicasiglesias.com\/#website\"},\"primaryImageOfPage\":{\"@id\":\"https:\/\/www.carnicasiglesias.com\/fr\/recettes\/octubre-lomo-embuchado-media-pieza\/#primaryimage\"},\"image\":{\"@id\":\"https:\/\/www.carnicasiglesias.com\/fr\/recettes\/octubre-lomo-embuchado-media-pieza\/#primaryimage\"},\"thumbnailUrl\":\"https:\/\/www.carnicasiglesias.com\/wp-content\/uploads\/2023\/11\/Lomo-Embuchado-Iglesias-Media-Pieza.jpg\",\"datePublished\":\"2023-11-02T15:03:08+00:00\",\"dateModified\":\"2023-12-12T07:53:49+00:00\",\"author\":{\"@id\":\"https:\/\/www.carnicasiglesias.com\/#\/schema\/person\/aaaf7d4dc5dc4bbfeb2f346eb04801eb\"},\"description\":\"P\u00e1gina de OCTUBRE - LOMO EMBUCHADO MEDIA PIEZA en la cual se encuentra la ficha del producto.\",\"breadcrumb\":{\"@id\":\"https:\/\/www.carnicasiglesias.com\/fr\/recettes\/octubre-lomo-embuchado-media-pieza\/#breadcrumb\"},\"inLanguage\":\"en-US\",\"potentialAction\":[{\"@type\":\"ReadAction\",\"target\":[\"https:\/\/www.carnicasiglesias.com\/fr\/recettes\/octubre-lomo-embuchado-media-pieza\/\"]}]},{\"@type\":\"ImageObject\",\"inLanguage\":\"en-US\",\"@id\":\"https:\/\/www.carnicasiglesias.com\/fr\/recettes\/octubre-lomo-embuchado-media-pieza\/#primaryimage\",\"url\":\"https:\/\/www.carnicasiglesias.com\/wp-content\/uploads\/2023\/11\/Lomo-Embuchado-Iglesias-Media-Pieza.jpg\",\"contentUrl\":\"https:\/\/www.carnicasiglesias.com\/wp-content\/uploads\/2023\/11\/Lomo-Embuchado-Iglesias-Media-Pieza.jpg\",\"width\":1200,\"height\":800},{\"@type\":\"BreadcrumbList\",\"@id\":\"https:\/\/www.carnicasiglesias.com\/fr\/recettes\/octubre-lomo-embuchado-media-pieza\/#breadcrumb\",\"itemListElement\":[{\"@type\":\"ListItem\",\"position\":1,\"name\":\"Portada\",\"item\":\"https:\/\/www.carnicasiglesias.com\/en\/\"},{\"@type\":\"ListItem\",\"position\":2,\"name\":\"OCTUBRE &#8211; LOMO EMBUCHADO MEDIA PIEZA\"}]},{\"@type\":\"WebSite\",\"@id\":\"https:\/\/www.carnicasiglesias.com\/#website\",\"url\":\"https:\/\/www.carnicasiglesias.com\/\",\"name\":\"C\u00e1rnicas Iglesias\",\"description\":\"P\u00e1gina web de C\u00e1rnicas Iglesias\",\"potentialAction\":[{\"@type\":\"SearchAction\",\"target\":{\"@type\":\"EntryPoint\",\"urlTemplate\":\"https:\/\/www.carnicasiglesias.com\/?s={search_term_string}\"},\"query-input\":{\"@type\":\"PropertyValueSpecification\",\"valueRequired\":true,\"valueName\":\"search_term_string\"}}],\"inLanguage\":\"en-US\"},{\"@type\":\"Person\",\"@id\":\"https:\/\/www.carnicasiglesias.com\/#\/schema\/person\/aaaf7d4dc5dc4bbfeb2f346eb04801eb\",\"name\":\"wcarigle\",\"image\":{\"@type\":\"ImageObject\",\"inLanguage\":\"en-US\",\"@id\":\"https:\/\/www.carnicasiglesias.com\/#\/schema\/person\/image\/\",\"url\":\"https:\/\/secure.gravatar.com\/avatar\/c508261c9bb726f239f6caae30854a8c?s=96&d=mm&r=g\",\"contentUrl\":\"https:\/\/secure.gravatar.com\/avatar\/c508261c9bb726f239f6caae30854a8c?s=96&d=mm&r=g\",\"caption\":\"wcarigle\"}}]}<\/script>\n<!-- \/ Yoast SEO plugin. -->","yoast_head_json":{"title":"OCTUBRE - LOMO EMBUCHADO MEDIA PIEZA | C\u00e1rnicas Iglesias","description":"P\u00e1gina de OCTUBRE - LOMO EMBUCHADO MEDIA PIEZA en la cual se encuentra la ficha del producto.","robots":{"index":"index","follow":"follow","max-snippet":"max-snippet:-1","max-image-preview":"max-image-preview:large","max-video-preview":"max-video-preview:-1"},"canonical":"https:\/\/www.carnicasiglesias.com\/fr\/recettes\/octubre-lomo-embuchado-media-pieza\/","og_locale":"en_US","og_type":"article","og_title":"OCTUBRE - LOMO EMBUCHADO MEDIA PIEZA | C\u00e1rnicas Iglesias","og_description":"P\u00e1gina de OCTUBRE - LOMO EMBUCHADO MEDIA PIEZA en la cual se encuentra la ficha del producto.","og_url":"https:\/\/www.carnicasiglesias.com\/fr\/recettes\/octubre-lomo-embuchado-media-pieza\/","og_site_name":"C\u00e1rnicas Iglesias","article_published_time":"2023-11-02T15:03:08+00:00","article_modified_time":"2023-12-12T07:53:49+00:00","og_image":[{"width":1200,"height":800,"url":"https:\/\/www.carnicasiglesias.com\/wp-content\/uploads\/2023\/11\/Lomo-Embuchado-Iglesias-Media-Pieza.jpg","type":"image\/jpeg"}],"author":"wcarigle","twitter_card":"summary_large_image","twitter_misc":{"Written by":"wcarigle"},"schema":{"@context":"https:\/\/schema.org","@graph":[{"@type":"WebPage","@id":"https:\/\/www.carnicasiglesias.com\/fr\/recettes\/octubre-lomo-embuchado-media-pieza\/","url":"https:\/\/www.carnicasiglesias.com\/fr\/recettes\/octubre-lomo-embuchado-media-pieza\/","name":"OCTUBRE - LOMO EMBUCHADO MEDIA PIEZA | C\u00e1rnicas Iglesias","isPartOf":{"@id":"https:\/\/www.carnicasiglesias.com\/#website"},"primaryImageOfPage":{"@id":"https:\/\/www.carnicasiglesias.com\/fr\/recettes\/octubre-lomo-embuchado-media-pieza\/#primaryimage"},"image":{"@id":"https:\/\/www.carnicasiglesias.com\/fr\/recettes\/octubre-lomo-embuchado-media-pieza\/#primaryimage"},"thumbnailUrl":"https:\/\/www.carnicasiglesias.com\/wp-content\/uploads\/2023\/11\/Lomo-Embuchado-Iglesias-Media-Pieza.jpg","datePublished":"2023-11-02T15:03:08+00:00","dateModified":"2023-12-12T07:53:49+00:00","author":{"@id":"https:\/\/www.carnicasiglesias.com\/#\/schema\/person\/aaaf7d4dc5dc4bbfeb2f346eb04801eb"},"description":"P\u00e1gina de OCTUBRE - LOMO EMBUCHADO MEDIA PIEZA en la cual se encuentra la ficha del producto.","breadcrumb":{"@id":"https:\/\/www.carnicasiglesias.com\/fr\/recettes\/octubre-lomo-embuchado-media-pieza\/#breadcrumb"},"inLanguage":"en-US","potentialAction":[{"@type":"ReadAction","target":["https:\/\/www.carnicasiglesias.com\/fr\/recettes\/octubre-lomo-embuchado-media-pieza\/"]}]},{"@type":"ImageObject","inLanguage":"en-US","@id":"https:\/\/www.carnicasiglesias.com\/fr\/recettes\/octubre-lomo-embuchado-media-pieza\/#primaryimage","url":"https:\/\/www.carnicasiglesias.com\/wp-content\/uploads\/2023\/11\/Lomo-Embuchado-Iglesias-Media-Pieza.jpg","contentUrl":"https:\/\/www.carnicasiglesias.com\/wp-content\/uploads\/2023\/11\/Lomo-Embuchado-Iglesias-Media-Pieza.jpg","width":1200,"height":800},{"@type":"BreadcrumbList","@id":"https:\/\/www.carnicasiglesias.com\/fr\/recettes\/octubre-lomo-embuchado-media-pieza\/#breadcrumb","itemListElement":[{"@type":"ListItem","position":1,"name":"Portada","item":"https:\/\/www.carnicasiglesias.com\/en\/"},{"@type":"ListItem","position":2,"name":"OCTUBRE &#8211; LOMO EMBUCHADO MEDIA PIEZA"}]},{"@type":"WebSite","@id":"https:\/\/www.carnicasiglesias.com\/#website","url":"https:\/\/www.carnicasiglesias.com\/","name":"C\u00e1rnicas Iglesias","description":"P\u00e1gina web de C\u00e1rnicas Iglesias","potentialAction":[{"@type":"SearchAction","target":{"@type":"EntryPoint","urlTemplate":"https:\/\/www.carnicasiglesias.com\/?s={search_term_string}"},"query-input":{"@type":"PropertyValueSpecification","valueRequired":true,"valueName":"search_term_string"}}],"inLanguage":"en-US"},{"@type":"Person","@id":"https:\/\/www.carnicasiglesias.com\/#\/schema\/person\/aaaf7d4dc5dc4bbfeb2f346eb04801eb","name":"wcarigle","image":{"@type":"ImageObject","inLanguage":"en-US","@id":"https:\/\/www.carnicasiglesias.com\/#\/schema\/person\/image\/","url":"https:\/\/secure.gravatar.com\/avatar\/c508261c9bb726f239f6caae30854a8c?s=96&d=mm&r=g","contentUrl":"https:\/\/secure.gravatar.com\/avatar\/c508261c9bb726f239f6caae30854a8c?s=96&d=mm&r=g","caption":"wcarigle"}}]}},"_links":{"self":[{"href":"https:\/\/www.carnicasiglesias.com\/en\/wp-json\/wp\/v2\/posts\/3229","targetHints":{"allow":["GET"]}}],"collection":[{"href":"https:\/\/www.carnicasiglesias.com\/en\/wp-json\/wp\/v2\/posts"}],"about":[{"href":"https:\/\/www.carnicasiglesias.com\/en\/wp-json\/wp\/v2\/types\/post"}],"author":[{"embeddable":true,"href":"https:\/\/www.carnicasiglesias.com\/en\/wp-json\/wp\/v2\/users\/1"}],"replies":[{"embeddable":true,"href":"https:\/\/www.carnicasiglesias.com\/en\/wp-json\/wp\/v2\/comments?post=3229"}],"version-history":[{"count":4,"href":"https:\/\/www.carnicasiglesias.com\/en\/wp-json\/wp\/v2\/posts\/3229\/revisions"}],"predecessor-version":[{"id":3461,"href":"https:\/\/www.carnicasiglesias.com\/en\/wp-json\/wp\/v2\/posts\/3229\/revisions\/3461"}],"wp:featuredmedia":[{"embeddable":true,"href":"https:\/\/www.carnicasiglesias.com\/en\/wp-json\/wp\/v2\/media\/3387"}],"wp:attachment":[{"href":"https:\/\/www.carnicasiglesias.com\/en\/wp-json\/wp\/v2\/media?parent=3229"}],"wp:term":[{"taxonomy":"category","embeddable":true,"href":"https:\/\/www.carnicasiglesias.com\/en\/wp-json\/wp\/v2\/categories?post=3229"},{"taxonomy":"post_tag","embeddable":true,"href":"https:\/\/www.carnicasiglesias.com\/en\/wp-json\/wp\/v2\/tags?post=3229"}],"curies":[{"name":"wp","href":"https:\/\/api.w.org\/{rel}","templated":true}]}}