{"id":3644,"date":"2024-04-04T11:38:11","date_gmt":"2024-04-04T09:38:11","guid":{"rendered":"https:\/\/www.carnicasiglesias.com\/?p=3644"},"modified":"2024-04-04T11:38:11","modified_gmt":"2024-04-04T09:38:11","slug":"carnicas-iglesias-lleva-el-emprendimiento-a-los-alumnos-de-los-colegios-esclavas-del-sagrado-corazon-de-jesus-y-calasanz","status":"publish","type":"post","link":"https:\/\/www.carnicasiglesias.com\/en\/noticias\/carnicas-iglesias-lleva-el-emprendimiento-a-los-alumnos-de-los-colegios-esclavas-del-sagrado-corazon-de-jesus-y-calasanz\/","title":{"rendered":"C\u00c1RNICAS IGLESIAS LLEVA EL EMPRENDIMIENTO A LOS ALUMNOS DE LOS COLEGIOS ESCLAVAS DEL SAGRADO CORAZ\u00d3N DE JES\u00daS Y CALASANZ"},"content":{"rendered":"<p>El programa de fomento del emprendimiento \u201cEmpresa Familiar en las aulas\u201d impulsado por Empresa Familiar de Castilla y Le\u00f3n (EFCL) con la Consejer\u00eda de Educaci\u00f3n ha continuado durante los meses de marzo y abril con sus actividades en Salamanca, con las charlas ofrecidas por Francisco Iglesias Gil, directivo de la empresa familiar salmantina C\u00e1rnicas Iglesias, en los Colegios Esclavas Sagrado Coraz\u00f3n de Jes\u00fas y Calasanz.<\/p>\n<p>En ella, el empresario traslad\u00f3 a m\u00e1s de medio centenar de estudiantes de 6\u00ba de Primaria la importancia de valores como el emprendimiento, el esfuerzo, el compromiso y el arraigo a trav\u00e9s del ejemplo de la larga trayectoria de la empresa de su familia, y que ya est\u00e1 en cuarta generaci\u00f3n.<\/p>\n<p>As\u00ed, explic\u00f3 que C\u00e1rnicas Iglesias fue fundada en 1928 por su bisabuelo, Francisco Iglesias Escribano, en la localidad de Santa Marta, donde sigue dedicada desde entonces a la fabricaci\u00f3n, comercializaci\u00f3n y distribuci\u00f3n de productos elaborados derivados del cerdo, principalmente de jamones y embutidos tanto de cerdo ib\u00e9rico como de cerdo blanco.<\/p>\n<p>Indic\u00f3 que desde sus or\u00edgenes la empresa ha mantenido un esmerado proceso tradicional de producci\u00f3n que, unido a una cuidada selecci\u00f3n de las materias primas, ha supuesto un importante reconocimiento a la alta calidad de sus productos.<\/p>\n<p>De hecho, actualmente son comercializados en las principales cadenas de distribuci\u00f3n del pa\u00eds y tambi\u00e9n en el exterior, gracias a que las cuatro generaciones de la familia que han estado al frente de la empresa desde su fundaci\u00f3n han sabido adaptarse a los constantes cambios y adoptar las medidas necesarias en innovaci\u00f3n y desarrollo.<\/p>\n<p>Como continuaci\u00f3n del programa, los alumnos de los Colegios podr\u00e1n visitar la f\u00e1brica de C\u00e1rnicas Iglesias en Mor\u00ed\u00f1igo, donde podr\u00e1n conocer en persona la forma de trabajo de esta empresa.<\/p>\n<p><img loading=\"lazy\" decoding=\"async\" class=\"alignnone size-full wp-image-3649\" src=\"https:\/\/www.carnicasiglesias.com\/wp-content\/uploads\/2024\/04\/FOTO-2.jpeg\" alt=\"\" width=\"1599\" height=\"899\" srcset=\"https:\/\/www.carnicasiglesias.com\/wp-content\/uploads\/2024\/04\/FOTO-2.jpeg 1599w, https:\/\/www.carnicasiglesias.com\/wp-content\/uploads\/2024\/04\/FOTO-2-300x169.jpeg 300w, https:\/\/www.carnicasiglesias.com\/wp-content\/uploads\/2024\/04\/FOTO-2-768x432.jpeg 768w, https:\/\/www.carnicasiglesias.com\/wp-content\/uploads\/2024\/04\/FOTO-2-1024x576.jpeg 1024w\" sizes=\"auto, (max-width: 767px) 89vw, (max-width: 1000px) 54vw, (max-width: 1071px) 543px, 580px\" \/><\/p>\n<p><img loading=\"lazy\" decoding=\"async\" class=\"alignnone size-full wp-image-3653\" src=\"https:\/\/www.carnicasiglesias.com\/wp-content\/uploads\/2024\/04\/FOTO-3.jpeg\" alt=\"\" width=\"1599\" height=\"899\" srcset=\"https:\/\/www.carnicasiglesias.com\/wp-content\/uploads\/2024\/04\/FOTO-3.jpeg 1599w, https:\/\/www.carnicasiglesias.com\/wp-content\/uploads\/2024\/04\/FOTO-3-300x169.jpeg 300w, https:\/\/www.carnicasiglesias.com\/wp-content\/uploads\/2024\/04\/FOTO-3-768x432.jpeg 768w, https:\/\/www.carnicasiglesias.com\/wp-content\/uploads\/2024\/04\/FOTO-3-1024x576.jpeg 1024w\" sizes=\"auto, (max-width: 767px) 89vw, (max-width: 1000px) 54vw, (max-width: 1071px) 543px, 580px\" \/><\/p>\n<p><img loading=\"lazy\" decoding=\"async\" class=\"alignnone size-full wp-image-3657\" src=\"https:\/\/www.carnicasiglesias.com\/wp-content\/uploads\/2024\/04\/FOTO-4.jpeg\" alt=\"\" width=\"1200\" height=\"1600\" srcset=\"https:\/\/www.carnicasiglesias.com\/wp-content\/uploads\/2024\/04\/FOTO-4.jpeg 1200w, https:\/\/www.carnicasiglesias.com\/wp-content\/uploads\/2024\/04\/FOTO-4-225x300.jpeg 225w, https:\/\/www.carnicasiglesias.com\/wp-content\/uploads\/2024\/04\/FOTO-4-768x1024.jpeg 768w\" sizes=\"auto, (max-width: 767px) 89vw, (max-width: 1000px) 54vw, (max-width: 1071px) 543px, 580px\" \/><\/p>\n","protected":false},"excerpt":{"rendered":"<p>El programa de fomento del emprendimiento \u201cEmpresa Familiar en las aulas\u201d impulsado por Empresa Familiar de Castilla y Le\u00f3n (EFCL) con la Consejer\u00eda de Educaci\u00f3n ha continuado durante los meses de marzo y abril con sus actividades en Salamanca, con las charlas ofrecidas por Francisco Iglesias Gil, directivo de la empresa familiar salmantina C\u00e1rnicas Iglesias, &hellip; <\/p>\n<p class=\"link-more\"><a href=\"https:\/\/www.carnicasiglesias.com\/en\/noticias\/carnicas-iglesias-lleva-el-emprendimiento-a-los-alumnos-de-los-colegios-esclavas-del-sagrado-corazon-de-jesus-y-calasanz\/\" class=\"more-link\">Continue reading<span class=\"screen-reader-text\"> &#8220;C\u00c1RNICAS IGLESIAS LLEVA EL EMPRENDIMIENTO A LOS ALUMNOS DE LOS COLEGIOS ESCLAVAS DEL SAGRADO CORAZ\u00d3N DE JES\u00daS Y CALASANZ&#8221;<\/span><\/a><\/p>\n","protected":false},"author":1,"featured_media":3645,"comment_status":"open","ping_status":"open","sticky":false,"template":"","format":"standard","meta":{"_acf_changed":false,"footnotes":""},"categories":[9],"tags":[],"class_list":["post-3644","post","type-post","status-publish","format-standard","has-post-thumbnail","hentry","category-noticias"],"acf":[],"yoast_head":"<!-- This site is optimized with the Yoast SEO plugin v24.8.1 - https:\/\/yoast.com\/wordpress\/plugins\/seo\/ -->\n<title>C\u00c1RNICAS IGLESIAS LLEVA EL EMPRENDIMIENTO A LOS ALUMNOS DE LOS COLEGIOS ESCLAVAS DEL SAGRADO CORAZ\u00d3N DE JES\u00daS Y CALASANZ | C\u00e1rnicas Iglesias<\/title>\n<meta name=\"description\" content=\"P\u00e1gina de C\u00c1RNICAS IGLESIAS LLEVA EL EMPRENDIMIENTO A LOS ALUMNOS DE LOS COLEGIOS ESCLAVAS DEL SAGRADO CORAZ\u00d3N DE JES\u00daS Y CALASANZ en la cual se encuentra la ficha del producto.\" \/>\n<meta name=\"robots\" content=\"index, follow, max-snippet:-1, max-image-preview:large, max-video-preview:-1\" \/>\n<link rel=\"canonical\" href=\"https:\/\/www.carnicasiglesias.com\/en\/news\/carnicas-iglesias-lleva-el-emprendimiento-a-los-alumnos-de-los-colegios-esclavas-del-sagrado-corazon-de-jesus-y-calasanz\/\" \/>\n<meta property=\"og:locale\" content=\"en_US\" \/>\n<meta property=\"og:type\" content=\"article\" \/>\n<meta property=\"og:title\" content=\"C\u00c1RNICAS IGLESIAS LLEVA EL EMPRENDIMIENTO A LOS ALUMNOS DE LOS COLEGIOS ESCLAVAS DEL SAGRADO CORAZ\u00d3N DE JES\u00daS Y CALASANZ | C\u00e1rnicas Iglesias\" \/>\n<meta property=\"og:description\" content=\"P\u00e1gina de C\u00c1RNICAS IGLESIAS LLEVA EL EMPRENDIMIENTO A LOS ALUMNOS DE LOS COLEGIOS ESCLAVAS DEL SAGRADO CORAZ\u00d3N DE JES\u00daS Y CALASANZ en la cual se encuentra la ficha del producto.\" \/>\n<meta property=\"og:url\" content=\"https:\/\/www.carnicasiglesias.com\/en\/news\/carnicas-iglesias-lleva-el-emprendimiento-a-los-alumnos-de-los-colegios-esclavas-del-sagrado-corazon-de-jesus-y-calasanz\/\" \/>\n<meta property=\"og:site_name\" content=\"C\u00e1rnicas Iglesias\" \/>\n<meta property=\"article:published_time\" content=\"2024-04-04T09:38:11+00:00\" \/>\n<meta property=\"og:image\" content=\"https:\/\/www.carnicasiglesias.com\/wp-content\/uploads\/2024\/04\/FOTO1.jpeg\" \/>\n\t<meta property=\"og:image:width\" content=\"1599\" \/>\n\t<meta property=\"og:image:height\" content=\"899\" \/>\n\t<meta property=\"og:image:type\" content=\"image\/jpeg\" \/>\n<meta name=\"author\" content=\"wcarigle\" \/>\n<meta name=\"twitter:card\" content=\"summary_large_image\" \/>\n<meta name=\"twitter:label1\" content=\"Written by\" \/>\n\t<meta name=\"twitter:data1\" content=\"wcarigle\" \/>\n\t<meta name=\"twitter:label2\" content=\"Est. reading time\" \/>\n\t<meta name=\"twitter:data2\" content=\"2 minutes\" \/>\n<script type=\"application\/ld+json\" class=\"yoast-schema-graph\">{\"@context\":\"https:\/\/schema.org\",\"@graph\":[{\"@type\":\"WebPage\",\"@id\":\"https:\/\/www.carnicasiglesias.com\/en\/news\/carnicas-iglesias-lleva-el-emprendimiento-a-los-alumnos-de-los-colegios-esclavas-del-sagrado-corazon-de-jesus-y-calasanz\/\",\"url\":\"https:\/\/www.carnicasiglesias.com\/en\/news\/carnicas-iglesias-lleva-el-emprendimiento-a-los-alumnos-de-los-colegios-esclavas-del-sagrado-corazon-de-jesus-y-calasanz\/\",\"name\":\"C\u00c1RNICAS IGLESIAS LLEVA EL EMPRENDIMIENTO A LOS ALUMNOS DE LOS COLEGIOS ESCLAVAS DEL SAGRADO CORAZ\u00d3N DE JES\u00daS Y CALASANZ | C\u00e1rnicas Iglesias\",\"isPartOf\":{\"@id\":\"https:\/\/www.carnicasiglesias.com\/#website\"},\"primaryImageOfPage\":{\"@id\":\"https:\/\/www.carnicasiglesias.com\/en\/news\/carnicas-iglesias-lleva-el-emprendimiento-a-los-alumnos-de-los-colegios-esclavas-del-sagrado-corazon-de-jesus-y-calasanz\/#primaryimage\"},\"image\":{\"@id\":\"https:\/\/www.carnicasiglesias.com\/en\/news\/carnicas-iglesias-lleva-el-emprendimiento-a-los-alumnos-de-los-colegios-esclavas-del-sagrado-corazon-de-jesus-y-calasanz\/#primaryimage\"},\"thumbnailUrl\":\"https:\/\/www.carnicasiglesias.com\/wp-content\/uploads\/2024\/04\/FOTO1.jpeg\",\"datePublished\":\"2024-04-04T09:38:11+00:00\",\"author\":{\"@id\":\"https:\/\/www.carnicasiglesias.com\/#\/schema\/person\/aaaf7d4dc5dc4bbfeb2f346eb04801eb\"},\"description\":\"P\u00e1gina de C\u00c1RNICAS IGLESIAS LLEVA EL EMPRENDIMIENTO A LOS ALUMNOS DE LOS COLEGIOS ESCLAVAS DEL SAGRADO CORAZ\u00d3N DE JES\u00daS Y CALASANZ en la cual se encuentra la ficha del producto.\",\"breadcrumb\":{\"@id\":\"https:\/\/www.carnicasiglesias.com\/en\/news\/carnicas-iglesias-lleva-el-emprendimiento-a-los-alumnos-de-los-colegios-esclavas-del-sagrado-corazon-de-jesus-y-calasanz\/#breadcrumb\"},\"inLanguage\":\"en-US\",\"potentialAction\":[{\"@type\":\"ReadAction\",\"target\":[\"https:\/\/www.carnicasiglesias.com\/en\/news\/carnicas-iglesias-lleva-el-emprendimiento-a-los-alumnos-de-los-colegios-esclavas-del-sagrado-corazon-de-jesus-y-calasanz\/\"]}]},{\"@type\":\"ImageObject\",\"inLanguage\":\"en-US\",\"@id\":\"https:\/\/www.carnicasiglesias.com\/en\/news\/carnicas-iglesias-lleva-el-emprendimiento-a-los-alumnos-de-los-colegios-esclavas-del-sagrado-corazon-de-jesus-y-calasanz\/#primaryimage\",\"url\":\"https:\/\/www.carnicasiglesias.com\/wp-content\/uploads\/2024\/04\/FOTO1.jpeg\",\"contentUrl\":\"https:\/\/www.carnicasiglesias.com\/wp-content\/uploads\/2024\/04\/FOTO1.jpeg\",\"width\":1599,\"height\":899},{\"@type\":\"BreadcrumbList\",\"@id\":\"https:\/\/www.carnicasiglesias.com\/en\/news\/carnicas-iglesias-lleva-el-emprendimiento-a-los-alumnos-de-los-colegios-esclavas-del-sagrado-corazon-de-jesus-y-calasanz\/#breadcrumb\",\"itemListElement\":[{\"@type\":\"ListItem\",\"position\":1,\"name\":\"Portada\",\"item\":\"https:\/\/www.carnicasiglesias.com\/en\/\"},{\"@type\":\"ListItem\",\"position\":2,\"name\":\"C\u00c1RNICAS IGLESIAS LLEVA EL EMPRENDIMIENTO A LOS ALUMNOS DE LOS COLEGIOS ESCLAVAS DEL SAGRADO CORAZ\u00d3N DE JES\u00daS Y CALASANZ\"}]},{\"@type\":\"WebSite\",\"@id\":\"https:\/\/www.carnicasiglesias.com\/#website\",\"url\":\"https:\/\/www.carnicasiglesias.com\/\",\"name\":\"C\u00e1rnicas Iglesias\",\"description\":\"P\u00e1gina web de C\u00e1rnicas Iglesias\",\"potentialAction\":[{\"@type\":\"SearchAction\",\"target\":{\"@type\":\"EntryPoint\",\"urlTemplate\":\"https:\/\/www.carnicasiglesias.com\/?s={search_term_string}\"},\"query-input\":{\"@type\":\"PropertyValueSpecification\",\"valueRequired\":true,\"valueName\":\"search_term_string\"}}],\"inLanguage\":\"en-US\"},{\"@type\":\"Person\",\"@id\":\"https:\/\/www.carnicasiglesias.com\/#\/schema\/person\/aaaf7d4dc5dc4bbfeb2f346eb04801eb\",\"name\":\"wcarigle\",\"image\":{\"@type\":\"ImageObject\",\"inLanguage\":\"en-US\",\"@id\":\"https:\/\/www.carnicasiglesias.com\/#\/schema\/person\/image\/\",\"url\":\"https:\/\/secure.gravatar.com\/avatar\/c508261c9bb726f239f6caae30854a8c?s=96&d=mm&r=g\",\"contentUrl\":\"https:\/\/secure.gravatar.com\/avatar\/c508261c9bb726f239f6caae30854a8c?s=96&d=mm&r=g\",\"caption\":\"wcarigle\"}}]}<\/script>\n<!-- \/ Yoast SEO plugin. -->","yoast_head_json":{"title":"C\u00c1RNICAS IGLESIAS LLEVA EL EMPRENDIMIENTO A LOS ALUMNOS DE LOS COLEGIOS ESCLAVAS DEL SAGRADO CORAZ\u00d3N DE JES\u00daS Y CALASANZ | C\u00e1rnicas Iglesias","description":"P\u00e1gina de C\u00c1RNICAS IGLESIAS LLEVA EL EMPRENDIMIENTO A LOS ALUMNOS DE LOS COLEGIOS ESCLAVAS DEL SAGRADO CORAZ\u00d3N DE JES\u00daS Y CALASANZ en la cual se encuentra la ficha del producto.","robots":{"index":"index","follow":"follow","max-snippet":"max-snippet:-1","max-image-preview":"max-image-preview:large","max-video-preview":"max-video-preview:-1"},"canonical":"https:\/\/www.carnicasiglesias.com\/en\/news\/carnicas-iglesias-lleva-el-emprendimiento-a-los-alumnos-de-los-colegios-esclavas-del-sagrado-corazon-de-jesus-y-calasanz\/","og_locale":"en_US","og_type":"article","og_title":"C\u00c1RNICAS IGLESIAS LLEVA EL EMPRENDIMIENTO A LOS ALUMNOS DE LOS COLEGIOS ESCLAVAS DEL SAGRADO CORAZ\u00d3N DE JES\u00daS Y CALASANZ | C\u00e1rnicas Iglesias","og_description":"P\u00e1gina de C\u00c1RNICAS IGLESIAS LLEVA EL EMPRENDIMIENTO A LOS ALUMNOS DE LOS COLEGIOS ESCLAVAS DEL SAGRADO CORAZ\u00d3N DE JES\u00daS Y CALASANZ en la cual se encuentra la ficha del producto.","og_url":"https:\/\/www.carnicasiglesias.com\/en\/news\/carnicas-iglesias-lleva-el-emprendimiento-a-los-alumnos-de-los-colegios-esclavas-del-sagrado-corazon-de-jesus-y-calasanz\/","og_site_name":"C\u00e1rnicas Iglesias","article_published_time":"2024-04-04T09:38:11+00:00","og_image":[{"width":1599,"height":899,"url":"https:\/\/www.carnicasiglesias.com\/wp-content\/uploads\/2024\/04\/FOTO1.jpeg","type":"image\/jpeg"}],"author":"wcarigle","twitter_card":"summary_large_image","twitter_misc":{"Written by":"wcarigle","Est. reading time":"2 minutes"},"schema":{"@context":"https:\/\/schema.org","@graph":[{"@type":"WebPage","@id":"https:\/\/www.carnicasiglesias.com\/en\/news\/carnicas-iglesias-lleva-el-emprendimiento-a-los-alumnos-de-los-colegios-esclavas-del-sagrado-corazon-de-jesus-y-calasanz\/","url":"https:\/\/www.carnicasiglesias.com\/en\/news\/carnicas-iglesias-lleva-el-emprendimiento-a-los-alumnos-de-los-colegios-esclavas-del-sagrado-corazon-de-jesus-y-calasanz\/","name":"C\u00c1RNICAS IGLESIAS LLEVA EL EMPRENDIMIENTO A LOS ALUMNOS DE LOS COLEGIOS ESCLAVAS DEL SAGRADO CORAZ\u00d3N DE JES\u00daS Y CALASANZ | C\u00e1rnicas Iglesias","isPartOf":{"@id":"https:\/\/www.carnicasiglesias.com\/#website"},"primaryImageOfPage":{"@id":"https:\/\/www.carnicasiglesias.com\/en\/news\/carnicas-iglesias-lleva-el-emprendimiento-a-los-alumnos-de-los-colegios-esclavas-del-sagrado-corazon-de-jesus-y-calasanz\/#primaryimage"},"image":{"@id":"https:\/\/www.carnicasiglesias.com\/en\/news\/carnicas-iglesias-lleva-el-emprendimiento-a-los-alumnos-de-los-colegios-esclavas-del-sagrado-corazon-de-jesus-y-calasanz\/#primaryimage"},"thumbnailUrl":"https:\/\/www.carnicasiglesias.com\/wp-content\/uploads\/2024\/04\/FOTO1.jpeg","datePublished":"2024-04-04T09:38:11+00:00","author":{"@id":"https:\/\/www.carnicasiglesias.com\/#\/schema\/person\/aaaf7d4dc5dc4bbfeb2f346eb04801eb"},"description":"P\u00e1gina de C\u00c1RNICAS IGLESIAS LLEVA EL EMPRENDIMIENTO A LOS ALUMNOS DE LOS COLEGIOS ESCLAVAS DEL SAGRADO CORAZ\u00d3N DE JES\u00daS Y CALASANZ en la cual se encuentra la ficha del producto.","breadcrumb":{"@id":"https:\/\/www.carnicasiglesias.com\/en\/news\/carnicas-iglesias-lleva-el-emprendimiento-a-los-alumnos-de-los-colegios-esclavas-del-sagrado-corazon-de-jesus-y-calasanz\/#breadcrumb"},"inLanguage":"en-US","potentialAction":[{"@type":"ReadAction","target":["https:\/\/www.carnicasiglesias.com\/en\/news\/carnicas-iglesias-lleva-el-emprendimiento-a-los-alumnos-de-los-colegios-esclavas-del-sagrado-corazon-de-jesus-y-calasanz\/"]}]},{"@type":"ImageObject","inLanguage":"en-US","@id":"https:\/\/www.carnicasiglesias.com\/en\/news\/carnicas-iglesias-lleva-el-emprendimiento-a-los-alumnos-de-los-colegios-esclavas-del-sagrado-corazon-de-jesus-y-calasanz\/#primaryimage","url":"https:\/\/www.carnicasiglesias.com\/wp-content\/uploads\/2024\/04\/FOTO1.jpeg","contentUrl":"https:\/\/www.carnicasiglesias.com\/wp-content\/uploads\/2024\/04\/FOTO1.jpeg","width":1599,"height":899},{"@type":"BreadcrumbList","@id":"https:\/\/www.carnicasiglesias.com\/en\/news\/carnicas-iglesias-lleva-el-emprendimiento-a-los-alumnos-de-los-colegios-esclavas-del-sagrado-corazon-de-jesus-y-calasanz\/#breadcrumb","itemListElement":[{"@type":"ListItem","position":1,"name":"Portada","item":"https:\/\/www.carnicasiglesias.com\/en\/"},{"@type":"ListItem","position":2,"name":"C\u00c1RNICAS IGLESIAS LLEVA EL EMPRENDIMIENTO A LOS ALUMNOS DE LOS COLEGIOS ESCLAVAS DEL SAGRADO CORAZ\u00d3N DE JES\u00daS Y CALASANZ"}]},{"@type":"WebSite","@id":"https:\/\/www.carnicasiglesias.com\/#website","url":"https:\/\/www.carnicasiglesias.com\/","name":"C\u00e1rnicas Iglesias","description":"P\u00e1gina web de C\u00e1rnicas Iglesias","potentialAction":[{"@type":"SearchAction","target":{"@type":"EntryPoint","urlTemplate":"https:\/\/www.carnicasiglesias.com\/?s={search_term_string}"},"query-input":{"@type":"PropertyValueSpecification","valueRequired":true,"valueName":"search_term_string"}}],"inLanguage":"en-US"},{"@type":"Person","@id":"https:\/\/www.carnicasiglesias.com\/#\/schema\/person\/aaaf7d4dc5dc4bbfeb2f346eb04801eb","name":"wcarigle","image":{"@type":"ImageObject","inLanguage":"en-US","@id":"https:\/\/www.carnicasiglesias.com\/#\/schema\/person\/image\/","url":"https:\/\/secure.gravatar.com\/avatar\/c508261c9bb726f239f6caae30854a8c?s=96&d=mm&r=g","contentUrl":"https:\/\/secure.gravatar.com\/avatar\/c508261c9bb726f239f6caae30854a8c?s=96&d=mm&r=g","caption":"wcarigle"}}]}},"_links":{"self":[{"href":"https:\/\/www.carnicasiglesias.com\/en\/wp-json\/wp\/v2\/posts\/3644","targetHints":{"allow":["GET"]}}],"collection":[{"href":"https:\/\/www.carnicasiglesias.com\/en\/wp-json\/wp\/v2\/posts"}],"about":[{"href":"https:\/\/www.carnicasiglesias.com\/en\/wp-json\/wp\/v2\/types\/post"}],"author":[{"embeddable":true,"href":"https:\/\/www.carnicasiglesias.com\/en\/wp-json\/wp\/v2\/users\/1"}],"replies":[{"embeddable":true,"href":"https:\/\/www.carnicasiglesias.com\/en\/wp-json\/wp\/v2\/comments?post=3644"}],"version-history":[{"count":1,"href":"https:\/\/www.carnicasiglesias.com\/en\/wp-json\/wp\/v2\/posts\/3644\/revisions"}],"predecessor-version":[{"id":3661,"href":"https:\/\/www.carnicasiglesias.com\/en\/wp-json\/wp\/v2\/posts\/3644\/revisions\/3661"}],"wp:featuredmedia":[{"embeddable":true,"href":"https:\/\/www.carnicasiglesias.com\/en\/wp-json\/wp\/v2\/media\/3645"}],"wp:attachment":[{"href":"https:\/\/www.carnicasiglesias.com\/en\/wp-json\/wp\/v2\/media?parent=3644"}],"wp:term":[{"taxonomy":"category","embeddable":true,"href":"https:\/\/www.carnicasiglesias.com\/en\/wp-json\/wp\/v2\/categories?post=3644"},{"taxonomy":"post_tag","embeddable":true,"href":"https:\/\/www.carnicasiglesias.com\/en\/wp-json\/wp\/v2\/tags?post=3644"}],"curies":[{"name":"wp","href":"https:\/\/api.w.org\/{rel}","templated":true}]}}