{"id":3662,"date":"2024-04-04T11:44:22","date_gmt":"2024-04-04T09:44:22","guid":{"rendered":"https:\/\/www.carnicasiglesias.com\/?p=3662"},"modified":"2024-04-04T11:45:55","modified_gmt":"2024-04-04T09:45:55","slug":"carnicas-iglesias-presente-en-la-alimentaria-de-barcelona-del-18-21-marzo-2024","status":"publish","type":"post","link":"https:\/\/www.carnicasiglesias.com\/en\/noticias\/carnicas-iglesias-presente-en-la-alimentaria-de-barcelona-del-18-21-marzo-2024\/","title":{"rendered":"C\u00c1RNICAS IGLESIAS PRESENTE EN LA ALIMENTARIA DE BARCELONA DEL 18-21 MARZO 2024"},"content":{"rendered":"<p>Han sido unos d\u00edas intensos en los que hemos estado en el Pabell\u00f3n 3 de Intercarn en el stand 21 recibiendo y disfrutando con nuestros clientes actuales y conociendo a otros potenciales interesados en nuestros productos.<\/p>\n<p>Intercarn ha reunido la mejor producci\u00f3n espa\u00f1ola de productos c\u00e1rnicos y derivados y ha sido nuevamente el mayor sal\u00f3n de Alimentaria &amp; Hostelco, que tuvo lugar del 18 al 21 de marzo en el recinto Gran V\u00eda de Fira de Barcelona. Consolidada como una potencia exportadora de primer orden, la industria c\u00e1rnica espa\u00f1ola exhibi\u00f3 sus productos ante compradores de pa\u00edses estrat\u00e9gicos como China, Francia, Portugal o Jap\u00f3n.<\/p>\n<p>Se trata de una cita indispensable, tanto para los profesionales del sector como para los aficionados y amantes de la cocina y la gastronom\u00eda. Y como no pod\u00eda ser de otro modo, hemos estado presentes en esta edici\u00f3n que ha sido un gran \u00e9xito.<\/p>\n<p>Gracias a todo el equipo de C\u00e1rnicas Iglesias por vuestro compromiso y hacer que haya resultado una excelente feria.<\/p>\n<p>La pr\u00f3xima cita en Alimentaria ser\u00e1 del 23 al 26 de marzo de 2026.<\/p>\n<p>As\u00ed da gusto<\/p>\n<p><img loading=\"lazy\" decoding=\"async\" class=\"alignnone size-full wp-image-3703\" src=\"https:\/\/www.carnicasiglesias.com\/wp-content\/uploads\/2024\/04\/WhatsApp-Image-2024-03-18-at-14.40.30-1.jpeg\" alt=\"\" width=\"2048\" height=\"1152\" srcset=\"https:\/\/www.carnicasiglesias.com\/wp-content\/uploads\/2024\/04\/WhatsApp-Image-2024-03-18-at-14.40.30-1.jpeg 2048w, https:\/\/www.carnicasiglesias.com\/wp-content\/uploads\/2024\/04\/WhatsApp-Image-2024-03-18-at-14.40.30-1-300x169.jpeg 300w, https:\/\/www.carnicasiglesias.com\/wp-content\/uploads\/2024\/04\/WhatsApp-Image-2024-03-18-at-14.40.30-1-768x432.jpeg 768w, https:\/\/www.carnicasiglesias.com\/wp-content\/uploads\/2024\/04\/WhatsApp-Image-2024-03-18-at-14.40.30-1-1024x576.jpeg 1024w\" sizes=\"auto, (max-width: 767px) 89vw, (max-width: 1000px) 54vw, (max-width: 1071px) 543px, 580px\" \/><\/p>\n<p><img loading=\"lazy\" decoding=\"async\" class=\"alignnone size-full wp-image-3699\" src=\"https:\/\/www.carnicasiglesias.com\/wp-content\/uploads\/2024\/04\/WhatsApp-Image-2024-03-18-at-14.40.31-1.jpeg\" alt=\"\" width=\"2048\" height=\"1152\" srcset=\"https:\/\/www.carnicasiglesias.com\/wp-content\/uploads\/2024\/04\/WhatsApp-Image-2024-03-18-at-14.40.31-1.jpeg 2048w, https:\/\/www.carnicasiglesias.com\/wp-content\/uploads\/2024\/04\/WhatsApp-Image-2024-03-18-at-14.40.31-1-300x169.jpeg 300w, https:\/\/www.carnicasiglesias.com\/wp-content\/uploads\/2024\/04\/WhatsApp-Image-2024-03-18-at-14.40.31-1-768x432.jpeg 768w, https:\/\/www.carnicasiglesias.com\/wp-content\/uploads\/2024\/04\/WhatsApp-Image-2024-03-18-at-14.40.31-1-1024x576.jpeg 1024w\" sizes=\"auto, (max-width: 767px) 89vw, (max-width: 1000px) 54vw, (max-width: 1071px) 543px, 580px\" \/><\/p>\n<p><img loading=\"lazy\" decoding=\"async\" class=\"alignnone size-full wp-image-3695\" src=\"https:\/\/www.carnicasiglesias.com\/wp-content\/uploads\/2024\/04\/WhatsApp-Image-2024-03-18-at-14.40.31.jpeg\" alt=\"\" width=\"2048\" height=\"1152\" srcset=\"https:\/\/www.carnicasiglesias.com\/wp-content\/uploads\/2024\/04\/WhatsApp-Image-2024-03-18-at-14.40.31.jpeg 2048w, https:\/\/www.carnicasiglesias.com\/wp-content\/uploads\/2024\/04\/WhatsApp-Image-2024-03-18-at-14.40.31-300x169.jpeg 300w, https:\/\/www.carnicasiglesias.com\/wp-content\/uploads\/2024\/04\/WhatsApp-Image-2024-03-18-at-14.40.31-768x432.jpeg 768w, https:\/\/www.carnicasiglesias.com\/wp-content\/uploads\/2024\/04\/WhatsApp-Image-2024-03-18-at-14.40.31-1024x576.jpeg 1024w\" sizes=\"auto, (max-width: 767px) 89vw, (max-width: 1000px) 54vw, (max-width: 1071px) 543px, 580px\" \/><\/p>\n<p><img loading=\"lazy\" decoding=\"async\" class=\"alignnone size-full wp-image-3691\" src=\"https:\/\/www.carnicasiglesias.com\/wp-content\/uploads\/2024\/04\/WhatsApp-Image-2024-03-18-at-15.13.40-1.jpeg\" alt=\"\" width=\"2048\" height=\"1152\" srcset=\"https:\/\/www.carnicasiglesias.com\/wp-content\/uploads\/2024\/04\/WhatsApp-Image-2024-03-18-at-15.13.40-1.jpeg 2048w, https:\/\/www.carnicasiglesias.com\/wp-content\/uploads\/2024\/04\/WhatsApp-Image-2024-03-18-at-15.13.40-1-300x169.jpeg 300w, https:\/\/www.carnicasiglesias.com\/wp-content\/uploads\/2024\/04\/WhatsApp-Image-2024-03-18-at-15.13.40-1-768x432.jpeg 768w, https:\/\/www.carnicasiglesias.com\/wp-content\/uploads\/2024\/04\/WhatsApp-Image-2024-03-18-at-15.13.40-1-1024x576.jpeg 1024w\" sizes=\"auto, (max-width: 767px) 89vw, (max-width: 1000px) 54vw, (max-width: 1071px) 543px, 580px\" \/><\/p>\n<p><img loading=\"lazy\" decoding=\"async\" class=\"alignnone size-full wp-image-3687\" src=\"https:\/\/www.carnicasiglesias.com\/wp-content\/uploads\/2024\/04\/WhatsApp-Image-2024-03-18-at-15.13.50-2.jpeg\" alt=\"\" width=\"2048\" height=\"1152\" srcset=\"https:\/\/www.carnicasiglesias.com\/wp-content\/uploads\/2024\/04\/WhatsApp-Image-2024-03-18-at-15.13.50-2.jpeg 2048w, https:\/\/www.carnicasiglesias.com\/wp-content\/uploads\/2024\/04\/WhatsApp-Image-2024-03-18-at-15.13.50-2-300x169.jpeg 300w, https:\/\/www.carnicasiglesias.com\/wp-content\/uploads\/2024\/04\/WhatsApp-Image-2024-03-18-at-15.13.50-2-768x432.jpeg 768w, https:\/\/www.carnicasiglesias.com\/wp-content\/uploads\/2024\/04\/WhatsApp-Image-2024-03-18-at-15.13.50-2-1024x576.jpeg 1024w\" sizes=\"auto, (max-width: 767px) 89vw, (max-width: 1000px) 54vw, (max-width: 1071px) 543px, 580px\" \/><\/p>\n<p><img loading=\"lazy\" decoding=\"async\" class=\"alignnone size-full wp-image-3683\" src=\"https:\/\/www.carnicasiglesias.com\/wp-content\/uploads\/2024\/04\/WhatsApp-Image-2024-03-20-at-13.02.33-2.jpeg\" alt=\"\" width=\"1200\" height=\"1600\" srcset=\"https:\/\/www.carnicasiglesias.com\/wp-content\/uploads\/2024\/04\/WhatsApp-Image-2024-03-20-at-13.02.33-2.jpeg 1200w, https:\/\/www.carnicasiglesias.com\/wp-content\/uploads\/2024\/04\/WhatsApp-Image-2024-03-20-at-13.02.33-2-225x300.jpeg 225w, https:\/\/www.carnicasiglesias.com\/wp-content\/uploads\/2024\/04\/WhatsApp-Image-2024-03-20-at-13.02.33-2-768x1024.jpeg 768w\" sizes=\"auto, (max-width: 767px) 89vw, (max-width: 1000px) 54vw, (max-width: 1071px) 543px, 580px\" \/><\/p>\n<p><img loading=\"lazy\" decoding=\"async\" class=\"alignnone size-full wp-image-3675\" src=\"https:\/\/www.carnicasiglesias.com\/wp-content\/uploads\/2024\/04\/WhatsApp-Image-2024-03-20-at-15.56.51.jpeg\" alt=\"\" width=\"1536\" height=\"2048\" srcset=\"https:\/\/www.carnicasiglesias.com\/wp-content\/uploads\/2024\/04\/WhatsApp-Image-2024-03-20-at-15.56.51.jpeg 1536w, https:\/\/www.carnicasiglesias.com\/wp-content\/uploads\/2024\/04\/WhatsApp-Image-2024-03-20-at-15.56.51-225x300.jpeg 225w, https:\/\/www.carnicasiglesias.com\/wp-content\/uploads\/2024\/04\/WhatsApp-Image-2024-03-20-at-15.56.51-768x1024.jpeg 768w\" sizes=\"auto, (max-width: 767px) 89vw, (max-width: 1000px) 54vw, (max-width: 1071px) 543px, 580px\" \/><\/p>\n<p><img loading=\"lazy\" decoding=\"async\" class=\"alignnone size-full wp-image-3671\" src=\"https:\/\/www.carnicasiglesias.com\/wp-content\/uploads\/2024\/04\/WhatsApp-Image-2024-03-20-at-15.56.53-2.jpeg\" alt=\"\" width=\"1536\" height=\"2048\" srcset=\"https:\/\/www.carnicasiglesias.com\/wp-content\/uploads\/2024\/04\/WhatsApp-Image-2024-03-20-at-15.56.53-2.jpeg 1536w, https:\/\/www.carnicasiglesias.com\/wp-content\/uploads\/2024\/04\/WhatsApp-Image-2024-03-20-at-15.56.53-2-225x300.jpeg 225w, https:\/\/www.carnicasiglesias.com\/wp-content\/uploads\/2024\/04\/WhatsApp-Image-2024-03-20-at-15.56.53-2-768x1024.jpeg 768w\" sizes=\"auto, (max-width: 767px) 89vw, (max-width: 1000px) 54vw, (max-width: 1071px) 543px, 580px\" \/><\/p>\n<p><img loading=\"lazy\" decoding=\"async\" class=\"alignnone size-full wp-image-3667\" src=\"https:\/\/www.carnicasiglesias.com\/wp-content\/uploads\/2024\/04\/WhatsApp-Image-2024-03-20-at-16.17.05-2.jpeg\" alt=\"\" width=\"1536\" height=\"2048\" srcset=\"https:\/\/www.carnicasiglesias.com\/wp-content\/uploads\/2024\/04\/WhatsApp-Image-2024-03-20-at-16.17.05-2.jpeg 1536w, https:\/\/www.carnicasiglesias.com\/wp-content\/uploads\/2024\/04\/WhatsApp-Image-2024-03-20-at-16.17.05-2-225x300.jpeg 225w, https:\/\/www.carnicasiglesias.com\/wp-content\/uploads\/2024\/04\/WhatsApp-Image-2024-03-20-at-16.17.05-2-768x1024.jpeg 768w\" sizes=\"auto, (max-width: 767px) 89vw, (max-width: 1000px) 54vw, (max-width: 1071px) 543px, 580px\" \/><\/p>\n<p><img loading=\"lazy\" decoding=\"async\" class=\"alignnone size-full wp-image-3663\" src=\"https:\/\/www.carnicasiglesias.com\/wp-content\/uploads\/2024\/04\/WhatsApp-Image-2024-03-19-at-14.01.25.jpeg\" alt=\"\" width=\"2048\" height=\"1152\" srcset=\"https:\/\/www.carnicasiglesias.com\/wp-content\/uploads\/2024\/04\/WhatsApp-Image-2024-03-19-at-14.01.25.jpeg 2048w, https:\/\/www.carnicasiglesias.com\/wp-content\/uploads\/2024\/04\/WhatsApp-Image-2024-03-19-at-14.01.25-300x169.jpeg 300w, https:\/\/www.carnicasiglesias.com\/wp-content\/uploads\/2024\/04\/WhatsApp-Image-2024-03-19-at-14.01.25-768x432.jpeg 768w, https:\/\/www.carnicasiglesias.com\/wp-content\/uploads\/2024\/04\/WhatsApp-Image-2024-03-19-at-14.01.25-1024x576.jpeg 1024w\" sizes=\"auto, (max-width: 767px) 89vw, (max-width: 1000px) 54vw, (max-width: 1071px) 543px, 580px\" \/><\/p>\n","protected":false},"excerpt":{"rendered":"<p>Han sido unos d\u00edas intensos en los que hemos estado en el Pabell\u00f3n 3 de Intercarn en el stand 21 recibiendo y disfrutando con nuestros clientes actuales y conociendo a otros potenciales interesados en nuestros productos. Intercarn ha reunido la mejor producci\u00f3n espa\u00f1ola de productos c\u00e1rnicos y derivados y ha sido nuevamente el mayor sal\u00f3n &hellip; <\/p>\n<p class=\"link-more\"><a href=\"https:\/\/www.carnicasiglesias.com\/en\/noticias\/carnicas-iglesias-presente-en-la-alimentaria-de-barcelona-del-18-21-marzo-2024\/\" class=\"more-link\">Continue reading<span class=\"screen-reader-text\"> &#8220;C\u00c1RNICAS IGLESIAS PRESENTE EN LA ALIMENTARIA DE BARCELONA DEL 18-21 MARZO 2024&#8221;<\/span><\/a><\/p>\n","protected":false},"author":1,"featured_media":3679,"comment_status":"open","ping_status":"open","sticky":false,"template":"","format":"standard","meta":{"_acf_changed":false,"footnotes":""},"categories":[9],"tags":[],"class_list":["post-3662","post","type-post","status-publish","format-standard","has-post-thumbnail","hentry","category-noticias"],"acf":[],"yoast_head":"<!-- This site is optimized with the Yoast SEO plugin v24.8.1 - https:\/\/yoast.com\/wordpress\/plugins\/seo\/ -->\n<title>C\u00c1RNICAS IGLESIAS PRESENTE EN LA ALIMENTARIA DE BARCELONA DEL 18-21 MARZO 2024 | C\u00e1rnicas Iglesias<\/title>\n<meta name=\"description\" content=\"P\u00e1gina de C\u00c1RNICAS IGLESIAS PRESENTE EN LA ALIMENTARIA DE BARCELONA DEL 18-21 MARZO 2024 en la cual se encuentra la ficha del producto.\" \/>\n<meta name=\"robots\" content=\"index, follow, max-snippet:-1, max-image-preview:large, max-video-preview:-1\" \/>\n<link rel=\"canonical\" href=\"https:\/\/www.carnicasiglesias.com\/zh-hant\/\u65b0\u805e\/carnicas-iglesias-presente-en-la-alimentaria-de-barcelona-del-18-21-marzo-2024\/\" \/>\n<meta property=\"og:locale\" content=\"en_US\" \/>\n<meta property=\"og:type\" content=\"article\" \/>\n<meta property=\"og:title\" content=\"C\u00c1RNICAS IGLESIAS PRESENTE EN LA ALIMENTARIA DE BARCELONA DEL 18-21 MARZO 2024 | C\u00e1rnicas Iglesias\" \/>\n<meta property=\"og:description\" content=\"P\u00e1gina de C\u00c1RNICAS IGLESIAS PRESENTE EN LA ALIMENTARIA DE BARCELONA DEL 18-21 MARZO 2024 en la cual se encuentra la ficha del producto.\" \/>\n<meta property=\"og:url\" content=\"https:\/\/www.carnicasiglesias.com\/zh-hant\/\u65b0\u805e\/carnicas-iglesias-presente-en-la-alimentaria-de-barcelona-del-18-21-marzo-2024\/\" \/>\n<meta property=\"og:site_name\" content=\"C\u00e1rnicas Iglesias\" \/>\n<meta property=\"article:published_time\" content=\"2024-04-04T09:44:22+00:00\" \/>\n<meta property=\"article:modified_time\" content=\"2024-04-04T09:45:55+00:00\" \/>\n<meta property=\"og:image\" content=\"https:\/\/www.carnicasiglesias.com\/wp-content\/uploads\/2024\/04\/WhatsApp-Image-2024-03-20-at-15.01.50.jpeg\" \/>\n\t<meta property=\"og:image:width\" content=\"1971\" \/>\n\t<meta property=\"og:image:height\" content=\"2048\" \/>\n\t<meta property=\"og:image:type\" content=\"image\/jpeg\" \/>\n<meta name=\"author\" content=\"wcarigle\" \/>\n<meta name=\"twitter:card\" content=\"summary_large_image\" \/>\n<meta name=\"twitter:label1\" content=\"Written by\" \/>\n\t<meta name=\"twitter:data1\" content=\"wcarigle\" \/>\n\t<meta name=\"twitter:label2\" content=\"Est. reading time\" \/>\n\t<meta name=\"twitter:data2\" content=\"1 minute\" \/>\n<script type=\"application\/ld+json\" class=\"yoast-schema-graph\">{\"@context\":\"https:\/\/schema.org\",\"@graph\":[{\"@type\":\"WebPage\",\"@id\":\"https:\/\/www.carnicasiglesias.com\/zh-hant\/%e6%96%b0%e8%81%9e\/carnicas-iglesias-presente-en-la-alimentaria-de-barcelona-del-18-21-marzo-2024\/\",\"url\":\"https:\/\/www.carnicasiglesias.com\/zh-hant\/%e6%96%b0%e8%81%9e\/carnicas-iglesias-presente-en-la-alimentaria-de-barcelona-del-18-21-marzo-2024\/\",\"name\":\"C\u00c1RNICAS IGLESIAS PRESENTE EN LA ALIMENTARIA DE BARCELONA DEL 18-21 MARZO 2024 | C\u00e1rnicas Iglesias\",\"isPartOf\":{\"@id\":\"https:\/\/www.carnicasiglesias.com\/#website\"},\"primaryImageOfPage\":{\"@id\":\"https:\/\/www.carnicasiglesias.com\/zh-hant\/%e6%96%b0%e8%81%9e\/carnicas-iglesias-presente-en-la-alimentaria-de-barcelona-del-18-21-marzo-2024\/#primaryimage\"},\"image\":{\"@id\":\"https:\/\/www.carnicasiglesias.com\/zh-hant\/%e6%96%b0%e8%81%9e\/carnicas-iglesias-presente-en-la-alimentaria-de-barcelona-del-18-21-marzo-2024\/#primaryimage\"},\"thumbnailUrl\":\"https:\/\/www.carnicasiglesias.com\/wp-content\/uploads\/2024\/04\/WhatsApp-Image-2024-03-20-at-15.01.50.jpeg\",\"datePublished\":\"2024-04-04T09:44:22+00:00\",\"dateModified\":\"2024-04-04T09:45:55+00:00\",\"author\":{\"@id\":\"https:\/\/www.carnicasiglesias.com\/#\/schema\/person\/aaaf7d4dc5dc4bbfeb2f346eb04801eb\"},\"description\":\"P\u00e1gina de C\u00c1RNICAS IGLESIAS PRESENTE EN LA ALIMENTARIA DE BARCELONA DEL 18-21 MARZO 2024 en la cual se encuentra la ficha del producto.\",\"breadcrumb\":{\"@id\":\"https:\/\/www.carnicasiglesias.com\/zh-hant\/%e6%96%b0%e8%81%9e\/carnicas-iglesias-presente-en-la-alimentaria-de-barcelona-del-18-21-marzo-2024\/#breadcrumb\"},\"inLanguage\":\"en-US\",\"potentialAction\":[{\"@type\":\"ReadAction\",\"target\":[\"https:\/\/www.carnicasiglesias.com\/zh-hant\/%e6%96%b0%e8%81%9e\/carnicas-iglesias-presente-en-la-alimentaria-de-barcelona-del-18-21-marzo-2024\/\"]}]},{\"@type\":\"ImageObject\",\"inLanguage\":\"en-US\",\"@id\":\"https:\/\/www.carnicasiglesias.com\/zh-hant\/%e6%96%b0%e8%81%9e\/carnicas-iglesias-presente-en-la-alimentaria-de-barcelona-del-18-21-marzo-2024\/#primaryimage\",\"url\":\"https:\/\/www.carnicasiglesias.com\/wp-content\/uploads\/2024\/04\/WhatsApp-Image-2024-03-20-at-15.01.50.jpeg\",\"contentUrl\":\"https:\/\/www.carnicasiglesias.com\/wp-content\/uploads\/2024\/04\/WhatsApp-Image-2024-03-20-at-15.01.50.jpeg\",\"width\":1971,\"height\":2048},{\"@type\":\"BreadcrumbList\",\"@id\":\"https:\/\/www.carnicasiglesias.com\/zh-hant\/%e6%96%b0%e8%81%9e\/carnicas-iglesias-presente-en-la-alimentaria-de-barcelona-del-18-21-marzo-2024\/#breadcrumb\",\"itemListElement\":[{\"@type\":\"ListItem\",\"position\":1,\"name\":\"Portada\",\"item\":\"https:\/\/www.carnicasiglesias.com\/en\/\"},{\"@type\":\"ListItem\",\"position\":2,\"name\":\"C\u00c1RNICAS IGLESIAS PRESENTE EN LA ALIMENTARIA DE BARCELONA DEL 18-21 MARZO 2024\"}]},{\"@type\":\"WebSite\",\"@id\":\"https:\/\/www.carnicasiglesias.com\/#website\",\"url\":\"https:\/\/www.carnicasiglesias.com\/\",\"name\":\"C\u00e1rnicas Iglesias\",\"description\":\"P\u00e1gina web de C\u00e1rnicas Iglesias\",\"potentialAction\":[{\"@type\":\"SearchAction\",\"target\":{\"@type\":\"EntryPoint\",\"urlTemplate\":\"https:\/\/www.carnicasiglesias.com\/?s={search_term_string}\"},\"query-input\":{\"@type\":\"PropertyValueSpecification\",\"valueRequired\":true,\"valueName\":\"search_term_string\"}}],\"inLanguage\":\"en-US\"},{\"@type\":\"Person\",\"@id\":\"https:\/\/www.carnicasiglesias.com\/#\/schema\/person\/aaaf7d4dc5dc4bbfeb2f346eb04801eb\",\"name\":\"wcarigle\",\"image\":{\"@type\":\"ImageObject\",\"inLanguage\":\"en-US\",\"@id\":\"https:\/\/www.carnicasiglesias.com\/#\/schema\/person\/image\/\",\"url\":\"https:\/\/secure.gravatar.com\/avatar\/c508261c9bb726f239f6caae30854a8c?s=96&d=mm&r=g\",\"contentUrl\":\"https:\/\/secure.gravatar.com\/avatar\/c508261c9bb726f239f6caae30854a8c?s=96&d=mm&r=g\",\"caption\":\"wcarigle\"}}]}<\/script>\n<!-- \/ Yoast SEO plugin. -->","yoast_head_json":{"title":"C\u00c1RNICAS IGLESIAS PRESENTE EN LA ALIMENTARIA DE BARCELONA DEL 18-21 MARZO 2024 | C\u00e1rnicas Iglesias","description":"P\u00e1gina de C\u00c1RNICAS IGLESIAS PRESENTE EN LA ALIMENTARIA DE BARCELONA DEL 18-21 MARZO 2024 en la cual se encuentra la ficha del producto.","robots":{"index":"index","follow":"follow","max-snippet":"max-snippet:-1","max-image-preview":"max-image-preview:large","max-video-preview":"max-video-preview:-1"},"canonical":"https:\/\/www.carnicasiglesias.com\/zh-hant\/\u65b0\u805e\/carnicas-iglesias-presente-en-la-alimentaria-de-barcelona-del-18-21-marzo-2024\/","og_locale":"en_US","og_type":"article","og_title":"C\u00c1RNICAS IGLESIAS PRESENTE EN LA ALIMENTARIA DE BARCELONA DEL 18-21 MARZO 2024 | C\u00e1rnicas Iglesias","og_description":"P\u00e1gina de C\u00c1RNICAS IGLESIAS PRESENTE EN LA ALIMENTARIA DE BARCELONA DEL 18-21 MARZO 2024 en la cual se encuentra la ficha del producto.","og_url":"https:\/\/www.carnicasiglesias.com\/zh-hant\/\u65b0\u805e\/carnicas-iglesias-presente-en-la-alimentaria-de-barcelona-del-18-21-marzo-2024\/","og_site_name":"C\u00e1rnicas Iglesias","article_published_time":"2024-04-04T09:44:22+00:00","article_modified_time":"2024-04-04T09:45:55+00:00","og_image":[{"width":1971,"height":2048,"url":"https:\/\/www.carnicasiglesias.com\/wp-content\/uploads\/2024\/04\/WhatsApp-Image-2024-03-20-at-15.01.50.jpeg","type":"image\/jpeg"}],"author":"wcarigle","twitter_card":"summary_large_image","twitter_misc":{"Written by":"wcarigle","Est. reading time":"1 minute"},"schema":{"@context":"https:\/\/schema.org","@graph":[{"@type":"WebPage","@id":"https:\/\/www.carnicasiglesias.com\/zh-hant\/%e6%96%b0%e8%81%9e\/carnicas-iglesias-presente-en-la-alimentaria-de-barcelona-del-18-21-marzo-2024\/","url":"https:\/\/www.carnicasiglesias.com\/zh-hant\/%e6%96%b0%e8%81%9e\/carnicas-iglesias-presente-en-la-alimentaria-de-barcelona-del-18-21-marzo-2024\/","name":"C\u00c1RNICAS IGLESIAS PRESENTE EN LA ALIMENTARIA DE BARCELONA DEL 18-21 MARZO 2024 | C\u00e1rnicas Iglesias","isPartOf":{"@id":"https:\/\/www.carnicasiglesias.com\/#website"},"primaryImageOfPage":{"@id":"https:\/\/www.carnicasiglesias.com\/zh-hant\/%e6%96%b0%e8%81%9e\/carnicas-iglesias-presente-en-la-alimentaria-de-barcelona-del-18-21-marzo-2024\/#primaryimage"},"image":{"@id":"https:\/\/www.carnicasiglesias.com\/zh-hant\/%e6%96%b0%e8%81%9e\/carnicas-iglesias-presente-en-la-alimentaria-de-barcelona-del-18-21-marzo-2024\/#primaryimage"},"thumbnailUrl":"https:\/\/www.carnicasiglesias.com\/wp-content\/uploads\/2024\/04\/WhatsApp-Image-2024-03-20-at-15.01.50.jpeg","datePublished":"2024-04-04T09:44:22+00:00","dateModified":"2024-04-04T09:45:55+00:00","author":{"@id":"https:\/\/www.carnicasiglesias.com\/#\/schema\/person\/aaaf7d4dc5dc4bbfeb2f346eb04801eb"},"description":"P\u00e1gina de C\u00c1RNICAS IGLESIAS PRESENTE EN LA ALIMENTARIA DE BARCELONA DEL 18-21 MARZO 2024 en la cual se encuentra la ficha del producto.","breadcrumb":{"@id":"https:\/\/www.carnicasiglesias.com\/zh-hant\/%e6%96%b0%e8%81%9e\/carnicas-iglesias-presente-en-la-alimentaria-de-barcelona-del-18-21-marzo-2024\/#breadcrumb"},"inLanguage":"en-US","potentialAction":[{"@type":"ReadAction","target":["https:\/\/www.carnicasiglesias.com\/zh-hant\/%e6%96%b0%e8%81%9e\/carnicas-iglesias-presente-en-la-alimentaria-de-barcelona-del-18-21-marzo-2024\/"]}]},{"@type":"ImageObject","inLanguage":"en-US","@id":"https:\/\/www.carnicasiglesias.com\/zh-hant\/%e6%96%b0%e8%81%9e\/carnicas-iglesias-presente-en-la-alimentaria-de-barcelona-del-18-21-marzo-2024\/#primaryimage","url":"https:\/\/www.carnicasiglesias.com\/wp-content\/uploads\/2024\/04\/WhatsApp-Image-2024-03-20-at-15.01.50.jpeg","contentUrl":"https:\/\/www.carnicasiglesias.com\/wp-content\/uploads\/2024\/04\/WhatsApp-Image-2024-03-20-at-15.01.50.jpeg","width":1971,"height":2048},{"@type":"BreadcrumbList","@id":"https:\/\/www.carnicasiglesias.com\/zh-hant\/%e6%96%b0%e8%81%9e\/carnicas-iglesias-presente-en-la-alimentaria-de-barcelona-del-18-21-marzo-2024\/#breadcrumb","itemListElement":[{"@type":"ListItem","position":1,"name":"Portada","item":"https:\/\/www.carnicasiglesias.com\/en\/"},{"@type":"ListItem","position":2,"name":"C\u00c1RNICAS IGLESIAS PRESENTE EN LA ALIMENTARIA DE BARCELONA DEL 18-21 MARZO 2024"}]},{"@type":"WebSite","@id":"https:\/\/www.carnicasiglesias.com\/#website","url":"https:\/\/www.carnicasiglesias.com\/","name":"C\u00e1rnicas Iglesias","description":"P\u00e1gina web de C\u00e1rnicas Iglesias","potentialAction":[{"@type":"SearchAction","target":{"@type":"EntryPoint","urlTemplate":"https:\/\/www.carnicasiglesias.com\/?s={search_term_string}"},"query-input":{"@type":"PropertyValueSpecification","valueRequired":true,"valueName":"search_term_string"}}],"inLanguage":"en-US"},{"@type":"Person","@id":"https:\/\/www.carnicasiglesias.com\/#\/schema\/person\/aaaf7d4dc5dc4bbfeb2f346eb04801eb","name":"wcarigle","image":{"@type":"ImageObject","inLanguage":"en-US","@id":"https:\/\/www.carnicasiglesias.com\/#\/schema\/person\/image\/","url":"https:\/\/secure.gravatar.com\/avatar\/c508261c9bb726f239f6caae30854a8c?s=96&d=mm&r=g","contentUrl":"https:\/\/secure.gravatar.com\/avatar\/c508261c9bb726f239f6caae30854a8c?s=96&d=mm&r=g","caption":"wcarigle"}}]}},"_links":{"self":[{"href":"https:\/\/www.carnicasiglesias.com\/en\/wp-json\/wp\/v2\/posts\/3662","targetHints":{"allow":["GET"]}}],"collection":[{"href":"https:\/\/www.carnicasiglesias.com\/en\/wp-json\/wp\/v2\/posts"}],"about":[{"href":"https:\/\/www.carnicasiglesias.com\/en\/wp-json\/wp\/v2\/types\/post"}],"author":[{"embeddable":true,"href":"https:\/\/www.carnicasiglesias.com\/en\/wp-json\/wp\/v2\/users\/1"}],"replies":[{"embeddable":true,"href":"https:\/\/www.carnicasiglesias.com\/en\/wp-json\/wp\/v2\/comments?post=3662"}],"version-history":[{"count":2,"href":"https:\/\/www.carnicasiglesias.com\/en\/wp-json\/wp\/v2\/posts\/3662\/revisions"}],"predecessor-version":[{"id":3708,"href":"https:\/\/www.carnicasiglesias.com\/en\/wp-json\/wp\/v2\/posts\/3662\/revisions\/3708"}],"wp:featuredmedia":[{"embeddable":true,"href":"https:\/\/www.carnicasiglesias.com\/en\/wp-json\/wp\/v2\/media\/3679"}],"wp:attachment":[{"href":"https:\/\/www.carnicasiglesias.com\/en\/wp-json\/wp\/v2\/media?parent=3662"}],"wp:term":[{"taxonomy":"category","embeddable":true,"href":"https:\/\/www.carnicasiglesias.com\/en\/wp-json\/wp\/v2\/categories?post=3662"},{"taxonomy":"post_tag","embeddable":true,"href":"https:\/\/www.carnicasiglesias.com\/en\/wp-json\/wp\/v2\/tags?post=3662"}],"curies":[{"name":"wp","href":"https:\/\/api.w.org\/{rel}","templated":true}]}}