{"id":4237,"date":"2025-01-24T12:55:04","date_gmt":"2025-01-24T11:55:04","guid":{"rendered":"https:\/\/www.carnicasiglesias.com\/?p=4237"},"modified":"2025-01-24T13:16:52","modified_gmt":"2025-01-24T12:16:52","slug":"carnicas-iglesias-lleva-de-nuevo-el-emprendimiento-a-los-alumnos-de-los-colegios-calasanz-y-esclavas-de-salamanca","status":"publish","type":"post","link":"https:\/\/www.carnicasiglesias.com\/en\/noticias\/carnicas-iglesias-lleva-de-nuevo-el-emprendimiento-a-los-alumnos-de-los-colegios-calasanz-y-esclavas-de-salamanca\/","title":{"rendered":"C\u00c1RNICAS IGLESIAS LLEVA DE NUEVO EL EMPRENDIMIENTO A LOS ALUMNOS DE LOS COLEGIOS CALASANZ Y ESCLAVAS DE SALAMANCA"},"content":{"rendered":"<p style=\"font-weight: 400;\">C\u00e1rnicas Iglesias acogi\u00f3 este mes (el martes 21 y el jueves 24) dos nuevas sesiones del programa Empresa Familiar en las aulas, impulsado por la Asociaci\u00f3n Empresa Familiar de Castilla y Le\u00f3n (EFCL) con la colaboraci\u00f3n de la Consejer\u00eda de Educaci\u00f3n, donde los alumnos de 6\u00ba de primaria del Colegio Calasanz\u00a0 y de 3\u00ba de la ESO de las Esclavas en Salamanca, recibieron una charla impartida por Francisco Iglesias Gil, directivo de la empresa familiar salmantina C\u00e1rnicas Iglesias.<\/p>\n<p style=\"font-weight: 400;\">Francisco Iglesias explic\u00f3 c\u00f3mo la empresa fue fundada en 1928 por su bisabuelo Francisco Iglesias Escribano, comenzando con una peque\u00f1a tienda en la Plaza del Mercado en el centro de la ciudad y como hasta a d\u00eda de hoy, la Empresa cuenta con dos plantas de producci\u00f3n y un matadero en la provincia de Salamanca.<\/p>\n<p style=\"font-weight: 400;\">A d\u00eda de hoy, la empresa genera m\u00e1s de 100 puestos de trabajo directos.<\/p>\n<p style=\"font-weight: 400;\">El empresario traslad\u00f3 la importancia de valores como el emprendimiento, el esfuerzo, el compromiso y el arraigo a trav\u00e9s del ejemplo de la larga trayectoria de la empresa de su familia.<\/p>\n<p style=\"font-weight: 400;\">Como continuaci\u00f3n del programa y para completar la actividad, los alumnos de ambos Colegios podr\u00e1n visitar la f\u00e1brica de C\u00e1rnicas Iglesias en Mor\u00ed\u00f1igo, donde podr\u00e1n conocer en persona la forma de trabajo de esta empresa.<\/p>\n<p><img loading=\"lazy\" decoding=\"async\" class=\"alignnone  wp-image-4288\" src=\"https:\/\/www.carnicasiglesias.com\/wp-content\/uploads\/2025\/01\/2-4.jpeg\" alt=\"\" width=\"1213\" height=\"910\" srcset=\"https:\/\/www.carnicasiglesias.com\/wp-content\/uploads\/2025\/01\/2-4.jpeg 1600w, https:\/\/www.carnicasiglesias.com\/wp-content\/uploads\/2025\/01\/2-4-300x225.jpeg 300w, https:\/\/www.carnicasiglesias.com\/wp-content\/uploads\/2025\/01\/2-4-1024x768.jpeg 1024w, https:\/\/www.carnicasiglesias.com\/wp-content\/uploads\/2025\/01\/2-4-768x576.jpeg 768w, https:\/\/www.carnicasiglesias.com\/wp-content\/uploads\/2025\/01\/2-4-1536x1152.jpeg 1536w\" sizes=\"auto, (max-width: 767px) 89vw, (max-width: 1000px) 54vw, (max-width: 1071px) 543px, 580px\" \/><\/p>\n<p>\u00a0<\/p>\n<p><img loading=\"lazy\" decoding=\"async\" class=\"alignnone  wp-image-4292\" src=\"https:\/\/www.carnicasiglesias.com\/wp-content\/uploads\/2025\/01\/4-2.jpeg\" alt=\"\" width=\"1179\" height=\"884\" srcset=\"https:\/\/www.carnicasiglesias.com\/wp-content\/uploads\/2025\/01\/4-2.jpeg 1600w, https:\/\/www.carnicasiglesias.com\/wp-content\/uploads\/2025\/01\/4-2-300x225.jpeg 300w, https:\/\/www.carnicasiglesias.com\/wp-content\/uploads\/2025\/01\/4-2-1024x768.jpeg 1024w, https:\/\/www.carnicasiglesias.com\/wp-content\/uploads\/2025\/01\/4-2-768x576.jpeg 768w, https:\/\/www.carnicasiglesias.com\/wp-content\/uploads\/2025\/01\/4-2-1536x1152.jpeg 1536w\" sizes=\"auto, (max-width: 767px) 89vw, (max-width: 1000px) 54vw, (max-width: 1071px) 543px, 580px\" \/><\/p>\n<p>\u00a0<\/p>\n<p><img loading=\"lazy\" decoding=\"async\" class=\"alignnone  wp-image-4292\" src=\"https:\/\/www.carnicasiglesias.com\/wp-content\/uploads\/2025\/01\/6-2.jpeg\" alt=\"\" width=\"1251\" height=\"938\" \/><\/p>\n<p>\u00a0<\/p>\n<p><img loading=\"lazy\" decoding=\"async\" class=\"alignnone  wp-image-4292\" src=\"https:\/\/www.carnicasiglesias.com\/wp-content\/uploads\/2025\/01\/8-2.jpeg\" alt=\"\" width=\"1208\" height=\"1611\" \/><\/p>\n\n\n<p><\/p>\n","protected":false},"excerpt":{"rendered":"<p>C\u00e1rnicas Iglesias acogi\u00f3 este mes (el martes 21 y el jueves 24) dos nuevas sesiones del programa Empresa Familiar en las aulas, impulsado por la Asociaci\u00f3n Empresa Familiar de Castilla y Le\u00f3n (EFCL) con la colaboraci\u00f3n de la Consejer\u00eda de Educaci\u00f3n, donde los alumnos de 6\u00ba de primaria del Colegio Calasanz\u00a0 y de 3\u00ba de &hellip; <\/p>\n<p class=\"link-more\"><a href=\"https:\/\/www.carnicasiglesias.com\/en\/noticias\/carnicas-iglesias-lleva-de-nuevo-el-emprendimiento-a-los-alumnos-de-los-colegios-calasanz-y-esclavas-de-salamanca\/\" class=\"more-link\">Continue reading<span class=\"screen-reader-text\"> &#8220;C\u00c1RNICAS IGLESIAS LLEVA DE NUEVO EL EMPRENDIMIENTO A LOS ALUMNOS DE LOS COLEGIOS CALASANZ Y ESCLAVAS DE SALAMANCA&#8221;<\/span><\/a><\/p>\n","protected":false},"author":1,"featured_media":4238,"comment_status":"open","ping_status":"open","sticky":false,"template":"","format":"standard","meta":{"_acf_changed":false,"footnotes":""},"categories":[9],"tags":[],"class_list":["post-4237","post","type-post","status-publish","format-standard","has-post-thumbnail","hentry","category-noticias"],"acf":[],"yoast_head":"<!-- This site is optimized with the Yoast SEO plugin v24.8.1 - https:\/\/yoast.com\/wordpress\/plugins\/seo\/ -->\n<title>C\u00c1RNICAS IGLESIAS LLEVA DE NUEVO EL EMPRENDIMIENTO A LOS ALUMNOS DE LOS COLEGIOS CALASANZ Y ESCLAVAS DE SALAMANCA | C\u00e1rnicas Iglesias<\/title>\n<meta name=\"description\" content=\"P\u00e1gina de C\u00c1RNICAS IGLESIAS LLEVA DE NUEVO EL EMPRENDIMIENTO A LOS ALUMNOS DE LOS COLEGIOS CALASANZ Y ESCLAVAS DE SALAMANCA en la cual se encuentra la ficha del producto.\" \/>\n<meta name=\"robots\" content=\"index, follow, max-snippet:-1, max-image-preview:large, max-video-preview:-1\" \/>\n<link rel=\"canonical\" href=\"https:\/\/www.carnicasiglesias.com\/noticias\/carnicas-iglesias-lleva-de-nuevo-el-emprendimiento-a-los-alumnos-de-los-colegios-calasanz-y-esclavas-de-salamanca\/\" \/>\n<meta property=\"og:locale\" content=\"en_US\" \/>\n<meta property=\"og:type\" content=\"article\" \/>\n<meta property=\"og:title\" content=\"C\u00c1RNICAS IGLESIAS LLEVA DE NUEVO EL EMPRENDIMIENTO A LOS ALUMNOS DE LOS COLEGIOS CALASANZ Y ESCLAVAS DE SALAMANCA | C\u00e1rnicas Iglesias\" \/>\n<meta property=\"og:description\" content=\"P\u00e1gina de C\u00c1RNICAS IGLESIAS LLEVA DE NUEVO EL EMPRENDIMIENTO A LOS ALUMNOS DE LOS COLEGIOS CALASANZ Y ESCLAVAS DE SALAMANCA en la cual se encuentra la ficha del producto.\" \/>\n<meta property=\"og:url\" content=\"https:\/\/www.carnicasiglesias.com\/noticias\/carnicas-iglesias-lleva-de-nuevo-el-emprendimiento-a-los-alumnos-de-los-colegios-calasanz-y-esclavas-de-salamanca\/\" \/>\n<meta property=\"og:site_name\" content=\"C\u00e1rnicas Iglesias\" \/>\n<meta property=\"article:published_time\" content=\"2025-01-24T11:55:04+00:00\" \/>\n<meta property=\"article:modified_time\" content=\"2025-01-24T12:16:52+00:00\" \/>\n<meta property=\"og:image\" content=\"https:\/\/www.carnicasiglesias.com\/wp-content\/uploads\/2025\/01\/2.jpeg\" \/>\n\t<meta property=\"og:image:width\" content=\"1600\" \/>\n\t<meta property=\"og:image:height\" content=\"1200\" \/>\n\t<meta property=\"og:image:type\" content=\"image\/jpeg\" \/>\n<meta name=\"author\" content=\"wcarigle\" \/>\n<meta name=\"twitter:card\" content=\"summary_large_image\" \/>\n<meta name=\"twitter:label1\" content=\"Written by\" \/>\n\t<meta name=\"twitter:data1\" content=\"wcarigle\" \/>\n\t<meta name=\"twitter:label2\" content=\"Est. reading time\" \/>\n\t<meta name=\"twitter:data2\" content=\"2 minutes\" \/>\n<script type=\"application\/ld+json\" class=\"yoast-schema-graph\">{\"@context\":\"https:\/\/schema.org\",\"@graph\":[{\"@type\":\"WebPage\",\"@id\":\"https:\/\/www.carnicasiglesias.com\/noticias\/carnicas-iglesias-lleva-de-nuevo-el-emprendimiento-a-los-alumnos-de-los-colegios-calasanz-y-esclavas-de-salamanca\/\",\"url\":\"https:\/\/www.carnicasiglesias.com\/noticias\/carnicas-iglesias-lleva-de-nuevo-el-emprendimiento-a-los-alumnos-de-los-colegios-calasanz-y-esclavas-de-salamanca\/\",\"name\":\"C\u00c1RNICAS IGLESIAS LLEVA DE NUEVO EL EMPRENDIMIENTO A LOS ALUMNOS DE LOS COLEGIOS CALASANZ Y ESCLAVAS DE SALAMANCA | C\u00e1rnicas Iglesias\",\"isPartOf\":{\"@id\":\"https:\/\/www.carnicasiglesias.com\/#website\"},\"primaryImageOfPage\":{\"@id\":\"https:\/\/www.carnicasiglesias.com\/noticias\/carnicas-iglesias-lleva-de-nuevo-el-emprendimiento-a-los-alumnos-de-los-colegios-calasanz-y-esclavas-de-salamanca\/#primaryimage\"},\"image\":{\"@id\":\"https:\/\/www.carnicasiglesias.com\/noticias\/carnicas-iglesias-lleva-de-nuevo-el-emprendimiento-a-los-alumnos-de-los-colegios-calasanz-y-esclavas-de-salamanca\/#primaryimage\"},\"thumbnailUrl\":\"https:\/\/www.carnicasiglesias.com\/wp-content\/uploads\/2025\/01\/2.jpeg\",\"datePublished\":\"2025-01-24T11:55:04+00:00\",\"dateModified\":\"2025-01-24T12:16:52+00:00\",\"author\":{\"@id\":\"https:\/\/www.carnicasiglesias.com\/#\/schema\/person\/aaaf7d4dc5dc4bbfeb2f346eb04801eb\"},\"description\":\"P\u00e1gina de C\u00c1RNICAS IGLESIAS LLEVA DE NUEVO EL EMPRENDIMIENTO A LOS ALUMNOS DE LOS COLEGIOS CALASANZ Y ESCLAVAS DE SALAMANCA en la cual se encuentra la ficha del producto.\",\"breadcrumb\":{\"@id\":\"https:\/\/www.carnicasiglesias.com\/noticias\/carnicas-iglesias-lleva-de-nuevo-el-emprendimiento-a-los-alumnos-de-los-colegios-calasanz-y-esclavas-de-salamanca\/#breadcrumb\"},\"inLanguage\":\"en-US\",\"potentialAction\":[{\"@type\":\"ReadAction\",\"target\":[\"https:\/\/www.carnicasiglesias.com\/noticias\/carnicas-iglesias-lleva-de-nuevo-el-emprendimiento-a-los-alumnos-de-los-colegios-calasanz-y-esclavas-de-salamanca\/\"]}]},{\"@type\":\"ImageObject\",\"inLanguage\":\"en-US\",\"@id\":\"https:\/\/www.carnicasiglesias.com\/noticias\/carnicas-iglesias-lleva-de-nuevo-el-emprendimiento-a-los-alumnos-de-los-colegios-calasanz-y-esclavas-de-salamanca\/#primaryimage\",\"url\":\"https:\/\/www.carnicasiglesias.com\/wp-content\/uploads\/2025\/01\/2.jpeg\",\"contentUrl\":\"https:\/\/www.carnicasiglesias.com\/wp-content\/uploads\/2025\/01\/2.jpeg\",\"width\":1600,\"height\":1200},{\"@type\":\"BreadcrumbList\",\"@id\":\"https:\/\/www.carnicasiglesias.com\/noticias\/carnicas-iglesias-lleva-de-nuevo-el-emprendimiento-a-los-alumnos-de-los-colegios-calasanz-y-esclavas-de-salamanca\/#breadcrumb\",\"itemListElement\":[{\"@type\":\"ListItem\",\"position\":1,\"name\":\"Portada\",\"item\":\"https:\/\/www.carnicasiglesias.com\/en\/\"},{\"@type\":\"ListItem\",\"position\":2,\"name\":\"C\u00c1RNICAS IGLESIAS LLEVA DE NUEVO EL EMPRENDIMIENTO A LOS ALUMNOS DE LOS COLEGIOS CALASANZ Y ESCLAVAS DE SALAMANCA\"}]},{\"@type\":\"WebSite\",\"@id\":\"https:\/\/www.carnicasiglesias.com\/#website\",\"url\":\"https:\/\/www.carnicasiglesias.com\/\",\"name\":\"C\u00e1rnicas Iglesias\",\"description\":\"P\u00e1gina web de C\u00e1rnicas Iglesias\",\"potentialAction\":[{\"@type\":\"SearchAction\",\"target\":{\"@type\":\"EntryPoint\",\"urlTemplate\":\"https:\/\/www.carnicasiglesias.com\/?s={search_term_string}\"},\"query-input\":{\"@type\":\"PropertyValueSpecification\",\"valueRequired\":true,\"valueName\":\"search_term_string\"}}],\"inLanguage\":\"en-US\"},{\"@type\":\"Person\",\"@id\":\"https:\/\/www.carnicasiglesias.com\/#\/schema\/person\/aaaf7d4dc5dc4bbfeb2f346eb04801eb\",\"name\":\"wcarigle\",\"image\":{\"@type\":\"ImageObject\",\"inLanguage\":\"en-US\",\"@id\":\"https:\/\/www.carnicasiglesias.com\/#\/schema\/person\/image\/\",\"url\":\"https:\/\/secure.gravatar.com\/avatar\/c508261c9bb726f239f6caae30854a8c?s=96&d=mm&r=g\",\"contentUrl\":\"https:\/\/secure.gravatar.com\/avatar\/c508261c9bb726f239f6caae30854a8c?s=96&d=mm&r=g\",\"caption\":\"wcarigle\"}}]}<\/script>\n<!-- \/ Yoast SEO plugin. -->","yoast_head_json":{"title":"C\u00c1RNICAS IGLESIAS LLEVA DE NUEVO EL EMPRENDIMIENTO A LOS ALUMNOS DE LOS COLEGIOS CALASANZ Y ESCLAVAS DE SALAMANCA | C\u00e1rnicas Iglesias","description":"P\u00e1gina de C\u00c1RNICAS IGLESIAS LLEVA DE NUEVO EL EMPRENDIMIENTO A LOS ALUMNOS DE LOS COLEGIOS CALASANZ Y ESCLAVAS DE SALAMANCA en la cual se encuentra la ficha del producto.","robots":{"index":"index","follow":"follow","max-snippet":"max-snippet:-1","max-image-preview":"max-image-preview:large","max-video-preview":"max-video-preview:-1"},"canonical":"https:\/\/www.carnicasiglesias.com\/noticias\/carnicas-iglesias-lleva-de-nuevo-el-emprendimiento-a-los-alumnos-de-los-colegios-calasanz-y-esclavas-de-salamanca\/","og_locale":"en_US","og_type":"article","og_title":"C\u00c1RNICAS IGLESIAS LLEVA DE NUEVO EL EMPRENDIMIENTO A LOS ALUMNOS DE LOS COLEGIOS CALASANZ Y ESCLAVAS DE SALAMANCA | C\u00e1rnicas Iglesias","og_description":"P\u00e1gina de C\u00c1RNICAS IGLESIAS LLEVA DE NUEVO EL EMPRENDIMIENTO A LOS ALUMNOS DE LOS COLEGIOS CALASANZ Y ESCLAVAS DE SALAMANCA en la cual se encuentra la ficha del producto.","og_url":"https:\/\/www.carnicasiglesias.com\/noticias\/carnicas-iglesias-lleva-de-nuevo-el-emprendimiento-a-los-alumnos-de-los-colegios-calasanz-y-esclavas-de-salamanca\/","og_site_name":"C\u00e1rnicas Iglesias","article_published_time":"2025-01-24T11:55:04+00:00","article_modified_time":"2025-01-24T12:16:52+00:00","og_image":[{"width":1600,"height":1200,"url":"https:\/\/www.carnicasiglesias.com\/wp-content\/uploads\/2025\/01\/2.jpeg","type":"image\/jpeg"}],"author":"wcarigle","twitter_card":"summary_large_image","twitter_misc":{"Written by":"wcarigle","Est. reading time":"2 minutes"},"schema":{"@context":"https:\/\/schema.org","@graph":[{"@type":"WebPage","@id":"https:\/\/www.carnicasiglesias.com\/noticias\/carnicas-iglesias-lleva-de-nuevo-el-emprendimiento-a-los-alumnos-de-los-colegios-calasanz-y-esclavas-de-salamanca\/","url":"https:\/\/www.carnicasiglesias.com\/noticias\/carnicas-iglesias-lleva-de-nuevo-el-emprendimiento-a-los-alumnos-de-los-colegios-calasanz-y-esclavas-de-salamanca\/","name":"C\u00c1RNICAS IGLESIAS LLEVA DE NUEVO EL EMPRENDIMIENTO A LOS ALUMNOS DE LOS COLEGIOS CALASANZ Y ESCLAVAS DE SALAMANCA | C\u00e1rnicas Iglesias","isPartOf":{"@id":"https:\/\/www.carnicasiglesias.com\/#website"},"primaryImageOfPage":{"@id":"https:\/\/www.carnicasiglesias.com\/noticias\/carnicas-iglesias-lleva-de-nuevo-el-emprendimiento-a-los-alumnos-de-los-colegios-calasanz-y-esclavas-de-salamanca\/#primaryimage"},"image":{"@id":"https:\/\/www.carnicasiglesias.com\/noticias\/carnicas-iglesias-lleva-de-nuevo-el-emprendimiento-a-los-alumnos-de-los-colegios-calasanz-y-esclavas-de-salamanca\/#primaryimage"},"thumbnailUrl":"https:\/\/www.carnicasiglesias.com\/wp-content\/uploads\/2025\/01\/2.jpeg","datePublished":"2025-01-24T11:55:04+00:00","dateModified":"2025-01-24T12:16:52+00:00","author":{"@id":"https:\/\/www.carnicasiglesias.com\/#\/schema\/person\/aaaf7d4dc5dc4bbfeb2f346eb04801eb"},"description":"P\u00e1gina de C\u00c1RNICAS IGLESIAS LLEVA DE NUEVO EL EMPRENDIMIENTO A LOS ALUMNOS DE LOS COLEGIOS CALASANZ Y ESCLAVAS DE SALAMANCA en la cual se encuentra la ficha del producto.","breadcrumb":{"@id":"https:\/\/www.carnicasiglesias.com\/noticias\/carnicas-iglesias-lleva-de-nuevo-el-emprendimiento-a-los-alumnos-de-los-colegios-calasanz-y-esclavas-de-salamanca\/#breadcrumb"},"inLanguage":"en-US","potentialAction":[{"@type":"ReadAction","target":["https:\/\/www.carnicasiglesias.com\/noticias\/carnicas-iglesias-lleva-de-nuevo-el-emprendimiento-a-los-alumnos-de-los-colegios-calasanz-y-esclavas-de-salamanca\/"]}]},{"@type":"ImageObject","inLanguage":"en-US","@id":"https:\/\/www.carnicasiglesias.com\/noticias\/carnicas-iglesias-lleva-de-nuevo-el-emprendimiento-a-los-alumnos-de-los-colegios-calasanz-y-esclavas-de-salamanca\/#primaryimage","url":"https:\/\/www.carnicasiglesias.com\/wp-content\/uploads\/2025\/01\/2.jpeg","contentUrl":"https:\/\/www.carnicasiglesias.com\/wp-content\/uploads\/2025\/01\/2.jpeg","width":1600,"height":1200},{"@type":"BreadcrumbList","@id":"https:\/\/www.carnicasiglesias.com\/noticias\/carnicas-iglesias-lleva-de-nuevo-el-emprendimiento-a-los-alumnos-de-los-colegios-calasanz-y-esclavas-de-salamanca\/#breadcrumb","itemListElement":[{"@type":"ListItem","position":1,"name":"Portada","item":"https:\/\/www.carnicasiglesias.com\/en\/"},{"@type":"ListItem","position":2,"name":"C\u00c1RNICAS IGLESIAS LLEVA DE NUEVO EL EMPRENDIMIENTO A LOS ALUMNOS DE LOS COLEGIOS CALASANZ Y ESCLAVAS DE SALAMANCA"}]},{"@type":"WebSite","@id":"https:\/\/www.carnicasiglesias.com\/#website","url":"https:\/\/www.carnicasiglesias.com\/","name":"C\u00e1rnicas Iglesias","description":"P\u00e1gina web de C\u00e1rnicas Iglesias","potentialAction":[{"@type":"SearchAction","target":{"@type":"EntryPoint","urlTemplate":"https:\/\/www.carnicasiglesias.com\/?s={search_term_string}"},"query-input":{"@type":"PropertyValueSpecification","valueRequired":true,"valueName":"search_term_string"}}],"inLanguage":"en-US"},{"@type":"Person","@id":"https:\/\/www.carnicasiglesias.com\/#\/schema\/person\/aaaf7d4dc5dc4bbfeb2f346eb04801eb","name":"wcarigle","image":{"@type":"ImageObject","inLanguage":"en-US","@id":"https:\/\/www.carnicasiglesias.com\/#\/schema\/person\/image\/","url":"https:\/\/secure.gravatar.com\/avatar\/c508261c9bb726f239f6caae30854a8c?s=96&d=mm&r=g","contentUrl":"https:\/\/secure.gravatar.com\/avatar\/c508261c9bb726f239f6caae30854a8c?s=96&d=mm&r=g","caption":"wcarigle"}}]}},"_links":{"self":[{"href":"https:\/\/www.carnicasiglesias.com\/en\/wp-json\/wp\/v2\/posts\/4237","targetHints":{"allow":["GET"]}}],"collection":[{"href":"https:\/\/www.carnicasiglesias.com\/en\/wp-json\/wp\/v2\/posts"}],"about":[{"href":"https:\/\/www.carnicasiglesias.com\/en\/wp-json\/wp\/v2\/types\/post"}],"author":[{"embeddable":true,"href":"https:\/\/www.carnicasiglesias.com\/en\/wp-json\/wp\/v2\/users\/1"}],"replies":[{"embeddable":true,"href":"https:\/\/www.carnicasiglesias.com\/en\/wp-json\/wp\/v2\/comments?post=4237"}],"version-history":[{"count":11,"href":"https:\/\/www.carnicasiglesias.com\/en\/wp-json\/wp\/v2\/posts\/4237\/revisions"}],"predecessor-version":[{"id":4309,"href":"https:\/\/www.carnicasiglesias.com\/en\/wp-json\/wp\/v2\/posts\/4237\/revisions\/4309"}],"wp:featuredmedia":[{"embeddable":true,"href":"https:\/\/www.carnicasiglesias.com\/en\/wp-json\/wp\/v2\/media\/4238"}],"wp:attachment":[{"href":"https:\/\/www.carnicasiglesias.com\/en\/wp-json\/wp\/v2\/media?parent=4237"}],"wp:term":[{"taxonomy":"category","embeddable":true,"href":"https:\/\/www.carnicasiglesias.com\/en\/wp-json\/wp\/v2\/categories?post=4237"},{"taxonomy":"post_tag","embeddable":true,"href":"https:\/\/www.carnicasiglesias.com\/en\/wp-json\/wp\/v2\/tags?post=4237"}],"curies":[{"name":"wp","href":"https:\/\/api.w.org\/{rel}","templated":true}]}}