{"id":688,"date":"2018-03-08T09:26:13","date_gmt":"2018-03-08T08:26:13","guid":{"rendered":"http:\/\/www.carnicasiglesias.com\/?p=688"},"modified":"2018-03-12T09:28:00","modified_gmt":"2018-03-12T08:28:00","slug":"los-cambios-consumidor-futuro-la-carne-centran-congreso-aecoc-productos-carnicos-elaborados","status":"publish","type":"post","link":"https:\/\/www.carnicasiglesias.com\/en\/noticias\/los-cambios-consumidor-futuro-la-carne-centran-congreso-aecoc-productos-carnicos-elaborados\/","title":{"rendered":"Los cambios en el consumidor y el futuro de la carne centran el congreso Aecoc de Productos C\u00e1rnicos y Elaborados"},"content":{"rendered":"<p>Aecoc reuni\u00f3 los d\u00edas 6 y 7 de marzo a buena parte de los dirigentes de industrias c\u00e1rnicas de nuestro pa\u00eds, en la que estuvimos presentes, as\u00ed como a una amplia representaci\u00f3n de sus compradores, la distribuci\u00f3n alimentaria representada por las principales cadenas de supermercados del pa\u00eds.<\/p>\n<p>El evento fue inaugurado por el director general de Sanidad de Producci\u00f3n Agraria del Mapama, Valent\u00edn Almansa, quien asegur\u00f3 que el conjunto del sector agroalimentario supone el 12% del PIB, destacando que es &#8220;un sector moderno, globalizado y muy competitivo\u201d. Almansa destac\u00f3 retos de futuro que pasan por la reducci\u00f3n del uso de antibi\u00f3ticos en la producci\u00f3n animal y la mejora de la comunicaci\u00f3n al consumidor debido a que este &#8220;nunca ha tenido peor opini\u00f3n sobre lo que comemos que hoy en d\u00eda&#8221;.<\/p>\n<p>A continuaci\u00f3n, y siguiendo con el tema de la comunicaci\u00f3n, Josep Mar\u00eda Bonmat\u00ed, director general de Aecoc ha asegurado que en el nuevo entorno en el que nos movemos los referentes de confianza han cambiado.<\/p>\n<p>Desde Nielsen, Ricardo Alc\u00f3n, coment\u00f3 que las ventas de productos c\u00e1rnicos crecieron en 2017 un 4% hasta los 14.000 millones de euros debido a que se ha sabido satisfacer la demanda de salud, sostenibilidad, innovaci\u00f3n, calidad y experiencia de compra. Ha destacado factores a la hora de comprar que son relevantes para el consumidor como son la salud y la sostenibilidad.<\/p>\n<p>Paulo Soares, director general de la regi\u00f3n sur de Europa en Campofr\u00edo Food Group, ha explicado c\u00f3mo le est\u00e1 funcionando a la empresa su gama de productos Vegalia, elaborada para vegetarianos y flexitarianos. Asegura que esperan que siga a buen ritmo ya que en 2017 el mercado &#8220;veggie&#8221; subi\u00f3 un 46% en ventas.<\/p>\n<p>El segundo d\u00eda del evento arranc\u00f3 con Sergio Rom\u00e1n, responsable de Oferta de Producto Alimentaci\u00f3n de Auchan Retail, ha presentado el proyecto Auchan Producci\u00f3n Controlada, una oferta seleccionada de productos frescos y comprometidos con lo bueno, lo sano y lo local. Tambi\u00e9n mostr\u00f3 &#8220;Yo cr\u00edo, yo produzco, yo fabrico\u201d, una de las l\u00edneas de trabajo de Auchan consistente en una l\u00ednea de embutidos ib\u00e9ricos de producci\u00f3n cerrada donde el proveedor controla todo el proceso de producci\u00f3n, desde la crianza hasta el producto final.<\/p>\n<p>Fabian Le\u00f3n, emprendedor y finalista de Master Chef, centr\u00f3 su presentaci\u00f3n en los millennials y asegur\u00f3 que se trata de consumidores desleales, hiperinformados y, sobre todo, digitales., buscando opciones para mejorar su alimentaci\u00f3n. Asegur\u00f3 que que los millennials prefieren menos frecuencia y m\u00e1s calidad. A nivel empresarial, mostr\u00f3 su proyecto Foodinthebox, un e-commerce que permite a los usuarios recibir en casa los ingredientes necesarios para elaborar recetas que previamente han seleccionado. Para romper con las barreras del e-commerce, Le\u00f3n ha asegurado que conocen de primera mano a sus proveedores para asegurar que los productos que el consumidor recibe en casa cumplen con sus est\u00e1ndares de calidad.<\/p>\n<p>Una de las mesas redondas m\u00e1s destacadas del Congreso fue la que abord\u00f3 El futuro de la carne. Fue presentada por David Barreiro, redactor de EUROCARNE, que mostr\u00f3 los contenidos esenciales del libro que bajo el mismo nombre acaba de lanzar EUROCARNE y que est\u00e1 teniendo una gran aceptaci\u00f3n dentro del sector. En la mesa participaron Josep Mar\u00eda Monfort, consejero delegado del IRTA, Josep Lagares, presidente ejecutivo de Metalquimia, y Carlos Rodr\u00edguez, consejero delegado de Raza Nostra.<\/p>\n<p>Lagares mostr\u00f3 la necesidad de seguir trabajando en la sostenibilidad de la producci\u00f3n. La industria c\u00e1nica debe trabajar para poder seguir produciendo prote\u00edna ya que es necesaria para la supervivencia del ser humano. Asegur\u00f3 que es necesario reducir el rechazo que hay hacia los sistemas actuales de producci\u00f3n c\u00e1rnica a lo largo de toda la cadena de valor y tambi\u00e9n hay que estudiar c\u00f3mo distribuirla de forma m\u00e1s equitativa.<\/p>\n<p>Por su parte, Carlos Rodr\u00edguez consider\u00f3 desde su experiencia al frente de un grupo que naci\u00f3 de una carnicer\u00eda en el mercado de Chamart\u00edn, que el consumidor del futuro no comprar\u00e1 f\u00edsicamente en la tienda sino que lo har\u00e1 un ordenador con un algoritmo que ya conozca sus preferencias.<\/p>\n<p>Ken Hughes, experto en an\u00e1lisis del comportamiento del consumidor, destac\u00f3 que ante los cambios que registra la demanda las empresas deben renovarse y adaptarse a ellos. Seg\u00fan asegur\u00f3 el nuevo consumidor espera que las empresas est\u00e9n a su servicio, ofreci\u00e9ndole lo que necesita.<\/p>\n<p>El congreso finaliz\u00f3 con las palabras de Juan Carlos San Jos\u00e9, presidente del comit\u00e9 de Carnes de AECOC, quien ha recordado a los asistentes que, en un escenario marcado por la transformaci\u00f3n digital, el futuro del sector c\u00e1rnico depende de un trabajo colaborativo de todos los eslabones de la cadena para ofrecer calidad y un modelo de producci\u00f3n.<\/p>\n","protected":false},"excerpt":{"rendered":"<p>Aecoc reuni\u00f3 los d\u00edas 6 y 7 de marzo a buena parte de los dirigentes de industrias c\u00e1rnicas de nuestro pa\u00eds, en la que estuvimos presentes, as\u00ed como a una amplia representaci\u00f3n de sus compradores, la distribuci\u00f3n alimentaria representada por las principales cadenas de supermercados del pa\u00eds. El evento fue inaugurado por el director general &hellip; <\/p>\n<p class=\"link-more\"><a href=\"https:\/\/www.carnicasiglesias.com\/en\/noticias\/los-cambios-consumidor-futuro-la-carne-centran-congreso-aecoc-productos-carnicos-elaborados\/\" class=\"more-link\">Continue reading<span class=\"screen-reader-text\"> &#8220;Los cambios en el consumidor y el futuro de la carne centran el congreso Aecoc de Productos C\u00e1rnicos y Elaborados&#8221;<\/span><\/a><\/p>\n","protected":false},"author":1,"featured_media":689,"comment_status":"open","ping_status":"open","sticky":false,"template":"","format":"standard","meta":{"_acf_changed":false,"footnotes":""},"categories":[9],"tags":[],"class_list":["post-688","post","type-post","status-publish","format-standard","has-post-thumbnail","hentry","category-noticias"],"acf":[],"yoast_head":"<!-- This site is optimized with the Yoast SEO plugin v24.8.1 - https:\/\/yoast.com\/wordpress\/plugins\/seo\/ -->\n<title>Los cambios en el consumidor y el futuro de la carne centran el congreso Aecoc de Productos C\u00e1rnicos y Elaborados | C\u00e1rnicas Iglesias<\/title>\n<meta name=\"description\" content=\"P\u00e1gina de Los cambios en el consumidor y el futuro de la carne centran el congreso Aecoc de Productos C\u00e1rnicos y Elaborados en la cual se encuentra la ficha del producto.\" \/>\n<meta name=\"robots\" content=\"index, follow, max-snippet:-1, max-image-preview:large, max-video-preview:-1\" \/>\n<link rel=\"canonical\" href=\"https:\/\/www.carnicasiglesias.com\/noticias\/los-cambios-consumidor-futuro-la-carne-centran-congreso-aecoc-productos-carnicos-elaborados\/\" \/>\n<meta property=\"og:locale\" content=\"en_US\" \/>\n<meta property=\"og:type\" content=\"article\" \/>\n<meta property=\"og:title\" content=\"Los cambios en el consumidor y el futuro de la carne centran el congreso Aecoc de Productos C\u00e1rnicos y Elaborados | C\u00e1rnicas Iglesias\" \/>\n<meta property=\"og:description\" content=\"P\u00e1gina de Los cambios en el consumidor y el futuro de la carne centran el congreso Aecoc de Productos C\u00e1rnicos y Elaborados en la cual se encuentra la ficha del producto.\" \/>\n<meta property=\"og:url\" content=\"https:\/\/www.carnicasiglesias.com\/noticias\/los-cambios-consumidor-futuro-la-carne-centran-congreso-aecoc-productos-carnicos-elaborados\/\" \/>\n<meta property=\"og:site_name\" content=\"C\u00e1rnicas Iglesias\" \/>\n<meta property=\"article:published_time\" content=\"2018-03-08T08:26:13+00:00\" \/>\n<meta property=\"article:modified_time\" content=\"2018-03-12T08:28:00+00:00\" \/>\n<meta property=\"og:image\" content=\"https:\/\/www.carnicasiglesias.com\/wp-content\/uploads\/2018\/03\/image002.jpg\" \/>\n\t<meta property=\"og:image:width\" content=\"380\" \/>\n\t<meta property=\"og:image:height\" content=\"210\" \/>\n\t<meta property=\"og:image:type\" content=\"image\/jpeg\" \/>\n<meta name=\"author\" content=\"wcarigle\" \/>\n<meta name=\"twitter:card\" content=\"summary_large_image\" \/>\n<meta name=\"twitter:label1\" content=\"Written by\" \/>\n\t<meta name=\"twitter:data1\" content=\"wcarigle\" \/>\n\t<meta name=\"twitter:label2\" content=\"Est. reading time\" \/>\n\t<meta name=\"twitter:data2\" content=\"4 minutes\" \/>\n<script type=\"application\/ld+json\" class=\"yoast-schema-graph\">{\"@context\":\"https:\/\/schema.org\",\"@graph\":[{\"@type\":\"WebPage\",\"@id\":\"https:\/\/www.carnicasiglesias.com\/noticias\/los-cambios-consumidor-futuro-la-carne-centran-congreso-aecoc-productos-carnicos-elaborados\/\",\"url\":\"https:\/\/www.carnicasiglesias.com\/noticias\/los-cambios-consumidor-futuro-la-carne-centran-congreso-aecoc-productos-carnicos-elaborados\/\",\"name\":\"Los cambios en el consumidor y el futuro de la carne centran el congreso Aecoc de Productos C\u00e1rnicos y Elaborados | C\u00e1rnicas Iglesias\",\"isPartOf\":{\"@id\":\"https:\/\/www.carnicasiglesias.com\/#website\"},\"primaryImageOfPage\":{\"@id\":\"https:\/\/www.carnicasiglesias.com\/noticias\/los-cambios-consumidor-futuro-la-carne-centran-congreso-aecoc-productos-carnicos-elaborados\/#primaryimage\"},\"image\":{\"@id\":\"https:\/\/www.carnicasiglesias.com\/noticias\/los-cambios-consumidor-futuro-la-carne-centran-congreso-aecoc-productos-carnicos-elaborados\/#primaryimage\"},\"thumbnailUrl\":\"https:\/\/www.carnicasiglesias.com\/wp-content\/uploads\/2018\/03\/image002.jpg\",\"datePublished\":\"2018-03-08T08:26:13+00:00\",\"dateModified\":\"2018-03-12T08:28:00+00:00\",\"author\":{\"@id\":\"https:\/\/www.carnicasiglesias.com\/#\/schema\/person\/aaaf7d4dc5dc4bbfeb2f346eb04801eb\"},\"description\":\"P\u00e1gina de Los cambios en el consumidor y el futuro de la carne centran el congreso Aecoc de Productos C\u00e1rnicos y Elaborados en la cual se encuentra la ficha del producto.\",\"breadcrumb\":{\"@id\":\"https:\/\/www.carnicasiglesias.com\/noticias\/los-cambios-consumidor-futuro-la-carne-centran-congreso-aecoc-productos-carnicos-elaborados\/#breadcrumb\"},\"inLanguage\":\"en-US\",\"potentialAction\":[{\"@type\":\"ReadAction\",\"target\":[\"https:\/\/www.carnicasiglesias.com\/noticias\/los-cambios-consumidor-futuro-la-carne-centran-congreso-aecoc-productos-carnicos-elaborados\/\"]}]},{\"@type\":\"ImageObject\",\"inLanguage\":\"en-US\",\"@id\":\"https:\/\/www.carnicasiglesias.com\/noticias\/los-cambios-consumidor-futuro-la-carne-centran-congreso-aecoc-productos-carnicos-elaborados\/#primaryimage\",\"url\":\"https:\/\/www.carnicasiglesias.com\/wp-content\/uploads\/2018\/03\/image002.jpg\",\"contentUrl\":\"https:\/\/www.carnicasiglesias.com\/wp-content\/uploads\/2018\/03\/image002.jpg\",\"width\":380,\"height\":210},{\"@type\":\"BreadcrumbList\",\"@id\":\"https:\/\/www.carnicasiglesias.com\/noticias\/los-cambios-consumidor-futuro-la-carne-centran-congreso-aecoc-productos-carnicos-elaborados\/#breadcrumb\",\"itemListElement\":[{\"@type\":\"ListItem\",\"position\":1,\"name\":\"Portada\",\"item\":\"https:\/\/www.carnicasiglesias.com\/en\/\"},{\"@type\":\"ListItem\",\"position\":2,\"name\":\"Los cambios en el consumidor y el futuro de la carne centran el congreso Aecoc de Productos C\u00e1rnicos y Elaborados\"}]},{\"@type\":\"WebSite\",\"@id\":\"https:\/\/www.carnicasiglesias.com\/#website\",\"url\":\"https:\/\/www.carnicasiglesias.com\/\",\"name\":\"C\u00e1rnicas Iglesias\",\"description\":\"P\u00e1gina web de C\u00e1rnicas Iglesias\",\"potentialAction\":[{\"@type\":\"SearchAction\",\"target\":{\"@type\":\"EntryPoint\",\"urlTemplate\":\"https:\/\/www.carnicasiglesias.com\/?s={search_term_string}\"},\"query-input\":{\"@type\":\"PropertyValueSpecification\",\"valueRequired\":true,\"valueName\":\"search_term_string\"}}],\"inLanguage\":\"en-US\"},{\"@type\":\"Person\",\"@id\":\"https:\/\/www.carnicasiglesias.com\/#\/schema\/person\/aaaf7d4dc5dc4bbfeb2f346eb04801eb\",\"name\":\"wcarigle\",\"image\":{\"@type\":\"ImageObject\",\"inLanguage\":\"en-US\",\"@id\":\"https:\/\/www.carnicasiglesias.com\/#\/schema\/person\/image\/\",\"url\":\"https:\/\/secure.gravatar.com\/avatar\/c508261c9bb726f239f6caae30854a8c?s=96&d=mm&r=g\",\"contentUrl\":\"https:\/\/secure.gravatar.com\/avatar\/c508261c9bb726f239f6caae30854a8c?s=96&d=mm&r=g\",\"caption\":\"wcarigle\"}}]}<\/script>\n<!-- \/ Yoast SEO plugin. -->","yoast_head_json":{"title":"Los cambios en el consumidor y el futuro de la carne centran el congreso Aecoc de Productos C\u00e1rnicos y Elaborados | C\u00e1rnicas Iglesias","description":"P\u00e1gina de Los cambios en el consumidor y el futuro de la carne centran el congreso Aecoc de Productos C\u00e1rnicos y Elaborados en la cual se encuentra la ficha del producto.","robots":{"index":"index","follow":"follow","max-snippet":"max-snippet:-1","max-image-preview":"max-image-preview:large","max-video-preview":"max-video-preview:-1"},"canonical":"https:\/\/www.carnicasiglesias.com\/noticias\/los-cambios-consumidor-futuro-la-carne-centran-congreso-aecoc-productos-carnicos-elaborados\/","og_locale":"en_US","og_type":"article","og_title":"Los cambios en el consumidor y el futuro de la carne centran el congreso Aecoc de Productos C\u00e1rnicos y Elaborados | C\u00e1rnicas Iglesias","og_description":"P\u00e1gina de Los cambios en el consumidor y el futuro de la carne centran el congreso Aecoc de Productos C\u00e1rnicos y Elaborados en la cual se encuentra la ficha del producto.","og_url":"https:\/\/www.carnicasiglesias.com\/noticias\/los-cambios-consumidor-futuro-la-carne-centran-congreso-aecoc-productos-carnicos-elaborados\/","og_site_name":"C\u00e1rnicas Iglesias","article_published_time":"2018-03-08T08:26:13+00:00","article_modified_time":"2018-03-12T08:28:00+00:00","og_image":[{"width":380,"height":210,"url":"https:\/\/www.carnicasiglesias.com\/wp-content\/uploads\/2018\/03\/image002.jpg","type":"image\/jpeg"}],"author":"wcarigle","twitter_card":"summary_large_image","twitter_misc":{"Written by":"wcarigle","Est. reading time":"4 minutes"},"schema":{"@context":"https:\/\/schema.org","@graph":[{"@type":"WebPage","@id":"https:\/\/www.carnicasiglesias.com\/noticias\/los-cambios-consumidor-futuro-la-carne-centran-congreso-aecoc-productos-carnicos-elaborados\/","url":"https:\/\/www.carnicasiglesias.com\/noticias\/los-cambios-consumidor-futuro-la-carne-centran-congreso-aecoc-productos-carnicos-elaborados\/","name":"Los cambios en el consumidor y el futuro de la carne centran el congreso Aecoc de Productos C\u00e1rnicos y Elaborados | C\u00e1rnicas Iglesias","isPartOf":{"@id":"https:\/\/www.carnicasiglesias.com\/#website"},"primaryImageOfPage":{"@id":"https:\/\/www.carnicasiglesias.com\/noticias\/los-cambios-consumidor-futuro-la-carne-centran-congreso-aecoc-productos-carnicos-elaborados\/#primaryimage"},"image":{"@id":"https:\/\/www.carnicasiglesias.com\/noticias\/los-cambios-consumidor-futuro-la-carne-centran-congreso-aecoc-productos-carnicos-elaborados\/#primaryimage"},"thumbnailUrl":"https:\/\/www.carnicasiglesias.com\/wp-content\/uploads\/2018\/03\/image002.jpg","datePublished":"2018-03-08T08:26:13+00:00","dateModified":"2018-03-12T08:28:00+00:00","author":{"@id":"https:\/\/www.carnicasiglesias.com\/#\/schema\/person\/aaaf7d4dc5dc4bbfeb2f346eb04801eb"},"description":"P\u00e1gina de Los cambios en el consumidor y el futuro de la carne centran el congreso Aecoc de Productos C\u00e1rnicos y Elaborados en la cual se encuentra la ficha del producto.","breadcrumb":{"@id":"https:\/\/www.carnicasiglesias.com\/noticias\/los-cambios-consumidor-futuro-la-carne-centran-congreso-aecoc-productos-carnicos-elaborados\/#breadcrumb"},"inLanguage":"en-US","potentialAction":[{"@type":"ReadAction","target":["https:\/\/www.carnicasiglesias.com\/noticias\/los-cambios-consumidor-futuro-la-carne-centran-congreso-aecoc-productos-carnicos-elaborados\/"]}]},{"@type":"ImageObject","inLanguage":"en-US","@id":"https:\/\/www.carnicasiglesias.com\/noticias\/los-cambios-consumidor-futuro-la-carne-centran-congreso-aecoc-productos-carnicos-elaborados\/#primaryimage","url":"https:\/\/www.carnicasiglesias.com\/wp-content\/uploads\/2018\/03\/image002.jpg","contentUrl":"https:\/\/www.carnicasiglesias.com\/wp-content\/uploads\/2018\/03\/image002.jpg","width":380,"height":210},{"@type":"BreadcrumbList","@id":"https:\/\/www.carnicasiglesias.com\/noticias\/los-cambios-consumidor-futuro-la-carne-centran-congreso-aecoc-productos-carnicos-elaborados\/#breadcrumb","itemListElement":[{"@type":"ListItem","position":1,"name":"Portada","item":"https:\/\/www.carnicasiglesias.com\/en\/"},{"@type":"ListItem","position":2,"name":"Los cambios en el consumidor y el futuro de la carne centran el congreso Aecoc de Productos C\u00e1rnicos y Elaborados"}]},{"@type":"WebSite","@id":"https:\/\/www.carnicasiglesias.com\/#website","url":"https:\/\/www.carnicasiglesias.com\/","name":"C\u00e1rnicas Iglesias","description":"P\u00e1gina web de C\u00e1rnicas Iglesias","potentialAction":[{"@type":"SearchAction","target":{"@type":"EntryPoint","urlTemplate":"https:\/\/www.carnicasiglesias.com\/?s={search_term_string}"},"query-input":{"@type":"PropertyValueSpecification","valueRequired":true,"valueName":"search_term_string"}}],"inLanguage":"en-US"},{"@type":"Person","@id":"https:\/\/www.carnicasiglesias.com\/#\/schema\/person\/aaaf7d4dc5dc4bbfeb2f346eb04801eb","name":"wcarigle","image":{"@type":"ImageObject","inLanguage":"en-US","@id":"https:\/\/www.carnicasiglesias.com\/#\/schema\/person\/image\/","url":"https:\/\/secure.gravatar.com\/avatar\/c508261c9bb726f239f6caae30854a8c?s=96&d=mm&r=g","contentUrl":"https:\/\/secure.gravatar.com\/avatar\/c508261c9bb726f239f6caae30854a8c?s=96&d=mm&r=g","caption":"wcarigle"}}]}},"_links":{"self":[{"href":"https:\/\/www.carnicasiglesias.com\/en\/wp-json\/wp\/v2\/posts\/688","targetHints":{"allow":["GET"]}}],"collection":[{"href":"https:\/\/www.carnicasiglesias.com\/en\/wp-json\/wp\/v2\/posts"}],"about":[{"href":"https:\/\/www.carnicasiglesias.com\/en\/wp-json\/wp\/v2\/types\/post"}],"author":[{"embeddable":true,"href":"https:\/\/www.carnicasiglesias.com\/en\/wp-json\/wp\/v2\/users\/1"}],"replies":[{"embeddable":true,"href":"https:\/\/www.carnicasiglesias.com\/en\/wp-json\/wp\/v2\/comments?post=688"}],"version-history":[{"count":1,"href":"https:\/\/www.carnicasiglesias.com\/en\/wp-json\/wp\/v2\/posts\/688\/revisions"}],"predecessor-version":[{"id":690,"href":"https:\/\/www.carnicasiglesias.com\/en\/wp-json\/wp\/v2\/posts\/688\/revisions\/690"}],"wp:featuredmedia":[{"embeddable":true,"href":"https:\/\/www.carnicasiglesias.com\/en\/wp-json\/wp\/v2\/media\/689"}],"wp:attachment":[{"href":"https:\/\/www.carnicasiglesias.com\/en\/wp-json\/wp\/v2\/media?parent=688"}],"wp:term":[{"taxonomy":"category","embeddable":true,"href":"https:\/\/www.carnicasiglesias.com\/en\/wp-json\/wp\/v2\/categories?post=688"},{"taxonomy":"post_tag","embeddable":true,"href":"https:\/\/www.carnicasiglesias.com\/en\/wp-json\/wp\/v2\/tags?post=688"}],"curies":[{"name":"wp","href":"https:\/\/api.w.org\/{rel}","templated":true}]}}