{"id":691,"date":"2018-03-14T16:18:51","date_gmt":"2018-03-14T15:18:51","guid":{"rendered":"http:\/\/www.carnicasiglesias.com\/?p=691"},"modified":"2018-03-14T16:21:20","modified_gmt":"2018-03-14T15:21:20","slug":"salmantino-cesar-pontvianne-nuevo-presidente-empresa-familiar-castilla-leon","status":"publish","type":"post","link":"https:\/\/www.carnicasiglesias.com\/en\/noticias\/salmantino-cesar-pontvianne-nuevo-presidente-empresa-familiar-castilla-leon\/","title":{"rendered":"El salmantino C\u00e9sar Pontvianne, nuevo presidente de Empresa Familiar de Castilla y Le\u00f3n"},"content":{"rendered":"<p><strong>Cita como ejes de su mandato ser un referente ante la administraci\u00f3n, potenciar la formaci\u00f3n, favorecer el crecimiento de los asociados y preparar a las siguientes generaciones<\/strong><\/p>\n<p><strong>Industrias C\u00e1rnicas Iglesias acudi\u00f3 el pasado 13 de marzo a la Asamblea general de socios de la Asociaci\u00f3n de Empresa Familiar de Castilla y Le\u00f3n.<\/strong><\/p>\n<p>El consejero delegado de Pl\u00e1sticos Durex, el salmantino C\u00e9sar Pontvianne, ha sido elegido por unanimidad presidente de la asociaci\u00f3n Empresa Familiar de Castilla y Le\u00f3n, que re\u00fane las principales empresas familiares de la comunidad aut\u00f3noma. Pontvianne se convierte as\u00ed en el d\u00e9cimo presidente de EFCL en sus 20 a\u00f1os de historia y sustituye a Jos\u00e9 Miguel Isidro (Grupo Europac), una vez vencidos sus dos a\u00f1os de mandato.<\/p>\n<p>Tras su designaci\u00f3n, Pontvianne se\u00f1al\u00f3 que ahora le toca &#8220;continuar con esta preciosa tarea de defensor de la importancia de las empresas familiares en general y de nuestras compa\u00f1\u00edas asociadas en particular&#8221; y precis\u00f3 que se trata de un proyecto com\u00fan de empresarios para empresarios \u201cque tenemos un compromiso social para colaborar y crear riqueza en forma de puestos de trabajo\u201d.<\/p>\n<p>Pontvianne tambi\u00e9n indic\u00f3 que su labor al frente de EFCL ser\u00e1 de continuidad y avanz\u00f3 las cuatro l\u00edneas estrat\u00e9gicas de su mandato: lobby, formaci\u00f3n, desarrollo de los asociados y F\u00f3rum, seg\u00fan informa la propia EFCL en un comunicado.<\/p>\n<p>Respecto a la primera, indic\u00f3 que trabajar\u00e1 para que la asociaci\u00f3n contin\u00fae ejerciendo la representaci\u00f3n de las empresas familiares frente a la administraci\u00f3n y los grupos de inter\u00e9s. \u201cLa administraci\u00f3n nos tiene que ver no solo como un referente, sino tambi\u00e9n como un aliado para seguir desarrollando esta nuestra comunidad, porque estamos para sumar, pero para sumar con compromiso rec\u00edproco, con objetivos y con l\u00edneas de actuaci\u00f3n claras\u201d, matiz\u00f3 Pontvianne, quien cit\u00f3 como ejemplo de ello el Plan de Crecimiento Empresarial puesto en marcha por la Junta con la colaboraci\u00f3n de la asociaci\u00f3n.<\/p>\n<p>Sobre la formaci\u00f3n y la educaci\u00f3n, el nuevo presidente de EFCL asegur\u00f3 que es otro de los pilares en los que la asociaci\u00f3n tambi\u00e9n tiene que colaborar con las administraciones \u201cpara captar y generar m\u00e1s talento en nuestra comunidad\u201d, y no solo en las universidades, sino especialmente en la Formaci\u00f3n Profesional.<\/p>\n<p>\u201cDebe ser un objetivo de calidad poner a andar una FP de calidad y con resultados demostrables\u201d, se\u00f1al\u00f3 Pontvianne, quien agreg\u00f3 que \u201chay que girar la educaci\u00f3n hacia el mercado laboral, hacia las empresas. Hay un futuro y nosotros debemos colaborar en \u00e9l\u201d.<\/p>\n<p>El presidente de EFCL manifest\u00f3 que la asociaci\u00f3n tambi\u00e9n seguir\u00e1 trabajando para ayudar a sus asociados a continuar con un crecimiento sostenible y rentable, sin olvidar a las \u201cempresas ancla, que son catalizadores del crecimiento y que tenemos la suerte de contar con varias en nuestra asociaci\u00f3n\u201d.<\/p>\n<p>\u201cAqu\u00ed debemos traer las mejores pr\u00e1cticas, los mejores profesionales para poder formarnos a nosotros y a nuestros equipos\u201d, se\u00f1al\u00f3.<\/p>\n<p>Finalmente, apunt\u00f3 que \u201cdonde la asociaci\u00f3n debe ser imprescindible es en la tarea formativa e informativa de las siguientes generaciones en las que recaer\u00e1 la responsabilidad pr\u00f3xima de nuestros proyectos empresariales\u201d, por lo que apost\u00f3 por seguir apoyando iniciativas como el F\u00f3rum Familiar y F\u00f3rum J\u00fanior puestas en marcha por la asociaci\u00f3n para los m\u00e1s j\u00f3venes de las familias empresarias.<\/p>\n<p>Por su parte, <strong>Isidro destac\u00f3 la independencia de EFCL y el alto grado de representatividad alcanzado por la asociaci\u00f3n durante su mandato<\/strong>, sumando en la actualidad un total de 151 asociados, con lo que se trata de un colectivo con una voz alta y clara frente a la administraci\u00f3n \u201cy se nos escucha\u201d.<\/p>\n<p>La designaci\u00f3n de Pontvianne se produjo en el transcurso de la Asamblea General de Socios que EFCL celebr\u00f3 en Segovia y en la que los empresarios familiares tambi\u00e9n procedieron a la renovaci\u00f3n parcial de su Junta Directiva. A ella se han incorporado Pedro Ruiz Aragoneses (Pago de Carraovejas), Roc\u00edo Hervella (Prosol), M\u00aa Eugenia Clemente (Grupo Aciturri) y Juan Manuel Gonz\u00e1lez Serna (Grupo Siro), en sustituci\u00f3n de Pilar Arroyo (Muebles Boom), Rafael Lasfuentes Villar (Se\u00f1alizaciones Villar), Javier \u00c1lvarez Oblanca (Grupo Oblanca), Seraf\u00edn Cuenca (Zitec) e Isabel de Blas (Blasgon).<\/p>\n<p>De esta forma, la Junta Directiva de EFCL ha quedado constituida por C\u00e9sar Pontvianne como presidente y por F\u00e9lix Egu\u00eda (Ibersnacks), M\u00aa Jos\u00e9 Tapia (Pallet Tama), Milagros P\u00e9rez (La Flor Burgalesa), Guillermo Escudero (Bio3 \u2013 Rinter), Fernando Mozo (Mozo Grau), Pedro Ruiz Aragoneses (Pago de Carraovejas), Roc\u00edo Hervella (Prosol), M\u00aa Eugenia Clemente (Aciturri) y por Juan Manuel Gonz\u00e1lez Serna (Grupo Siro) .<\/p>\n<p>Debate y clausura<\/p>\n<p>Al t\u00e9rmino de la asamblea, los empresarios familiares participaron en una jornada de trabajo patrocinada por Bankia, cuya directora de Negocio Empresas, Bel\u00e9n Mart\u00edn, fue una de las encargadas de inaugurar el encuentro junto con el nuevo presidente de EFCL, el presidente de la Diputaci\u00f3n de Segovia, Francisco V\u00e1zquez, y la alcaldesa de Segovia, Clara Luquero.<\/p>\n<p>La jornada, que cont\u00f3 tambi\u00e9n con la colaboraci\u00f3n de Garrigues y Tactio, prosigui\u00f3 con la mesa redonda \u201cVelatia, un caso de \u00e9xito\u201d, en la que participaron Javier Ormaz\u00e1bal, presidente de ese grupo familiar industrial y tecnol\u00f3gico de \u00e1mbito internacional, y el profesor Miguel \u00c1ngel Gallo, uno de los m\u00e1ximos expertos en empresa familiar.<\/p>\n<p>A su vez, Antonio Garrigues Walker, presidente de Honor de Garrigues, y Jos\u00e9 Miguel Isidro, presidente de Europac, participaron en un debate sobre \u201cSociedad y empresa en el Siglo XXI\u201d, que fue moderado por Miguel \u00c1ngel Belloso, director de Actualidad Econ\u00f3mica.<\/p>\n<p>La Asamblea General, que congreg\u00f3 a m\u00e1s de 200 responsables de las principales empresas familiares de la comunidad y representantes del \u00e1mbito econ\u00f3mico y empresarial de la regi\u00f3n, fue clausurada por el ministro de Hacienda y Funci\u00f3n P\u00fablica, Crist\u00f3bal Montoro, y concluy\u00f3 con un almuerzo en el restaurante Jos\u00e9 Mar\u00eda de la capital segoviana.<\/p>\n<p><img loading=\"lazy\" decoding=\"async\" class=\"alignnone wp-image-695 size-full\" src=\"http:\/\/www.carnicasiglesias.com\/wp-content\/uploads\/2018\/03\/not4.jpg\" alt=\"\" width=\"567\" height=\"350\" srcset=\"https:\/\/www.carnicasiglesias.com\/wp-content\/uploads\/2018\/03\/not4.jpg 567w, https:\/\/www.carnicasiglesias.com\/wp-content\/uploads\/2018\/03\/not4-300x185.jpg 300w\" sizes=\"auto, (max-width: 567px) 100vw, 567px\" \/><\/p>\n","protected":false},"excerpt":{"rendered":"<p>Cita como ejes de su mandato ser un referente ante la administraci\u00f3n, potenciar la formaci\u00f3n, favorecer el crecimiento de los asociados y preparar a las siguientes generaciones Industrias C\u00e1rnicas Iglesias acudi\u00f3 el pasado 13 de marzo a la Asamblea general de socios de la Asociaci\u00f3n de Empresa Familiar de Castilla y Le\u00f3n. El consejero delegado &hellip; <\/p>\n<p class=\"link-more\"><a href=\"https:\/\/www.carnicasiglesias.com\/en\/noticias\/salmantino-cesar-pontvianne-nuevo-presidente-empresa-familiar-castilla-leon\/\" class=\"more-link\">Continue reading<span class=\"screen-reader-text\"> &#8220;El salmantino C\u00e9sar Pontvianne, nuevo presidente de Empresa Familiar de Castilla y Le\u00f3n&#8221;<\/span><\/a><\/p>\n","protected":false},"author":1,"featured_media":692,"comment_status":"open","ping_status":"open","sticky":false,"template":"","format":"standard","meta":{"_acf_changed":false,"footnotes":""},"categories":[9],"tags":[],"class_list":["post-691","post","type-post","status-publish","format-standard","has-post-thumbnail","hentry","category-noticias"],"acf":[],"yoast_head":"<!-- This site is optimized with the Yoast SEO plugin v24.8.1 - https:\/\/yoast.com\/wordpress\/plugins\/seo\/ -->\n<title>El salmantino C\u00e9sar Pontvianne, nuevo presidente de Empresa Familiar de Castilla y Le\u00f3n | C\u00e1rnicas Iglesias<\/title>\n<meta name=\"description\" content=\"P\u00e1gina de El salmantino C\u00e9sar Pontvianne, nuevo presidente de Empresa Familiar de Castilla y Le\u00f3n en la cual se encuentra la ficha del producto.\" \/>\n<meta name=\"robots\" content=\"index, follow, max-snippet:-1, max-image-preview:large, max-video-preview:-1\" \/>\n<link rel=\"canonical\" href=\"https:\/\/www.carnicasiglesias.com\/noticias\/salmantino-cesar-pontvianne-nuevo-presidente-empresa-familiar-castilla-leon\/\" \/>\n<meta property=\"og:locale\" content=\"en_US\" \/>\n<meta property=\"og:type\" content=\"article\" \/>\n<meta property=\"og:title\" content=\"El salmantino C\u00e9sar Pontvianne, nuevo presidente de Empresa Familiar de Castilla y Le\u00f3n | C\u00e1rnicas Iglesias\" \/>\n<meta property=\"og:description\" content=\"P\u00e1gina de El salmantino C\u00e9sar Pontvianne, nuevo presidente de Empresa Familiar de Castilla y Le\u00f3n en la cual se encuentra la ficha del producto.\" \/>\n<meta property=\"og:url\" content=\"https:\/\/www.carnicasiglesias.com\/noticias\/salmantino-cesar-pontvianne-nuevo-presidente-empresa-familiar-castilla-leon\/\" \/>\n<meta property=\"og:site_name\" content=\"C\u00e1rnicas Iglesias\" \/>\n<meta property=\"article:published_time\" content=\"2018-03-14T15:18:51+00:00\" \/>\n<meta property=\"article:modified_time\" content=\"2018-03-14T15:21:20+00:00\" \/>\n<meta property=\"og:image\" content=\"https:\/\/www.carnicasiglesias.com\/wp-content\/uploads\/2018\/03\/noticia-nuevcar.jpg\" \/>\n\t<meta property=\"og:image:width\" content=\"567\" \/>\n\t<meta property=\"og:image:height\" content=\"350\" \/>\n\t<meta property=\"og:image:type\" content=\"image\/jpeg\" \/>\n<meta name=\"author\" content=\"wcarigle\" \/>\n<meta name=\"twitter:card\" content=\"summary_large_image\" \/>\n<meta name=\"twitter:label1\" content=\"Written by\" \/>\n\t<meta name=\"twitter:data1\" content=\"wcarigle\" \/>\n\t<meta name=\"twitter:label2\" content=\"Est. reading time\" \/>\n\t<meta name=\"twitter:data2\" content=\"5 minutes\" \/>\n<script type=\"application\/ld+json\" class=\"yoast-schema-graph\">{\"@context\":\"https:\/\/schema.org\",\"@graph\":[{\"@type\":\"WebPage\",\"@id\":\"https:\/\/www.carnicasiglesias.com\/noticias\/salmantino-cesar-pontvianne-nuevo-presidente-empresa-familiar-castilla-leon\/\",\"url\":\"https:\/\/www.carnicasiglesias.com\/noticias\/salmantino-cesar-pontvianne-nuevo-presidente-empresa-familiar-castilla-leon\/\",\"name\":\"El salmantino C\u00e9sar Pontvianne, nuevo presidente de Empresa Familiar de Castilla y Le\u00f3n | C\u00e1rnicas Iglesias\",\"isPartOf\":{\"@id\":\"https:\/\/www.carnicasiglesias.com\/#website\"},\"primaryImageOfPage\":{\"@id\":\"https:\/\/www.carnicasiglesias.com\/noticias\/salmantino-cesar-pontvianne-nuevo-presidente-empresa-familiar-castilla-leon\/#primaryimage\"},\"image\":{\"@id\":\"https:\/\/www.carnicasiglesias.com\/noticias\/salmantino-cesar-pontvianne-nuevo-presidente-empresa-familiar-castilla-leon\/#primaryimage\"},\"thumbnailUrl\":\"https:\/\/www.carnicasiglesias.com\/wp-content\/uploads\/2018\/03\/noticia-nuevcar.jpg\",\"datePublished\":\"2018-03-14T15:18:51+00:00\",\"dateModified\":\"2018-03-14T15:21:20+00:00\",\"author\":{\"@id\":\"https:\/\/www.carnicasiglesias.com\/#\/schema\/person\/aaaf7d4dc5dc4bbfeb2f346eb04801eb\"},\"description\":\"P\u00e1gina de El salmantino C\u00e9sar Pontvianne, nuevo presidente de Empresa Familiar de Castilla y Le\u00f3n en la cual se encuentra la ficha del producto.\",\"breadcrumb\":{\"@id\":\"https:\/\/www.carnicasiglesias.com\/noticias\/salmantino-cesar-pontvianne-nuevo-presidente-empresa-familiar-castilla-leon\/#breadcrumb\"},\"inLanguage\":\"en-US\",\"potentialAction\":[{\"@type\":\"ReadAction\",\"target\":[\"https:\/\/www.carnicasiglesias.com\/noticias\/salmantino-cesar-pontvianne-nuevo-presidente-empresa-familiar-castilla-leon\/\"]}]},{\"@type\":\"ImageObject\",\"inLanguage\":\"en-US\",\"@id\":\"https:\/\/www.carnicasiglesias.com\/noticias\/salmantino-cesar-pontvianne-nuevo-presidente-empresa-familiar-castilla-leon\/#primaryimage\",\"url\":\"https:\/\/www.carnicasiglesias.com\/wp-content\/uploads\/2018\/03\/noticia-nuevcar.jpg\",\"contentUrl\":\"https:\/\/www.carnicasiglesias.com\/wp-content\/uploads\/2018\/03\/noticia-nuevcar.jpg\",\"width\":567,\"height\":350},{\"@type\":\"BreadcrumbList\",\"@id\":\"https:\/\/www.carnicasiglesias.com\/noticias\/salmantino-cesar-pontvianne-nuevo-presidente-empresa-familiar-castilla-leon\/#breadcrumb\",\"itemListElement\":[{\"@type\":\"ListItem\",\"position\":1,\"name\":\"Portada\",\"item\":\"https:\/\/www.carnicasiglesias.com\/en\/\"},{\"@type\":\"ListItem\",\"position\":2,\"name\":\"El salmantino C\u00e9sar Pontvianne, nuevo presidente de Empresa Familiar de Castilla y Le\u00f3n\"}]},{\"@type\":\"WebSite\",\"@id\":\"https:\/\/www.carnicasiglesias.com\/#website\",\"url\":\"https:\/\/www.carnicasiglesias.com\/\",\"name\":\"C\u00e1rnicas Iglesias\",\"description\":\"P\u00e1gina web de C\u00e1rnicas Iglesias\",\"potentialAction\":[{\"@type\":\"SearchAction\",\"target\":{\"@type\":\"EntryPoint\",\"urlTemplate\":\"https:\/\/www.carnicasiglesias.com\/?s={search_term_string}\"},\"query-input\":{\"@type\":\"PropertyValueSpecification\",\"valueRequired\":true,\"valueName\":\"search_term_string\"}}],\"inLanguage\":\"en-US\"},{\"@type\":\"Person\",\"@id\":\"https:\/\/www.carnicasiglesias.com\/#\/schema\/person\/aaaf7d4dc5dc4bbfeb2f346eb04801eb\",\"name\":\"wcarigle\",\"image\":{\"@type\":\"ImageObject\",\"inLanguage\":\"en-US\",\"@id\":\"https:\/\/www.carnicasiglesias.com\/#\/schema\/person\/image\/\",\"url\":\"https:\/\/secure.gravatar.com\/avatar\/c508261c9bb726f239f6caae30854a8c?s=96&d=mm&r=g\",\"contentUrl\":\"https:\/\/secure.gravatar.com\/avatar\/c508261c9bb726f239f6caae30854a8c?s=96&d=mm&r=g\",\"caption\":\"wcarigle\"}}]}<\/script>\n<!-- \/ Yoast SEO plugin. -->","yoast_head_json":{"title":"El salmantino C\u00e9sar Pontvianne, nuevo presidente de Empresa Familiar de Castilla y Le\u00f3n | C\u00e1rnicas Iglesias","description":"P\u00e1gina de El salmantino C\u00e9sar Pontvianne, nuevo presidente de Empresa Familiar de Castilla y Le\u00f3n en la cual se encuentra la ficha del producto.","robots":{"index":"index","follow":"follow","max-snippet":"max-snippet:-1","max-image-preview":"max-image-preview:large","max-video-preview":"max-video-preview:-1"},"canonical":"https:\/\/www.carnicasiglesias.com\/noticias\/salmantino-cesar-pontvianne-nuevo-presidente-empresa-familiar-castilla-leon\/","og_locale":"en_US","og_type":"article","og_title":"El salmantino C\u00e9sar Pontvianne, nuevo presidente de Empresa Familiar de Castilla y Le\u00f3n | C\u00e1rnicas Iglesias","og_description":"P\u00e1gina de El salmantino C\u00e9sar Pontvianne, nuevo presidente de Empresa Familiar de Castilla y Le\u00f3n en la cual se encuentra la ficha del producto.","og_url":"https:\/\/www.carnicasiglesias.com\/noticias\/salmantino-cesar-pontvianne-nuevo-presidente-empresa-familiar-castilla-leon\/","og_site_name":"C\u00e1rnicas Iglesias","article_published_time":"2018-03-14T15:18:51+00:00","article_modified_time":"2018-03-14T15:21:20+00:00","og_image":[{"width":567,"height":350,"url":"https:\/\/www.carnicasiglesias.com\/wp-content\/uploads\/2018\/03\/noticia-nuevcar.jpg","type":"image\/jpeg"}],"author":"wcarigle","twitter_card":"summary_large_image","twitter_misc":{"Written by":"wcarigle","Est. reading time":"5 minutes"},"schema":{"@context":"https:\/\/schema.org","@graph":[{"@type":"WebPage","@id":"https:\/\/www.carnicasiglesias.com\/noticias\/salmantino-cesar-pontvianne-nuevo-presidente-empresa-familiar-castilla-leon\/","url":"https:\/\/www.carnicasiglesias.com\/noticias\/salmantino-cesar-pontvianne-nuevo-presidente-empresa-familiar-castilla-leon\/","name":"El salmantino C\u00e9sar Pontvianne, nuevo presidente de Empresa Familiar de Castilla y Le\u00f3n | C\u00e1rnicas Iglesias","isPartOf":{"@id":"https:\/\/www.carnicasiglesias.com\/#website"},"primaryImageOfPage":{"@id":"https:\/\/www.carnicasiglesias.com\/noticias\/salmantino-cesar-pontvianne-nuevo-presidente-empresa-familiar-castilla-leon\/#primaryimage"},"image":{"@id":"https:\/\/www.carnicasiglesias.com\/noticias\/salmantino-cesar-pontvianne-nuevo-presidente-empresa-familiar-castilla-leon\/#primaryimage"},"thumbnailUrl":"https:\/\/www.carnicasiglesias.com\/wp-content\/uploads\/2018\/03\/noticia-nuevcar.jpg","datePublished":"2018-03-14T15:18:51+00:00","dateModified":"2018-03-14T15:21:20+00:00","author":{"@id":"https:\/\/www.carnicasiglesias.com\/#\/schema\/person\/aaaf7d4dc5dc4bbfeb2f346eb04801eb"},"description":"P\u00e1gina de El salmantino C\u00e9sar Pontvianne, nuevo presidente de Empresa Familiar de Castilla y Le\u00f3n en la cual se encuentra la ficha del producto.","breadcrumb":{"@id":"https:\/\/www.carnicasiglesias.com\/noticias\/salmantino-cesar-pontvianne-nuevo-presidente-empresa-familiar-castilla-leon\/#breadcrumb"},"inLanguage":"en-US","potentialAction":[{"@type":"ReadAction","target":["https:\/\/www.carnicasiglesias.com\/noticias\/salmantino-cesar-pontvianne-nuevo-presidente-empresa-familiar-castilla-leon\/"]}]},{"@type":"ImageObject","inLanguage":"en-US","@id":"https:\/\/www.carnicasiglesias.com\/noticias\/salmantino-cesar-pontvianne-nuevo-presidente-empresa-familiar-castilla-leon\/#primaryimage","url":"https:\/\/www.carnicasiglesias.com\/wp-content\/uploads\/2018\/03\/noticia-nuevcar.jpg","contentUrl":"https:\/\/www.carnicasiglesias.com\/wp-content\/uploads\/2018\/03\/noticia-nuevcar.jpg","width":567,"height":350},{"@type":"BreadcrumbList","@id":"https:\/\/www.carnicasiglesias.com\/noticias\/salmantino-cesar-pontvianne-nuevo-presidente-empresa-familiar-castilla-leon\/#breadcrumb","itemListElement":[{"@type":"ListItem","position":1,"name":"Portada","item":"https:\/\/www.carnicasiglesias.com\/en\/"},{"@type":"ListItem","position":2,"name":"El salmantino C\u00e9sar Pontvianne, nuevo presidente de Empresa Familiar de Castilla y Le\u00f3n"}]},{"@type":"WebSite","@id":"https:\/\/www.carnicasiglesias.com\/#website","url":"https:\/\/www.carnicasiglesias.com\/","name":"C\u00e1rnicas Iglesias","description":"P\u00e1gina web de C\u00e1rnicas Iglesias","potentialAction":[{"@type":"SearchAction","target":{"@type":"EntryPoint","urlTemplate":"https:\/\/www.carnicasiglesias.com\/?s={search_term_string}"},"query-input":{"@type":"PropertyValueSpecification","valueRequired":true,"valueName":"search_term_string"}}],"inLanguage":"en-US"},{"@type":"Person","@id":"https:\/\/www.carnicasiglesias.com\/#\/schema\/person\/aaaf7d4dc5dc4bbfeb2f346eb04801eb","name":"wcarigle","image":{"@type":"ImageObject","inLanguage":"en-US","@id":"https:\/\/www.carnicasiglesias.com\/#\/schema\/person\/image\/","url":"https:\/\/secure.gravatar.com\/avatar\/c508261c9bb726f239f6caae30854a8c?s=96&d=mm&r=g","contentUrl":"https:\/\/secure.gravatar.com\/avatar\/c508261c9bb726f239f6caae30854a8c?s=96&d=mm&r=g","caption":"wcarigle"}}]}},"_links":{"self":[{"href":"https:\/\/www.carnicasiglesias.com\/en\/wp-json\/wp\/v2\/posts\/691","targetHints":{"allow":["GET"]}}],"collection":[{"href":"https:\/\/www.carnicasiglesias.com\/en\/wp-json\/wp\/v2\/posts"}],"about":[{"href":"https:\/\/www.carnicasiglesias.com\/en\/wp-json\/wp\/v2\/types\/post"}],"author":[{"embeddable":true,"href":"https:\/\/www.carnicasiglesias.com\/en\/wp-json\/wp\/v2\/users\/1"}],"replies":[{"embeddable":true,"href":"https:\/\/www.carnicasiglesias.com\/en\/wp-json\/wp\/v2\/comments?post=691"}],"version-history":[{"count":4,"href":"https:\/\/www.carnicasiglesias.com\/en\/wp-json\/wp\/v2\/posts\/691\/revisions"}],"predecessor-version":[{"id":697,"href":"https:\/\/www.carnicasiglesias.com\/en\/wp-json\/wp\/v2\/posts\/691\/revisions\/697"}],"wp:featuredmedia":[{"embeddable":true,"href":"https:\/\/www.carnicasiglesias.com\/en\/wp-json\/wp\/v2\/media\/692"}],"wp:attachment":[{"href":"https:\/\/www.carnicasiglesias.com\/en\/wp-json\/wp\/v2\/media?parent=691"}],"wp:term":[{"taxonomy":"category","embeddable":true,"href":"https:\/\/www.carnicasiglesias.com\/en\/wp-json\/wp\/v2\/categories?post=691"},{"taxonomy":"post_tag","embeddable":true,"href":"https:\/\/www.carnicasiglesias.com\/en\/wp-json\/wp\/v2\/tags?post=691"}],"curies":[{"name":"wp","href":"https:\/\/api.w.org\/{rel}","templated":true}]}}