{"id":720,"date":"2018-04-18T17:28:32","date_gmt":"2018-04-18T15:28:32","guid":{"rendered":"http:\/\/www.carnicasiglesias.com\/?p=720"},"modified":"2018-04-19T16:17:41","modified_gmt":"2018-04-19T14:17:41","slug":"empezamos-trabajar-dos-nuevos-distribuidores","status":"publish","type":"post","link":"https:\/\/www.carnicasiglesias.com\/en\/noticias\/empezamos-trabajar-dos-nuevos-distribuidores\/","title":{"rendered":"Trabajamos con dos nuevos distribuidores"},"content":{"rendered":"<p>Empezamos a trabajar con dos nuevos distribuidores: distribuciones Ferrero e Hijos (Zamora) y SMF (Le\u00f3n) bajo nuestra marca Campo Charro.<\/p>\n<p>El 9 y 10 de abril acudimos a la segunda edici\u00f3n de la feria que organiza SMF con proveedores y clientes y que ha sido un \u00e9xito absoluto. La hosteleria de le\u00f3n esta creciendo a base de una extensa oferta de productos de alta calidad.<\/p>\n<p>Con el espiritu de ser la mejor edici\u00f3n de \u201ccapital espa\u00f1ola de la gastronom\u00eda\u201d, Le\u00f3n recibi\u00f3 el pasado 11 de enero el titulo de \u201ccapital espa\u00f1ola de la gastronom\u00eda 2018\u201d, galard\u00f3n obtenido en octubre de 2017 y que desat\u00f3 el entusiamo en Le\u00f3n y en toda la comunidad de Castilla y Le\u00f3n.<\/p>\n<p>&nbsp;<\/p>\n<p><img loading=\"lazy\" decoding=\"async\" class=\"alignleft wp-image-730 size-large\" src=\"http:\/\/www.carnicasiglesias.com\/wp-content\/uploads\/2018\/04\/image007-1024x768.jpg\" alt=\"\" width=\"525\" height=\"394\" srcset=\"https:\/\/www.carnicasiglesias.com\/wp-content\/uploads\/2018\/04\/image007-1024x768.jpg 1024w, https:\/\/www.carnicasiglesias.com\/wp-content\/uploads\/2018\/04\/image007-300x225.jpg 300w, https:\/\/www.carnicasiglesias.com\/wp-content\/uploads\/2018\/04\/image007-768x576.jpg 768w, https:\/\/www.carnicasiglesias.com\/wp-content\/uploads\/2018\/04\/image007.jpg 1632w\" sizes=\"auto, (max-width: 525px) 100vw, 525px\" \/><\/p>\n<p>&nbsp;<\/p>\n<p>&nbsp;<\/p>\n<p>&nbsp;<\/p>\n<p>&nbsp;<\/p>\n<p>&nbsp;<\/p>\n<p>&nbsp;<\/p>\n<p>&nbsp;<\/p>\n<p>&nbsp;<\/p>\n<p>&nbsp;<\/p>\n<p>&nbsp;<\/p>\n<p><img loading=\"lazy\" decoding=\"async\" class=\"alignleft wp-image-725\" src=\"http:\/\/www.carnicasiglesias.com\/wp-content\/uploads\/2018\/04\/logo-2.png\" alt=\"\" width=\"300\" height=\"194\" \/> <img loading=\"lazy\" decoding=\"async\" class=\"alignleft wp-image-726\" src=\"http:\/\/www.carnicasiglesias.com\/wp-content\/uploads\/2018\/04\/Logo-color-Positivo-300x158.jpg\" alt=\"\" width=\"300\" height=\"158\" srcset=\"https:\/\/www.carnicasiglesias.com\/wp-content\/uploads\/2018\/04\/Logo-color-Positivo-300x158.jpg 300w, https:\/\/www.carnicasiglesias.com\/wp-content\/uploads\/2018\/04\/Logo-color-Positivo-768x405.jpg 768w, https:\/\/www.carnicasiglesias.com\/wp-content\/uploads\/2018\/04\/Logo-color-Positivo-1024x540.jpg 1024w\" sizes=\"auto, (max-width: 300px) 100vw, 300px\" \/><img loading=\"lazy\" decoding=\"async\" class=\"alignleft wp-image-727\" src=\"http:\/\/www.carnicasiglesias.com\/wp-content\/uploads\/2018\/04\/Logo-Ferrero-300x152.jpg\" alt=\"\" width=\"300\" height=\"152\" srcset=\"https:\/\/www.carnicasiglesias.com\/wp-content\/uploads\/2018\/04\/Logo-Ferrero-300x152.jpg 300w, https:\/\/www.carnicasiglesias.com\/wp-content\/uploads\/2018\/04\/Logo-Ferrero-768x388.jpg 768w, https:\/\/www.carnicasiglesias.com\/wp-content\/uploads\/2018\/04\/Logo-Ferrero-1024x518.jpg 1024w, https:\/\/www.carnicasiglesias.com\/wp-content\/uploads\/2018\/04\/Logo-Ferrero.jpg 1452w\" sizes=\"auto, (max-width: 300px) 100vw, 300px\" \/><\/p>\n<p>&nbsp;<\/p>\n","protected":false},"excerpt":{"rendered":"<p>Empezamos a trabajar con dos nuevos distribuidores: distribuciones Ferrero e Hijos (Zamora) y SMF (Le\u00f3n) bajo nuestra marca Campo Charro. El 9 y 10 de abril acudimos a la segunda edici\u00f3n de la feria que organiza SMF con proveedores y clientes y que ha sido un \u00e9xito absoluto. La hosteleria de le\u00f3n esta creciendo a &hellip; <\/p>\n<p class=\"link-more\"><a href=\"https:\/\/www.carnicasiglesias.com\/en\/noticias\/empezamos-trabajar-dos-nuevos-distribuidores\/\" class=\"more-link\">Continue reading<span class=\"screen-reader-text\"> &#8220;Trabajamos con dos nuevos distribuidores&#8221;<\/span><\/a><\/p>\n","protected":false},"author":1,"featured_media":724,"comment_status":"open","ping_status":"open","sticky":false,"template":"","format":"standard","meta":{"_acf_changed":false,"footnotes":""},"categories":[9],"tags":[],"class_list":["post-720","post","type-post","status-publish","format-standard","has-post-thumbnail","hentry","category-noticias"],"acf":[],"yoast_head":"<!-- This site is optimized with the Yoast SEO plugin v24.8.1 - https:\/\/yoast.com\/wordpress\/plugins\/seo\/ -->\n<title>Trabajamos con dos nuevos distribuidores | C\u00e1rnicas Iglesias<\/title>\n<meta name=\"description\" content=\"P\u00e1gina de Trabajamos con dos nuevos distribuidores en la cual se encuentra la ficha del producto.\" \/>\n<meta name=\"robots\" content=\"index, follow, max-snippet:-1, max-image-preview:large, max-video-preview:-1\" \/>\n<link rel=\"canonical\" href=\"https:\/\/www.carnicasiglesias.com\/noticias\/empezamos-trabajar-dos-nuevos-distribuidores\/\" \/>\n<meta property=\"og:locale\" content=\"en_US\" \/>\n<meta property=\"og:type\" content=\"article\" \/>\n<meta property=\"og:title\" content=\"Trabajamos con dos nuevos distribuidores | C\u00e1rnicas Iglesias\" \/>\n<meta property=\"og:description\" content=\"P\u00e1gina de Trabajamos con dos nuevos distribuidores en la cual se encuentra la ficha del producto.\" \/>\n<meta property=\"og:url\" content=\"https:\/\/www.carnicasiglesias.com\/noticias\/empezamos-trabajar-dos-nuevos-distribuidores\/\" \/>\n<meta property=\"og:site_name\" content=\"C\u00e1rnicas Iglesias\" \/>\n<meta property=\"article:published_time\" content=\"2018-04-18T15:28:32+00:00\" \/>\n<meta property=\"article:modified_time\" content=\"2018-04-19T14:17:41+00:00\" \/>\n<meta property=\"og:image\" content=\"https:\/\/www.carnicasiglesias.com\/wp-content\/uploads\/2018\/04\/image006-1.jpg\" \/>\n\t<meta property=\"og:image:width\" content=\"1000\" \/>\n\t<meta property=\"og:image:height\" content=\"750\" \/>\n\t<meta property=\"og:image:type\" content=\"image\/jpeg\" \/>\n<meta name=\"author\" content=\"wcarigle\" \/>\n<meta name=\"twitter:card\" content=\"summary_large_image\" \/>\n<meta name=\"twitter:label1\" content=\"Written by\" \/>\n\t<meta name=\"twitter:data1\" content=\"wcarigle\" \/>\n\t<meta name=\"twitter:label2\" content=\"Est. reading time\" \/>\n\t<meta name=\"twitter:data2\" content=\"1 minute\" \/>\n<script type=\"application\/ld+json\" class=\"yoast-schema-graph\">{\"@context\":\"https:\/\/schema.org\",\"@graph\":[{\"@type\":\"WebPage\",\"@id\":\"https:\/\/www.carnicasiglesias.com\/noticias\/empezamos-trabajar-dos-nuevos-distribuidores\/\",\"url\":\"https:\/\/www.carnicasiglesias.com\/noticias\/empezamos-trabajar-dos-nuevos-distribuidores\/\",\"name\":\"Trabajamos con dos nuevos distribuidores | C\u00e1rnicas Iglesias\",\"isPartOf\":{\"@id\":\"https:\/\/www.carnicasiglesias.com\/#website\"},\"primaryImageOfPage\":{\"@id\":\"https:\/\/www.carnicasiglesias.com\/noticias\/empezamos-trabajar-dos-nuevos-distribuidores\/#primaryimage\"},\"image\":{\"@id\":\"https:\/\/www.carnicasiglesias.com\/noticias\/empezamos-trabajar-dos-nuevos-distribuidores\/#primaryimage\"},\"thumbnailUrl\":\"https:\/\/www.carnicasiglesias.com\/wp-content\/uploads\/2018\/04\/image006-1.jpg\",\"datePublished\":\"2018-04-18T15:28:32+00:00\",\"dateModified\":\"2018-04-19T14:17:41+00:00\",\"author\":{\"@id\":\"https:\/\/www.carnicasiglesias.com\/#\/schema\/person\/aaaf7d4dc5dc4bbfeb2f346eb04801eb\"},\"description\":\"P\u00e1gina de Trabajamos con dos nuevos distribuidores en la cual se encuentra la ficha del producto.\",\"breadcrumb\":{\"@id\":\"https:\/\/www.carnicasiglesias.com\/noticias\/empezamos-trabajar-dos-nuevos-distribuidores\/#breadcrumb\"},\"inLanguage\":\"en-US\",\"potentialAction\":[{\"@type\":\"ReadAction\",\"target\":[\"https:\/\/www.carnicasiglesias.com\/noticias\/empezamos-trabajar-dos-nuevos-distribuidores\/\"]}]},{\"@type\":\"ImageObject\",\"inLanguage\":\"en-US\",\"@id\":\"https:\/\/www.carnicasiglesias.com\/noticias\/empezamos-trabajar-dos-nuevos-distribuidores\/#primaryimage\",\"url\":\"https:\/\/www.carnicasiglesias.com\/wp-content\/uploads\/2018\/04\/image006-1.jpg\",\"contentUrl\":\"https:\/\/www.carnicasiglesias.com\/wp-content\/uploads\/2018\/04\/image006-1.jpg\",\"width\":1000,\"height\":750},{\"@type\":\"BreadcrumbList\",\"@id\":\"https:\/\/www.carnicasiglesias.com\/noticias\/empezamos-trabajar-dos-nuevos-distribuidores\/#breadcrumb\",\"itemListElement\":[{\"@type\":\"ListItem\",\"position\":1,\"name\":\"Portada\",\"item\":\"https:\/\/www.carnicasiglesias.com\/en\/\"},{\"@type\":\"ListItem\",\"position\":2,\"name\":\"Trabajamos con dos nuevos distribuidores\"}]},{\"@type\":\"WebSite\",\"@id\":\"https:\/\/www.carnicasiglesias.com\/#website\",\"url\":\"https:\/\/www.carnicasiglesias.com\/\",\"name\":\"C\u00e1rnicas Iglesias\",\"description\":\"P\u00e1gina web de C\u00e1rnicas Iglesias\",\"potentialAction\":[{\"@type\":\"SearchAction\",\"target\":{\"@type\":\"EntryPoint\",\"urlTemplate\":\"https:\/\/www.carnicasiglesias.com\/?s={search_term_string}\"},\"query-input\":{\"@type\":\"PropertyValueSpecification\",\"valueRequired\":true,\"valueName\":\"search_term_string\"}}],\"inLanguage\":\"en-US\"},{\"@type\":\"Person\",\"@id\":\"https:\/\/www.carnicasiglesias.com\/#\/schema\/person\/aaaf7d4dc5dc4bbfeb2f346eb04801eb\",\"name\":\"wcarigle\",\"image\":{\"@type\":\"ImageObject\",\"inLanguage\":\"en-US\",\"@id\":\"https:\/\/www.carnicasiglesias.com\/#\/schema\/person\/image\/\",\"url\":\"https:\/\/secure.gravatar.com\/avatar\/c508261c9bb726f239f6caae30854a8c?s=96&d=mm&r=g\",\"contentUrl\":\"https:\/\/secure.gravatar.com\/avatar\/c508261c9bb726f239f6caae30854a8c?s=96&d=mm&r=g\",\"caption\":\"wcarigle\"}}]}<\/script>\n<!-- \/ Yoast SEO plugin. -->","yoast_head_json":{"title":"Trabajamos con dos nuevos distribuidores | C\u00e1rnicas Iglesias","description":"P\u00e1gina de Trabajamos con dos nuevos distribuidores en la cual se encuentra la ficha del producto.","robots":{"index":"index","follow":"follow","max-snippet":"max-snippet:-1","max-image-preview":"max-image-preview:large","max-video-preview":"max-video-preview:-1"},"canonical":"https:\/\/www.carnicasiglesias.com\/noticias\/empezamos-trabajar-dos-nuevos-distribuidores\/","og_locale":"en_US","og_type":"article","og_title":"Trabajamos con dos nuevos distribuidores | C\u00e1rnicas Iglesias","og_description":"P\u00e1gina de Trabajamos con dos nuevos distribuidores en la cual se encuentra la ficha del producto.","og_url":"https:\/\/www.carnicasiglesias.com\/noticias\/empezamos-trabajar-dos-nuevos-distribuidores\/","og_site_name":"C\u00e1rnicas Iglesias","article_published_time":"2018-04-18T15:28:32+00:00","article_modified_time":"2018-04-19T14:17:41+00:00","og_image":[{"width":1000,"height":750,"url":"https:\/\/www.carnicasiglesias.com\/wp-content\/uploads\/2018\/04\/image006-1.jpg","type":"image\/jpeg"}],"author":"wcarigle","twitter_card":"summary_large_image","twitter_misc":{"Written by":"wcarigle","Est. reading time":"1 minute"},"schema":{"@context":"https:\/\/schema.org","@graph":[{"@type":"WebPage","@id":"https:\/\/www.carnicasiglesias.com\/noticias\/empezamos-trabajar-dos-nuevos-distribuidores\/","url":"https:\/\/www.carnicasiglesias.com\/noticias\/empezamos-trabajar-dos-nuevos-distribuidores\/","name":"Trabajamos con dos nuevos distribuidores | C\u00e1rnicas Iglesias","isPartOf":{"@id":"https:\/\/www.carnicasiglesias.com\/#website"},"primaryImageOfPage":{"@id":"https:\/\/www.carnicasiglesias.com\/noticias\/empezamos-trabajar-dos-nuevos-distribuidores\/#primaryimage"},"image":{"@id":"https:\/\/www.carnicasiglesias.com\/noticias\/empezamos-trabajar-dos-nuevos-distribuidores\/#primaryimage"},"thumbnailUrl":"https:\/\/www.carnicasiglesias.com\/wp-content\/uploads\/2018\/04\/image006-1.jpg","datePublished":"2018-04-18T15:28:32+00:00","dateModified":"2018-04-19T14:17:41+00:00","author":{"@id":"https:\/\/www.carnicasiglesias.com\/#\/schema\/person\/aaaf7d4dc5dc4bbfeb2f346eb04801eb"},"description":"P\u00e1gina de Trabajamos con dos nuevos distribuidores en la cual se encuentra la ficha del producto.","breadcrumb":{"@id":"https:\/\/www.carnicasiglesias.com\/noticias\/empezamos-trabajar-dos-nuevos-distribuidores\/#breadcrumb"},"inLanguage":"en-US","potentialAction":[{"@type":"ReadAction","target":["https:\/\/www.carnicasiglesias.com\/noticias\/empezamos-trabajar-dos-nuevos-distribuidores\/"]}]},{"@type":"ImageObject","inLanguage":"en-US","@id":"https:\/\/www.carnicasiglesias.com\/noticias\/empezamos-trabajar-dos-nuevos-distribuidores\/#primaryimage","url":"https:\/\/www.carnicasiglesias.com\/wp-content\/uploads\/2018\/04\/image006-1.jpg","contentUrl":"https:\/\/www.carnicasiglesias.com\/wp-content\/uploads\/2018\/04\/image006-1.jpg","width":1000,"height":750},{"@type":"BreadcrumbList","@id":"https:\/\/www.carnicasiglesias.com\/noticias\/empezamos-trabajar-dos-nuevos-distribuidores\/#breadcrumb","itemListElement":[{"@type":"ListItem","position":1,"name":"Portada","item":"https:\/\/www.carnicasiglesias.com\/en\/"},{"@type":"ListItem","position":2,"name":"Trabajamos con dos nuevos distribuidores"}]},{"@type":"WebSite","@id":"https:\/\/www.carnicasiglesias.com\/#website","url":"https:\/\/www.carnicasiglesias.com\/","name":"C\u00e1rnicas Iglesias","description":"P\u00e1gina web de C\u00e1rnicas Iglesias","potentialAction":[{"@type":"SearchAction","target":{"@type":"EntryPoint","urlTemplate":"https:\/\/www.carnicasiglesias.com\/?s={search_term_string}"},"query-input":{"@type":"PropertyValueSpecification","valueRequired":true,"valueName":"search_term_string"}}],"inLanguage":"en-US"},{"@type":"Person","@id":"https:\/\/www.carnicasiglesias.com\/#\/schema\/person\/aaaf7d4dc5dc4bbfeb2f346eb04801eb","name":"wcarigle","image":{"@type":"ImageObject","inLanguage":"en-US","@id":"https:\/\/www.carnicasiglesias.com\/#\/schema\/person\/image\/","url":"https:\/\/secure.gravatar.com\/avatar\/c508261c9bb726f239f6caae30854a8c?s=96&d=mm&r=g","contentUrl":"https:\/\/secure.gravatar.com\/avatar\/c508261c9bb726f239f6caae30854a8c?s=96&d=mm&r=g","caption":"wcarigle"}}]}},"_links":{"self":[{"href":"https:\/\/www.carnicasiglesias.com\/en\/wp-json\/wp\/v2\/posts\/720","targetHints":{"allow":["GET"]}}],"collection":[{"href":"https:\/\/www.carnicasiglesias.com\/en\/wp-json\/wp\/v2\/posts"}],"about":[{"href":"https:\/\/www.carnicasiglesias.com\/en\/wp-json\/wp\/v2\/types\/post"}],"author":[{"embeddable":true,"href":"https:\/\/www.carnicasiglesias.com\/en\/wp-json\/wp\/v2\/users\/1"}],"replies":[{"embeddable":true,"href":"https:\/\/www.carnicasiglesias.com\/en\/wp-json\/wp\/v2\/comments?post=720"}],"version-history":[{"count":11,"href":"https:\/\/www.carnicasiglesias.com\/en\/wp-json\/wp\/v2\/posts\/720\/revisions"}],"predecessor-version":[{"id":737,"href":"https:\/\/www.carnicasiglesias.com\/en\/wp-json\/wp\/v2\/posts\/720\/revisions\/737"}],"wp:featuredmedia":[{"embeddable":true,"href":"https:\/\/www.carnicasiglesias.com\/en\/wp-json\/wp\/v2\/media\/724"}],"wp:attachment":[{"href":"https:\/\/www.carnicasiglesias.com\/en\/wp-json\/wp\/v2\/media?parent=720"}],"wp:term":[{"taxonomy":"category","embeddable":true,"href":"https:\/\/www.carnicasiglesias.com\/en\/wp-json\/wp\/v2\/categories?post=720"},{"taxonomy":"post_tag","embeddable":true,"href":"https:\/\/www.carnicasiglesias.com\/en\/wp-json\/wp\/v2\/tags?post=720"}],"curies":[{"name":"wp","href":"https:\/\/api.w.org\/{rel}","templated":true}]}}