{"id":785,"date":"2018-07-05T09:32:57","date_gmt":"2018-07-05T07:32:57","guid":{"rendered":"http:\/\/www.carnicasiglesias.com\/?p=785"},"modified":"2018-07-05T09:35:46","modified_gmt":"2018-07-05T07:35:46","slug":"francisco-iglesias-carnicas-iglesias-nuevo-presidente-del-forum-familiar-castilla-leon","status":"publish","type":"post","link":"https:\/\/www.carnicasiglesias.com\/en\/noticias\/francisco-iglesias-carnicas-iglesias-nuevo-presidente-del-forum-familiar-castilla-leon\/","title":{"rendered":"Francisco Iglesias, nuevo presidente del F\u00f3rum familiar de Castilla y Le\u00f3n"},"content":{"rendered":"<p>Francisco Iglesias Gil, miembro de la familia propietaria de la empresa salmantina C\u00e1rnicas Iglesias, ha sido designado nuevo presidente del F\u00f3rum Familiar de Castilla y Le\u00f3n, entidad que engloba a los j\u00f3venes pertenecientes a las compa\u00f1\u00edas que integran la asociaci\u00f3n Empresa Familiar de Castilla y Le\u00f3n.<\/p>\n<p>Francisco Iglesias sustituye en el cargo a la vallisoletana Beatriz Prieto tras concluir sus dos a\u00f1os de mandato, y su nombramiento fue acordado por unanimidad por la Asamblea General del F\u00f3rum Familiar celebrada en Valladolid.<\/p>\n<p>Tras su designaci\u00f3n, el nuevo presidente del F\u00f3rum Familiar agradeci\u00f3 la oportunidad para continuar con el \u201cgrand\u00edsimo trabajo\u201d que viene realizando esta entidad desde su constituci\u00f3n en el a\u00f1o 2000 \u201cy que Beatriz ha impulsado en estos dos \u00faltimos a\u00f1os\u201d, y anunci\u00f3 que su objetivo ser\u00e1 seguir fomentando el aprendizaje y que los j\u00f3venes de las empresas de la asociaci\u00f3n se involucren de lleno en sus actividades.<\/p>\n<p>Explic\u00f3 que desde ni\u00f1o siempre quiso trabajar en la empresa familiar, pero fue al asistir a un primer encuentro del F\u00f3rum Familiar cuando \u201clo tuve clar\u00edsimo\u201d. \u201cConocer personas que est\u00e1n o han estado en tu misma situaci\u00f3n y comparten los valores de familia y empresa, me dio mucha seguridad y me ayud\u00f3 mucho a la hora de afrontar las distintas etapas de mi vida\u201d, precis\u00f3.<\/p>\n<p>As\u00ed, tras indicar que \u201csomos el futuro de la empresa familiar\u201d, afirm\u00f3 que por ello es fundamental que los j\u00f3venes se formen d\u00eda a d\u00eda para dar continuidad a este gran proyecto. \u201cEntre todos vamos a seguir haciendo crecer el F\u00f3rum\u201d, concluy\u00f3.<\/p>\n<p>En esta l\u00ednea, Beatriz Prieto destac\u00f3 que a lo largo de su mandato \u201chemos tratado de fomentar desde el primer momento el aprendizaje de los j\u00f3venes en el campo empresarial\u201d a trav\u00e9s de diferentes actividades como encuentros con destacados empresarios, visitas a organismos como el BEI en Luxemburgo e iniciativas como la Escuela de Accionistas.<\/p>\n<p>\u201cEl resultado global ha sido muy positivo y personalmente ha sido una experiencia muy enriquecedora\u201d, afirm\u00f3 Beatriz Prieto, quien agradeci\u00f3 el apoyo y colaboraci\u00f3n de todos los miembros del Comit\u00e9 de Direcci\u00f3n del F\u00f3rum Familiar.<\/p>\n<p>Diplomado en Ciencias Empresariales por la Universidad de Salamanca y Licenciado en Investigaci\u00f3n de Mercados por ESIC Business &amp; Marketing School, Francisco Iglesias trabaja actualmente en el \u00e1rea de Producci\u00f3n, Compras, Marketing, Calidad y Comercial de la empresa familiar C\u00e1rnicas Iglesias, a la que se incorpor\u00f3 en el a\u00f1o 2010.<\/p>\n","protected":false},"excerpt":{"rendered":"<p>Francisco Iglesias Gil, miembro de la familia propietaria de la empresa salmantina C\u00e1rnicas Iglesias, ha sido designado nuevo presidente del F\u00f3rum Familiar de Castilla y Le\u00f3n, entidad que engloba a los j\u00f3venes pertenecientes a las compa\u00f1\u00edas que integran la asociaci\u00f3n Empresa Familiar de Castilla y Le\u00f3n. Francisco Iglesias sustituye en el cargo a la vallisoletana &hellip; <\/p>\n<p class=\"link-more\"><a href=\"https:\/\/www.carnicasiglesias.com\/en\/noticias\/francisco-iglesias-carnicas-iglesias-nuevo-presidente-del-forum-familiar-castilla-leon\/\" class=\"more-link\">Continue reading<span class=\"screen-reader-text\"> &#8220;Francisco Iglesias, nuevo presidente del F\u00f3rum familiar de Castilla y Le\u00f3n&#8221;<\/span><\/a><\/p>\n","protected":false},"author":1,"featured_media":786,"comment_status":"open","ping_status":"open","sticky":false,"template":"","format":"standard","meta":{"_acf_changed":false,"footnotes":""},"categories":[9],"tags":[],"class_list":["post-785","post","type-post","status-publish","format-standard","has-post-thumbnail","hentry","category-noticias"],"acf":[],"yoast_head":"<!-- This site is optimized with the Yoast SEO plugin v24.8.1 - https:\/\/yoast.com\/wordpress\/plugins\/seo\/ -->\n<title>Francisco Iglesias, nuevo presidente del F\u00f3rum familiar de Castilla y Le\u00f3n | C\u00e1rnicas Iglesias<\/title>\n<meta name=\"description\" content=\"P\u00e1gina de Francisco Iglesias, nuevo presidente del F\u00f3rum familiar de Castilla y Le\u00f3n en la cual se encuentra la ficha del producto.\" \/>\n<meta name=\"robots\" content=\"index, follow, max-snippet:-1, max-image-preview:large, max-video-preview:-1\" \/>\n<link rel=\"canonical\" href=\"https:\/\/www.carnicasiglesias.com\/noticias\/francisco-iglesias-carnicas-iglesias-nuevo-presidente-del-forum-familiar-castilla-leon\/\" \/>\n<meta property=\"og:locale\" content=\"en_US\" \/>\n<meta property=\"og:type\" content=\"article\" \/>\n<meta property=\"og:title\" content=\"Francisco Iglesias, nuevo presidente del F\u00f3rum familiar de Castilla y Le\u00f3n | C\u00e1rnicas Iglesias\" \/>\n<meta property=\"og:description\" content=\"P\u00e1gina de Francisco Iglesias, nuevo presidente del F\u00f3rum familiar de Castilla y Le\u00f3n en la cual se encuentra la ficha del producto.\" \/>\n<meta property=\"og:url\" content=\"https:\/\/www.carnicasiglesias.com\/noticias\/francisco-iglesias-carnicas-iglesias-nuevo-presidente-del-forum-familiar-castilla-leon\/\" \/>\n<meta property=\"og:site_name\" content=\"C\u00e1rnicas Iglesias\" \/>\n<meta property=\"article:published_time\" content=\"2018-07-05T07:32:57+00:00\" \/>\n<meta property=\"article:modified_time\" content=\"2018-07-05T07:35:46+00:00\" \/>\n<meta property=\"og:image\" content=\"https:\/\/www.carnicasiglesias.com\/wp-content\/uploads\/2018\/07\/carnicas.jpg\" \/>\n\t<meta property=\"og:image:width\" content=\"1066\" \/>\n\t<meta property=\"og:image:height\" content=\"600\" \/>\n\t<meta property=\"og:image:type\" content=\"image\/jpeg\" \/>\n<meta name=\"author\" content=\"wcarigle\" \/>\n<meta name=\"twitter:card\" content=\"summary_large_image\" \/>\n<meta name=\"twitter:label1\" content=\"Written by\" \/>\n\t<meta name=\"twitter:data1\" content=\"wcarigle\" \/>\n\t<meta name=\"twitter:label2\" content=\"Est. reading time\" \/>\n\t<meta name=\"twitter:data2\" content=\"2 minutes\" \/>\n<script type=\"application\/ld+json\" class=\"yoast-schema-graph\">{\"@context\":\"https:\/\/schema.org\",\"@graph\":[{\"@type\":\"WebPage\",\"@id\":\"https:\/\/www.carnicasiglesias.com\/noticias\/francisco-iglesias-carnicas-iglesias-nuevo-presidente-del-forum-familiar-castilla-leon\/\",\"url\":\"https:\/\/www.carnicasiglesias.com\/noticias\/francisco-iglesias-carnicas-iglesias-nuevo-presidente-del-forum-familiar-castilla-leon\/\",\"name\":\"Francisco Iglesias, nuevo presidente del F\u00f3rum familiar de Castilla y Le\u00f3n | C\u00e1rnicas Iglesias\",\"isPartOf\":{\"@id\":\"https:\/\/www.carnicasiglesias.com\/#website\"},\"primaryImageOfPage\":{\"@id\":\"https:\/\/www.carnicasiglesias.com\/noticias\/francisco-iglesias-carnicas-iglesias-nuevo-presidente-del-forum-familiar-castilla-leon\/#primaryimage\"},\"image\":{\"@id\":\"https:\/\/www.carnicasiglesias.com\/noticias\/francisco-iglesias-carnicas-iglesias-nuevo-presidente-del-forum-familiar-castilla-leon\/#primaryimage\"},\"thumbnailUrl\":\"https:\/\/www.carnicasiglesias.com\/wp-content\/uploads\/2018\/07\/carnicas.jpg\",\"datePublished\":\"2018-07-05T07:32:57+00:00\",\"dateModified\":\"2018-07-05T07:35:46+00:00\",\"author\":{\"@id\":\"https:\/\/www.carnicasiglesias.com\/#\/schema\/person\/aaaf7d4dc5dc4bbfeb2f346eb04801eb\"},\"description\":\"P\u00e1gina de Francisco Iglesias, nuevo presidente del F\u00f3rum familiar de Castilla y Le\u00f3n en la cual se encuentra la ficha del producto.\",\"breadcrumb\":{\"@id\":\"https:\/\/www.carnicasiglesias.com\/noticias\/francisco-iglesias-carnicas-iglesias-nuevo-presidente-del-forum-familiar-castilla-leon\/#breadcrumb\"},\"inLanguage\":\"en-US\",\"potentialAction\":[{\"@type\":\"ReadAction\",\"target\":[\"https:\/\/www.carnicasiglesias.com\/noticias\/francisco-iglesias-carnicas-iglesias-nuevo-presidente-del-forum-familiar-castilla-leon\/\"]}]},{\"@type\":\"ImageObject\",\"inLanguage\":\"en-US\",\"@id\":\"https:\/\/www.carnicasiglesias.com\/noticias\/francisco-iglesias-carnicas-iglesias-nuevo-presidente-del-forum-familiar-castilla-leon\/#primaryimage\",\"url\":\"https:\/\/www.carnicasiglesias.com\/wp-content\/uploads\/2018\/07\/carnicas.jpg\",\"contentUrl\":\"https:\/\/www.carnicasiglesias.com\/wp-content\/uploads\/2018\/07\/carnicas.jpg\",\"width\":1066,\"height\":600},{\"@type\":\"BreadcrumbList\",\"@id\":\"https:\/\/www.carnicasiglesias.com\/noticias\/francisco-iglesias-carnicas-iglesias-nuevo-presidente-del-forum-familiar-castilla-leon\/#breadcrumb\",\"itemListElement\":[{\"@type\":\"ListItem\",\"position\":1,\"name\":\"Portada\",\"item\":\"https:\/\/www.carnicasiglesias.com\/en\/\"},{\"@type\":\"ListItem\",\"position\":2,\"name\":\"Francisco Iglesias, nuevo presidente del F\u00f3rum familiar de Castilla y Le\u00f3n\"}]},{\"@type\":\"WebSite\",\"@id\":\"https:\/\/www.carnicasiglesias.com\/#website\",\"url\":\"https:\/\/www.carnicasiglesias.com\/\",\"name\":\"C\u00e1rnicas Iglesias\",\"description\":\"P\u00e1gina web de C\u00e1rnicas Iglesias\",\"potentialAction\":[{\"@type\":\"SearchAction\",\"target\":{\"@type\":\"EntryPoint\",\"urlTemplate\":\"https:\/\/www.carnicasiglesias.com\/?s={search_term_string}\"},\"query-input\":{\"@type\":\"PropertyValueSpecification\",\"valueRequired\":true,\"valueName\":\"search_term_string\"}}],\"inLanguage\":\"en-US\"},{\"@type\":\"Person\",\"@id\":\"https:\/\/www.carnicasiglesias.com\/#\/schema\/person\/aaaf7d4dc5dc4bbfeb2f346eb04801eb\",\"name\":\"wcarigle\",\"image\":{\"@type\":\"ImageObject\",\"inLanguage\":\"en-US\",\"@id\":\"https:\/\/www.carnicasiglesias.com\/#\/schema\/person\/image\/\",\"url\":\"https:\/\/secure.gravatar.com\/avatar\/c508261c9bb726f239f6caae30854a8c?s=96&d=mm&r=g\",\"contentUrl\":\"https:\/\/secure.gravatar.com\/avatar\/c508261c9bb726f239f6caae30854a8c?s=96&d=mm&r=g\",\"caption\":\"wcarigle\"}}]}<\/script>\n<!-- \/ Yoast SEO plugin. -->","yoast_head_json":{"title":"Francisco Iglesias, nuevo presidente del F\u00f3rum familiar de Castilla y Le\u00f3n | C\u00e1rnicas Iglesias","description":"P\u00e1gina de Francisco Iglesias, nuevo presidente del F\u00f3rum familiar de Castilla y Le\u00f3n en la cual se encuentra la ficha del producto.","robots":{"index":"index","follow":"follow","max-snippet":"max-snippet:-1","max-image-preview":"max-image-preview:large","max-video-preview":"max-video-preview:-1"},"canonical":"https:\/\/www.carnicasiglesias.com\/noticias\/francisco-iglesias-carnicas-iglesias-nuevo-presidente-del-forum-familiar-castilla-leon\/","og_locale":"en_US","og_type":"article","og_title":"Francisco Iglesias, nuevo presidente del F\u00f3rum familiar de Castilla y Le\u00f3n | C\u00e1rnicas Iglesias","og_description":"P\u00e1gina de Francisco Iglesias, nuevo presidente del F\u00f3rum familiar de Castilla y Le\u00f3n en la cual se encuentra la ficha del producto.","og_url":"https:\/\/www.carnicasiglesias.com\/noticias\/francisco-iglesias-carnicas-iglesias-nuevo-presidente-del-forum-familiar-castilla-leon\/","og_site_name":"C\u00e1rnicas Iglesias","article_published_time":"2018-07-05T07:32:57+00:00","article_modified_time":"2018-07-05T07:35:46+00:00","og_image":[{"width":1066,"height":600,"url":"https:\/\/www.carnicasiglesias.com\/wp-content\/uploads\/2018\/07\/carnicas.jpg","type":"image\/jpeg"}],"author":"wcarigle","twitter_card":"summary_large_image","twitter_misc":{"Written by":"wcarigle","Est. reading time":"2 minutes"},"schema":{"@context":"https:\/\/schema.org","@graph":[{"@type":"WebPage","@id":"https:\/\/www.carnicasiglesias.com\/noticias\/francisco-iglesias-carnicas-iglesias-nuevo-presidente-del-forum-familiar-castilla-leon\/","url":"https:\/\/www.carnicasiglesias.com\/noticias\/francisco-iglesias-carnicas-iglesias-nuevo-presidente-del-forum-familiar-castilla-leon\/","name":"Francisco Iglesias, nuevo presidente del F\u00f3rum familiar de Castilla y Le\u00f3n | C\u00e1rnicas Iglesias","isPartOf":{"@id":"https:\/\/www.carnicasiglesias.com\/#website"},"primaryImageOfPage":{"@id":"https:\/\/www.carnicasiglesias.com\/noticias\/francisco-iglesias-carnicas-iglesias-nuevo-presidente-del-forum-familiar-castilla-leon\/#primaryimage"},"image":{"@id":"https:\/\/www.carnicasiglesias.com\/noticias\/francisco-iglesias-carnicas-iglesias-nuevo-presidente-del-forum-familiar-castilla-leon\/#primaryimage"},"thumbnailUrl":"https:\/\/www.carnicasiglesias.com\/wp-content\/uploads\/2018\/07\/carnicas.jpg","datePublished":"2018-07-05T07:32:57+00:00","dateModified":"2018-07-05T07:35:46+00:00","author":{"@id":"https:\/\/www.carnicasiglesias.com\/#\/schema\/person\/aaaf7d4dc5dc4bbfeb2f346eb04801eb"},"description":"P\u00e1gina de Francisco Iglesias, nuevo presidente del F\u00f3rum familiar de Castilla y Le\u00f3n en la cual se encuentra la ficha del producto.","breadcrumb":{"@id":"https:\/\/www.carnicasiglesias.com\/noticias\/francisco-iglesias-carnicas-iglesias-nuevo-presidente-del-forum-familiar-castilla-leon\/#breadcrumb"},"inLanguage":"en-US","potentialAction":[{"@type":"ReadAction","target":["https:\/\/www.carnicasiglesias.com\/noticias\/francisco-iglesias-carnicas-iglesias-nuevo-presidente-del-forum-familiar-castilla-leon\/"]}]},{"@type":"ImageObject","inLanguage":"en-US","@id":"https:\/\/www.carnicasiglesias.com\/noticias\/francisco-iglesias-carnicas-iglesias-nuevo-presidente-del-forum-familiar-castilla-leon\/#primaryimage","url":"https:\/\/www.carnicasiglesias.com\/wp-content\/uploads\/2018\/07\/carnicas.jpg","contentUrl":"https:\/\/www.carnicasiglesias.com\/wp-content\/uploads\/2018\/07\/carnicas.jpg","width":1066,"height":600},{"@type":"BreadcrumbList","@id":"https:\/\/www.carnicasiglesias.com\/noticias\/francisco-iglesias-carnicas-iglesias-nuevo-presidente-del-forum-familiar-castilla-leon\/#breadcrumb","itemListElement":[{"@type":"ListItem","position":1,"name":"Portada","item":"https:\/\/www.carnicasiglesias.com\/en\/"},{"@type":"ListItem","position":2,"name":"Francisco Iglesias, nuevo presidente del F\u00f3rum familiar de Castilla y Le\u00f3n"}]},{"@type":"WebSite","@id":"https:\/\/www.carnicasiglesias.com\/#website","url":"https:\/\/www.carnicasiglesias.com\/","name":"C\u00e1rnicas Iglesias","description":"P\u00e1gina web de C\u00e1rnicas Iglesias","potentialAction":[{"@type":"SearchAction","target":{"@type":"EntryPoint","urlTemplate":"https:\/\/www.carnicasiglesias.com\/?s={search_term_string}"},"query-input":{"@type":"PropertyValueSpecification","valueRequired":true,"valueName":"search_term_string"}}],"inLanguage":"en-US"},{"@type":"Person","@id":"https:\/\/www.carnicasiglesias.com\/#\/schema\/person\/aaaf7d4dc5dc4bbfeb2f346eb04801eb","name":"wcarigle","image":{"@type":"ImageObject","inLanguage":"en-US","@id":"https:\/\/www.carnicasiglesias.com\/#\/schema\/person\/image\/","url":"https:\/\/secure.gravatar.com\/avatar\/c508261c9bb726f239f6caae30854a8c?s=96&d=mm&r=g","contentUrl":"https:\/\/secure.gravatar.com\/avatar\/c508261c9bb726f239f6caae30854a8c?s=96&d=mm&r=g","caption":"wcarigle"}}]}},"_links":{"self":[{"href":"https:\/\/www.carnicasiglesias.com\/en\/wp-json\/wp\/v2\/posts\/785","targetHints":{"allow":["GET"]}}],"collection":[{"href":"https:\/\/www.carnicasiglesias.com\/en\/wp-json\/wp\/v2\/posts"}],"about":[{"href":"https:\/\/www.carnicasiglesias.com\/en\/wp-json\/wp\/v2\/types\/post"}],"author":[{"embeddable":true,"href":"https:\/\/www.carnicasiglesias.com\/en\/wp-json\/wp\/v2\/users\/1"}],"replies":[{"embeddable":true,"href":"https:\/\/www.carnicasiglesias.com\/en\/wp-json\/wp\/v2\/comments?post=785"}],"version-history":[{"count":5,"href":"https:\/\/www.carnicasiglesias.com\/en\/wp-json\/wp\/v2\/posts\/785\/revisions"}],"predecessor-version":[{"id":791,"href":"https:\/\/www.carnicasiglesias.com\/en\/wp-json\/wp\/v2\/posts\/785\/revisions\/791"}],"wp:featuredmedia":[{"embeddable":true,"href":"https:\/\/www.carnicasiglesias.com\/en\/wp-json\/wp\/v2\/media\/786"}],"wp:attachment":[{"href":"https:\/\/www.carnicasiglesias.com\/en\/wp-json\/wp\/v2\/media?parent=785"}],"wp:term":[{"taxonomy":"category","embeddable":true,"href":"https:\/\/www.carnicasiglesias.com\/en\/wp-json\/wp\/v2\/categories?post=785"},{"taxonomy":"post_tag","embeddable":true,"href":"https:\/\/www.carnicasiglesias.com\/en\/wp-json\/wp\/v2\/tags?post=785"}],"curies":[{"name":"wp","href":"https:\/\/api.w.org\/{rel}","templated":true}]}}