{"id":867,"date":"2019-02-12T12:24:37","date_gmt":"2019-02-12T11:24:37","guid":{"rendered":"http:\/\/www.carnicasiglesias.com\/?p=867"},"modified":"2019-02-12T12:33:20","modified_gmt":"2019-02-12T11:33:20","slug":"carnicas-iglesias-colabora-aspace-activa-salamanca","status":"publish","type":"post","link":"https:\/\/www.carnicasiglesias.com\/en\/noticias\/carnicas-iglesias-colabora-aspace-activa-salamanca\/","title":{"rendered":"C\u00c1RNICAS IGLESIAS COLABORA CON ASPACE ACTIVA SALAMANCA"},"content":{"rendered":"<p>Desde C\u00e1rnicas Iglesias estamos orgullosos de poder colaborar con ASPACE SALAMANCA, una asociaci\u00f3n comprometida con la sociedad, preocupados por la capacidad funcional, salud y por mejorar la vida de las personas.<\/p>\n<p>Asociaci\u00f3n de padres, madres, tutores y tutoras que junto a personal profesional altamente cualificado y con una dilatada experiencia buscan diariamente un mismo objetivo: ofrecer a las personas con par\u00e1lisis cerebral un espacio donde crecer en oportunidades para disfrutar de la vida y acercarse a ella sin miedos. Todo ello, desde el desarrollo de las competencias propias y la ayuda de otros\/as.<\/p>\n<p>Con esta colaboraci\u00f3n, los trabajadores de Industrias C\u00e1rnicas Iglesias S.A. se podr\u00e1n beneficiar de ventajas en todos sus servicios de fisioterapia, logopedia, psicolog\u00eda, rehabilitaci\u00f3n, asistente personal, etc.<\/p>\n<p><img loading=\"lazy\" decoding=\"async\" class=\"alignnone size-medium wp-image-873\" src=\"http:\/\/www.carnicasiglesias.com\/wp-content\/uploads\/2019\/02\/aspace2-225x300.jpg\" alt=\"\" width=\"225\" height=\"300\" srcset=\"https:\/\/www.carnicasiglesias.com\/wp-content\/uploads\/2019\/02\/aspace2-225x300.jpg 225w, https:\/\/www.carnicasiglesias.com\/wp-content\/uploads\/2019\/02\/aspace2.jpg 400w\" sizes=\"auto, (max-width: 225px) 100vw, 225px\" \/>\u00a0\u00a0\u00a0\u00a0\u00a0<img loading=\"lazy\" decoding=\"async\" class=\"alignnone size-medium wp-image-872\" src=\"http:\/\/www.carnicasiglesias.com\/wp-content\/uploads\/2019\/02\/aspace1-225x300.jpg\" alt=\"\" width=\"225\" height=\"300\" srcset=\"https:\/\/www.carnicasiglesias.com\/wp-content\/uploads\/2019\/02\/aspace1-225x300.jpg 225w, https:\/\/www.carnicasiglesias.com\/wp-content\/uploads\/2019\/02\/aspace1.jpg 400w\" sizes=\"auto, (max-width: 225px) 100vw, 225px\" \/><\/p>\n<p>&nbsp;<\/p>\n","protected":false},"excerpt":{"rendered":"<p>Desde C\u00e1rnicas Iglesias estamos orgullosos de poder colaborar con ASPACE SALAMANCA, una asociaci\u00f3n comprometida con la sociedad, preocupados por la capacidad funcional, salud y por mejorar la vida de las personas. Asociaci\u00f3n de padres, madres, tutores y tutoras que junto a personal profesional altamente cualificado y con una dilatada experiencia buscan diariamente un mismo objetivo: &hellip; <\/p>\n<p class=\"link-more\"><a href=\"https:\/\/www.carnicasiglesias.com\/en\/noticias\/carnicas-iglesias-colabora-aspace-activa-salamanca\/\" class=\"more-link\">Continue reading<span class=\"screen-reader-text\"> &#8220;C\u00c1RNICAS IGLESIAS COLABORA CON ASPACE ACTIVA SALAMANCA&#8221;<\/span><\/a><\/p>\n","protected":false},"author":1,"featured_media":875,"comment_status":"open","ping_status":"open","sticky":false,"template":"","format":"standard","meta":{"_acf_changed":false,"footnotes":""},"categories":[9],"tags":[],"class_list":["post-867","post","type-post","status-publish","format-standard","has-post-thumbnail","hentry","category-noticias"],"acf":[],"yoast_head":"<!-- This site is optimized with the Yoast SEO plugin v24.8.1 - https:\/\/yoast.com\/wordpress\/plugins\/seo\/ -->\n<title>C\u00c1RNICAS IGLESIAS COLABORA CON ASPACE ACTIVA SALAMANCA | C\u00e1rnicas Iglesias<\/title>\n<meta name=\"description\" content=\"P\u00e1gina de C\u00c1RNICAS IGLESIAS COLABORA CON ASPACE ACTIVA SALAMANCA en la cual se encuentra la ficha del producto.\" \/>\n<meta name=\"robots\" content=\"index, follow, max-snippet:-1, max-image-preview:large, max-video-preview:-1\" \/>\n<link rel=\"canonical\" href=\"https:\/\/www.carnicasiglesias.com\/fr\/informations\/carnicas-iglesias-colabora-aspace-activa-salamanca\/\" \/>\n<meta property=\"og:locale\" content=\"en_US\" \/>\n<meta property=\"og:type\" content=\"article\" \/>\n<meta property=\"og:title\" content=\"C\u00c1RNICAS IGLESIAS COLABORA CON ASPACE ACTIVA SALAMANCA | C\u00e1rnicas Iglesias\" \/>\n<meta property=\"og:description\" content=\"P\u00e1gina de C\u00c1RNICAS IGLESIAS COLABORA CON ASPACE ACTIVA SALAMANCA en la cual se encuentra la ficha del producto.\" \/>\n<meta property=\"og:url\" content=\"https:\/\/www.carnicasiglesias.com\/fr\/informations\/carnicas-iglesias-colabora-aspace-activa-salamanca\/\" \/>\n<meta property=\"og:site_name\" content=\"C\u00e1rnicas Iglesias\" \/>\n<meta property=\"article:published_time\" content=\"2019-02-12T11:24:37+00:00\" \/>\n<meta property=\"article:modified_time\" content=\"2019-02-12T11:33:20+00:00\" \/>\n<meta property=\"og:image\" content=\"https:\/\/www.carnicasiglesias.com\/wp-content\/uploads\/2019\/02\/aspace3.jpg\" \/>\n\t<meta property=\"og:image:width\" content=\"600\" \/>\n\t<meta property=\"og:image:height\" content=\"800\" \/>\n\t<meta property=\"og:image:type\" content=\"image\/jpeg\" \/>\n<meta name=\"author\" content=\"wcarigle\" \/>\n<meta name=\"twitter:card\" content=\"summary_large_image\" \/>\n<meta name=\"twitter:label1\" content=\"Written by\" \/>\n\t<meta name=\"twitter:data1\" content=\"wcarigle\" \/>\n\t<meta name=\"twitter:label2\" content=\"Est. reading time\" \/>\n\t<meta name=\"twitter:data2\" content=\"1 minute\" \/>\n<script type=\"application\/ld+json\" class=\"yoast-schema-graph\">{\"@context\":\"https:\/\/schema.org\",\"@graph\":[{\"@type\":\"WebPage\",\"@id\":\"https:\/\/www.carnicasiglesias.com\/fr\/informations\/carnicas-iglesias-colabora-aspace-activa-salamanca\/\",\"url\":\"https:\/\/www.carnicasiglesias.com\/fr\/informations\/carnicas-iglesias-colabora-aspace-activa-salamanca\/\",\"name\":\"C\u00c1RNICAS IGLESIAS COLABORA CON ASPACE ACTIVA SALAMANCA | C\u00e1rnicas Iglesias\",\"isPartOf\":{\"@id\":\"https:\/\/www.carnicasiglesias.com\/#website\"},\"primaryImageOfPage\":{\"@id\":\"https:\/\/www.carnicasiglesias.com\/fr\/informations\/carnicas-iglesias-colabora-aspace-activa-salamanca\/#primaryimage\"},\"image\":{\"@id\":\"https:\/\/www.carnicasiglesias.com\/fr\/informations\/carnicas-iglesias-colabora-aspace-activa-salamanca\/#primaryimage\"},\"thumbnailUrl\":\"https:\/\/www.carnicasiglesias.com\/wp-content\/uploads\/2019\/02\/aspace3.jpg\",\"datePublished\":\"2019-02-12T11:24:37+00:00\",\"dateModified\":\"2019-02-12T11:33:20+00:00\",\"author\":{\"@id\":\"https:\/\/www.carnicasiglesias.com\/#\/schema\/person\/aaaf7d4dc5dc4bbfeb2f346eb04801eb\"},\"description\":\"P\u00e1gina de C\u00c1RNICAS IGLESIAS COLABORA CON ASPACE ACTIVA SALAMANCA en la cual se encuentra la ficha del producto.\",\"breadcrumb\":{\"@id\":\"https:\/\/www.carnicasiglesias.com\/fr\/informations\/carnicas-iglesias-colabora-aspace-activa-salamanca\/#breadcrumb\"},\"inLanguage\":\"en-US\",\"potentialAction\":[{\"@type\":\"ReadAction\",\"target\":[\"https:\/\/www.carnicasiglesias.com\/fr\/informations\/carnicas-iglesias-colabora-aspace-activa-salamanca\/\"]}]},{\"@type\":\"ImageObject\",\"inLanguage\":\"en-US\",\"@id\":\"https:\/\/www.carnicasiglesias.com\/fr\/informations\/carnicas-iglesias-colabora-aspace-activa-salamanca\/#primaryimage\",\"url\":\"https:\/\/www.carnicasiglesias.com\/wp-content\/uploads\/2019\/02\/aspace3.jpg\",\"contentUrl\":\"https:\/\/www.carnicasiglesias.com\/wp-content\/uploads\/2019\/02\/aspace3.jpg\",\"width\":600,\"height\":800},{\"@type\":\"BreadcrumbList\",\"@id\":\"https:\/\/www.carnicasiglesias.com\/fr\/informations\/carnicas-iglesias-colabora-aspace-activa-salamanca\/#breadcrumb\",\"itemListElement\":[{\"@type\":\"ListItem\",\"position\":1,\"name\":\"Portada\",\"item\":\"https:\/\/www.carnicasiglesias.com\/en\/\"},{\"@type\":\"ListItem\",\"position\":2,\"name\":\"C\u00c1RNICAS IGLESIAS COLABORA CON ASPACE ACTIVA SALAMANCA\"}]},{\"@type\":\"WebSite\",\"@id\":\"https:\/\/www.carnicasiglesias.com\/#website\",\"url\":\"https:\/\/www.carnicasiglesias.com\/\",\"name\":\"C\u00e1rnicas Iglesias\",\"description\":\"P\u00e1gina web de C\u00e1rnicas Iglesias\",\"potentialAction\":[{\"@type\":\"SearchAction\",\"target\":{\"@type\":\"EntryPoint\",\"urlTemplate\":\"https:\/\/www.carnicasiglesias.com\/?s={search_term_string}\"},\"query-input\":{\"@type\":\"PropertyValueSpecification\",\"valueRequired\":true,\"valueName\":\"search_term_string\"}}],\"inLanguage\":\"en-US\"},{\"@type\":\"Person\",\"@id\":\"https:\/\/www.carnicasiglesias.com\/#\/schema\/person\/aaaf7d4dc5dc4bbfeb2f346eb04801eb\",\"name\":\"wcarigle\",\"image\":{\"@type\":\"ImageObject\",\"inLanguage\":\"en-US\",\"@id\":\"https:\/\/www.carnicasiglesias.com\/#\/schema\/person\/image\/\",\"url\":\"https:\/\/secure.gravatar.com\/avatar\/c508261c9bb726f239f6caae30854a8c?s=96&d=mm&r=g\",\"contentUrl\":\"https:\/\/secure.gravatar.com\/avatar\/c508261c9bb726f239f6caae30854a8c?s=96&d=mm&r=g\",\"caption\":\"wcarigle\"}}]}<\/script>\n<!-- \/ Yoast SEO plugin. -->","yoast_head_json":{"title":"C\u00c1RNICAS IGLESIAS COLABORA CON ASPACE ACTIVA SALAMANCA | C\u00e1rnicas Iglesias","description":"P\u00e1gina de C\u00c1RNICAS IGLESIAS COLABORA CON ASPACE ACTIVA SALAMANCA en la cual se encuentra la ficha del producto.","robots":{"index":"index","follow":"follow","max-snippet":"max-snippet:-1","max-image-preview":"max-image-preview:large","max-video-preview":"max-video-preview:-1"},"canonical":"https:\/\/www.carnicasiglesias.com\/fr\/informations\/carnicas-iglesias-colabora-aspace-activa-salamanca\/","og_locale":"en_US","og_type":"article","og_title":"C\u00c1RNICAS IGLESIAS COLABORA CON ASPACE ACTIVA SALAMANCA | C\u00e1rnicas Iglesias","og_description":"P\u00e1gina de C\u00c1RNICAS IGLESIAS COLABORA CON ASPACE ACTIVA SALAMANCA en la cual se encuentra la ficha del producto.","og_url":"https:\/\/www.carnicasiglesias.com\/fr\/informations\/carnicas-iglesias-colabora-aspace-activa-salamanca\/","og_site_name":"C\u00e1rnicas Iglesias","article_published_time":"2019-02-12T11:24:37+00:00","article_modified_time":"2019-02-12T11:33:20+00:00","og_image":[{"width":600,"height":800,"url":"https:\/\/www.carnicasiglesias.com\/wp-content\/uploads\/2019\/02\/aspace3.jpg","type":"image\/jpeg"}],"author":"wcarigle","twitter_card":"summary_large_image","twitter_misc":{"Written by":"wcarigle","Est. reading time":"1 minute"},"schema":{"@context":"https:\/\/schema.org","@graph":[{"@type":"WebPage","@id":"https:\/\/www.carnicasiglesias.com\/fr\/informations\/carnicas-iglesias-colabora-aspace-activa-salamanca\/","url":"https:\/\/www.carnicasiglesias.com\/fr\/informations\/carnicas-iglesias-colabora-aspace-activa-salamanca\/","name":"C\u00c1RNICAS IGLESIAS COLABORA CON ASPACE ACTIVA SALAMANCA | C\u00e1rnicas Iglesias","isPartOf":{"@id":"https:\/\/www.carnicasiglesias.com\/#website"},"primaryImageOfPage":{"@id":"https:\/\/www.carnicasiglesias.com\/fr\/informations\/carnicas-iglesias-colabora-aspace-activa-salamanca\/#primaryimage"},"image":{"@id":"https:\/\/www.carnicasiglesias.com\/fr\/informations\/carnicas-iglesias-colabora-aspace-activa-salamanca\/#primaryimage"},"thumbnailUrl":"https:\/\/www.carnicasiglesias.com\/wp-content\/uploads\/2019\/02\/aspace3.jpg","datePublished":"2019-02-12T11:24:37+00:00","dateModified":"2019-02-12T11:33:20+00:00","author":{"@id":"https:\/\/www.carnicasiglesias.com\/#\/schema\/person\/aaaf7d4dc5dc4bbfeb2f346eb04801eb"},"description":"P\u00e1gina de C\u00c1RNICAS IGLESIAS COLABORA CON ASPACE ACTIVA SALAMANCA en la cual se encuentra la ficha del producto.","breadcrumb":{"@id":"https:\/\/www.carnicasiglesias.com\/fr\/informations\/carnicas-iglesias-colabora-aspace-activa-salamanca\/#breadcrumb"},"inLanguage":"en-US","potentialAction":[{"@type":"ReadAction","target":["https:\/\/www.carnicasiglesias.com\/fr\/informations\/carnicas-iglesias-colabora-aspace-activa-salamanca\/"]}]},{"@type":"ImageObject","inLanguage":"en-US","@id":"https:\/\/www.carnicasiglesias.com\/fr\/informations\/carnicas-iglesias-colabora-aspace-activa-salamanca\/#primaryimage","url":"https:\/\/www.carnicasiglesias.com\/wp-content\/uploads\/2019\/02\/aspace3.jpg","contentUrl":"https:\/\/www.carnicasiglesias.com\/wp-content\/uploads\/2019\/02\/aspace3.jpg","width":600,"height":800},{"@type":"BreadcrumbList","@id":"https:\/\/www.carnicasiglesias.com\/fr\/informations\/carnicas-iglesias-colabora-aspace-activa-salamanca\/#breadcrumb","itemListElement":[{"@type":"ListItem","position":1,"name":"Portada","item":"https:\/\/www.carnicasiglesias.com\/en\/"},{"@type":"ListItem","position":2,"name":"C\u00c1RNICAS IGLESIAS COLABORA CON ASPACE ACTIVA SALAMANCA"}]},{"@type":"WebSite","@id":"https:\/\/www.carnicasiglesias.com\/#website","url":"https:\/\/www.carnicasiglesias.com\/","name":"C\u00e1rnicas Iglesias","description":"P\u00e1gina web de C\u00e1rnicas Iglesias","potentialAction":[{"@type":"SearchAction","target":{"@type":"EntryPoint","urlTemplate":"https:\/\/www.carnicasiglesias.com\/?s={search_term_string}"},"query-input":{"@type":"PropertyValueSpecification","valueRequired":true,"valueName":"search_term_string"}}],"inLanguage":"en-US"},{"@type":"Person","@id":"https:\/\/www.carnicasiglesias.com\/#\/schema\/person\/aaaf7d4dc5dc4bbfeb2f346eb04801eb","name":"wcarigle","image":{"@type":"ImageObject","inLanguage":"en-US","@id":"https:\/\/www.carnicasiglesias.com\/#\/schema\/person\/image\/","url":"https:\/\/secure.gravatar.com\/avatar\/c508261c9bb726f239f6caae30854a8c?s=96&d=mm&r=g","contentUrl":"https:\/\/secure.gravatar.com\/avatar\/c508261c9bb726f239f6caae30854a8c?s=96&d=mm&r=g","caption":"wcarigle"}}]}},"_links":{"self":[{"href":"https:\/\/www.carnicasiglesias.com\/en\/wp-json\/wp\/v2\/posts\/867","targetHints":{"allow":["GET"]}}],"collection":[{"href":"https:\/\/www.carnicasiglesias.com\/en\/wp-json\/wp\/v2\/posts"}],"about":[{"href":"https:\/\/www.carnicasiglesias.com\/en\/wp-json\/wp\/v2\/types\/post"}],"author":[{"embeddable":true,"href":"https:\/\/www.carnicasiglesias.com\/en\/wp-json\/wp\/v2\/users\/1"}],"replies":[{"embeddable":true,"href":"https:\/\/www.carnicasiglesias.com\/en\/wp-json\/wp\/v2\/comments?post=867"}],"version-history":[{"count":3,"href":"https:\/\/www.carnicasiglesias.com\/en\/wp-json\/wp\/v2\/posts\/867\/revisions"}],"predecessor-version":[{"id":874,"href":"https:\/\/www.carnicasiglesias.com\/en\/wp-json\/wp\/v2\/posts\/867\/revisions\/874"}],"wp:featuredmedia":[{"embeddable":true,"href":"https:\/\/www.carnicasiglesias.com\/en\/wp-json\/wp\/v2\/media\/875"}],"wp:attachment":[{"href":"https:\/\/www.carnicasiglesias.com\/en\/wp-json\/wp\/v2\/media?parent=867"}],"wp:term":[{"taxonomy":"category","embeddable":true,"href":"https:\/\/www.carnicasiglesias.com\/en\/wp-json\/wp\/v2\/categories?post=867"},{"taxonomy":"post_tag","embeddable":true,"href":"https:\/\/www.carnicasiglesias.com\/en\/wp-json\/wp\/v2\/tags?post=867"}],"curies":[{"name":"wp","href":"https:\/\/api.w.org\/{rel}","templated":true}]}}