{"id":905,"date":"2019-07-30T11:08:37","date_gmt":"2019-07-30T09:08:37","guid":{"rendered":"https:\/\/www.carnicasiglesias.com\/?p=905"},"modified":"2019-07-30T11:11:22","modified_gmt":"2019-07-30T09:11:22","slug":"carnicas-iglesias-recibe-homenaje-del-ayuntamiento-santa-marta-vinculacion-la-localidad","status":"publish","type":"post","link":"https:\/\/www.carnicasiglesias.com\/en\/noticias\/carnicas-iglesias-recibe-homenaje-del-ayuntamiento-santa-marta-vinculacion-la-localidad\/","title":{"rendered":"C\u00c1RNICAS IGLESIAS RECIBE EL HOMENAJE DEL AYUNTAMIENTO DE SANTA MARTA POR SU VINCULACI\u00d3N A LA LOCALIDAD"},"content":{"rendered":"<p>Hoy Paco Iglesias Gil, en representaci\u00f3n de nuestra Empresa, ha recibido el homenaje del Ayto. de Santa Marta y de los vecinos por la impecable trayectoria y la vinculaci\u00f3n de Industrias C\u00e1rnicas Iglesias S.A. a #SantaMarta desde 1928. \u00a1Muchas gracias!. As\u00ed da gusto.<\/p>\n<p>&nbsp;<\/p>\n<div id='gallery-1' class='gallery galleryid-905 gallery-columns-4 gallery-size-medium'><figure class='gallery-item'>\n\t\t\t<div class='gallery-icon landscape'>\n\t\t\t\t<img loading=\"lazy\" decoding=\"async\" width=\"300\" height=\"169\" src=\"https:\/\/www.carnicasiglesias.com\/wp-content\/uploads\/2019\/07\/GRUPO-300x169.png\" class=\"attachment-medium size-medium\" alt=\"\" srcset=\"https:\/\/www.carnicasiglesias.com\/wp-content\/uploads\/2019\/07\/GRUPO-300x169.png 300w, https:\/\/www.carnicasiglesias.com\/wp-content\/uploads\/2019\/07\/GRUPO-768x432.png 768w, https:\/\/www.carnicasiglesias.com\/wp-content\/uploads\/2019\/07\/GRUPO-1024x576.png 1024w, https:\/\/www.carnicasiglesias.com\/wp-content\/uploads\/2019\/07\/GRUPO.png 1328w\" sizes=\"auto, 100vw\" \/>\n\t\t\t<\/div><\/figure><figure class='gallery-item'>\n\t\t\t<div class='gallery-icon landscape'>\n\t\t\t\t<img loading=\"lazy\" decoding=\"async\" width=\"300\" height=\"200\" src=\"https:\/\/www.carnicasiglesias.com\/wp-content\/uploads\/2019\/07\/67580528_652998018554587_160856828861743104_o-300x200.jpg\" class=\"attachment-medium size-medium\" alt=\"\" srcset=\"https:\/\/www.carnicasiglesias.com\/wp-content\/uploads\/2019\/07\/67580528_652998018554587_160856828861743104_o-300x200.jpg 300w, https:\/\/www.carnicasiglesias.com\/wp-content\/uploads\/2019\/07\/67580528_652998018554587_160856828861743104_o-768x512.jpg 768w, https:\/\/www.carnicasiglesias.com\/wp-content\/uploads\/2019\/07\/67580528_652998018554587_160856828861743104_o-1024x683.jpg 1024w, https:\/\/www.carnicasiglesias.com\/wp-content\/uploads\/2019\/07\/67580528_652998018554587_160856828861743104_o.jpg 1440w\" sizes=\"auto, 100vw\" \/>\n\t\t\t<\/div><\/figure><figure class='gallery-item'>\n\t\t\t<div class='gallery-icon landscape'>\n\t\t\t\t<img loading=\"lazy\" decoding=\"async\" width=\"300\" height=\"200\" src=\"https:\/\/www.carnicasiglesias.com\/wp-content\/uploads\/2019\/07\/67962878_652998171887905_2473890760085209088_o-300x200.jpg\" class=\"attachment-medium size-medium\" alt=\"\" srcset=\"https:\/\/www.carnicasiglesias.com\/wp-content\/uploads\/2019\/07\/67962878_652998171887905_2473890760085209088_o-300x200.jpg 300w, https:\/\/www.carnicasiglesias.com\/wp-content\/uploads\/2019\/07\/67962878_652998171887905_2473890760085209088_o-768x512.jpg 768w, https:\/\/www.carnicasiglesias.com\/wp-content\/uploads\/2019\/07\/67962878_652998171887905_2473890760085209088_o-1024x683.jpg 1024w, https:\/\/www.carnicasiglesias.com\/wp-content\/uploads\/2019\/07\/67962878_652998171887905_2473890760085209088_o.jpg 1440w\" sizes=\"auto, 100vw\" \/>\n\t\t\t<\/div><\/figure><figure class='gallery-item'>\n\t\t\t<div class='gallery-icon landscape'>\n\t\t\t\t<img loading=\"lazy\" decoding=\"async\" width=\"300\" height=\"200\" src=\"https:\/\/www.carnicasiglesias.com\/wp-content\/uploads\/2019\/07\/67404874_652998008554588_5532105786362167296_o-300x200.jpg\" class=\"attachment-medium size-medium\" alt=\"\" srcset=\"https:\/\/www.carnicasiglesias.com\/wp-content\/uploads\/2019\/07\/67404874_652998008554588_5532105786362167296_o-300x200.jpg 300w, https:\/\/www.carnicasiglesias.com\/wp-content\/uploads\/2019\/07\/67404874_652998008554588_5532105786362167296_o-768x512.jpg 768w, https:\/\/www.carnicasiglesias.com\/wp-content\/uploads\/2019\/07\/67404874_652998008554588_5532105786362167296_o-1024x683.jpg 1024w, https:\/\/www.carnicasiglesias.com\/wp-content\/uploads\/2019\/07\/67404874_652998008554588_5532105786362167296_o.jpg 1440w\" sizes=\"auto, 100vw\" \/>\n\t\t\t<\/div><\/figure>\n\t\t<\/div>\n\n","protected":false},"excerpt":{"rendered":"<p>Hoy Paco Iglesias Gil, en representaci\u00f3n de nuestra Empresa, ha recibido el homenaje del Ayto. de Santa Marta y de los vecinos por la impecable trayectoria y la vinculaci\u00f3n de Industrias C\u00e1rnicas Iglesias S.A. a #SantaMarta desde 1928. \u00a1Muchas gracias!. As\u00ed da gusto. &nbsp;<\/p>\n","protected":false},"author":1,"featured_media":912,"comment_status":"open","ping_status":"open","sticky":false,"template":"","format":"standard","meta":{"_acf_changed":false,"footnotes":""},"categories":[9],"tags":[],"class_list":["post-905","post","type-post","status-publish","format-standard","has-post-thumbnail","hentry","category-noticias"],"acf":[],"yoast_head":"<!-- This site is optimized with the Yoast SEO plugin v24.8.1 - https:\/\/yoast.com\/wordpress\/plugins\/seo\/ -->\n<title>C\u00c1RNICAS IGLESIAS RECIBE EL HOMENAJE DEL AYUNTAMIENTO DE SANTA MARTA POR SU VINCULACI\u00d3N A LA LOCALIDAD | C\u00e1rnicas Iglesias<\/title>\n<meta name=\"description\" content=\"P\u00e1gina de C\u00c1RNICAS IGLESIAS RECIBE EL HOMENAJE DEL AYUNTAMIENTO DE SANTA MARTA POR SU VINCULACI\u00d3N A LA LOCALIDAD en la cual se encuentra la ficha del producto.\" \/>\n<meta name=\"robots\" content=\"index, follow, max-snippet:-1, max-image-preview:large, max-video-preview:-1\" \/>\n<link rel=\"canonical\" href=\"https:\/\/www.carnicasiglesias.com\/noticias\/carnicas-iglesias-recibe-homenaje-del-ayuntamiento-santa-marta-vinculacion-la-localidad\/\" \/>\n<meta property=\"og:locale\" content=\"en_US\" \/>\n<meta property=\"og:type\" content=\"article\" \/>\n<meta property=\"og:title\" content=\"C\u00c1RNICAS IGLESIAS RECIBE EL HOMENAJE DEL AYUNTAMIENTO DE SANTA MARTA POR SU VINCULACI\u00d3N A LA LOCALIDAD | C\u00e1rnicas Iglesias\" \/>\n<meta property=\"og:description\" content=\"P\u00e1gina de C\u00c1RNICAS IGLESIAS RECIBE EL HOMENAJE DEL AYUNTAMIENTO DE SANTA MARTA POR SU VINCULACI\u00d3N A LA LOCALIDAD en la cual se encuentra la ficha del producto.\" \/>\n<meta property=\"og:url\" content=\"https:\/\/www.carnicasiglesias.com\/noticias\/carnicas-iglesias-recibe-homenaje-del-ayuntamiento-santa-marta-vinculacion-la-localidad\/\" \/>\n<meta property=\"og:site_name\" content=\"C\u00e1rnicas Iglesias\" \/>\n<meta property=\"article:published_time\" content=\"2019-07-30T09:08:37+00:00\" \/>\n<meta property=\"article:modified_time\" content=\"2019-07-30T09:11:22+00:00\" \/>\n<meta property=\"og:image\" content=\"https:\/\/www.carnicasiglesias.com\/wp-content\/uploads\/2019\/07\/67082639_652998118554577_7732812286842109952_o.jpg\" \/>\n\t<meta property=\"og:image:width\" content=\"1000\" \/>\n\t<meta property=\"og:image:height\" content=\"667\" \/>\n\t<meta property=\"og:image:type\" content=\"image\/jpeg\" \/>\n<meta name=\"author\" content=\"wcarigle\" \/>\n<meta name=\"twitter:card\" content=\"summary_large_image\" \/>\n<meta name=\"twitter:label1\" content=\"Written by\" \/>\n\t<meta name=\"twitter:data1\" content=\"wcarigle\" \/>\n<script type=\"application\/ld+json\" class=\"yoast-schema-graph\">{\"@context\":\"https:\/\/schema.org\",\"@graph\":[{\"@type\":\"WebPage\",\"@id\":\"https:\/\/www.carnicasiglesias.com\/noticias\/carnicas-iglesias-recibe-homenaje-del-ayuntamiento-santa-marta-vinculacion-la-localidad\/\",\"url\":\"https:\/\/www.carnicasiglesias.com\/noticias\/carnicas-iglesias-recibe-homenaje-del-ayuntamiento-santa-marta-vinculacion-la-localidad\/\",\"name\":\"C\u00c1RNICAS IGLESIAS RECIBE EL HOMENAJE DEL AYUNTAMIENTO DE SANTA MARTA POR SU VINCULACI\u00d3N A LA LOCALIDAD | C\u00e1rnicas Iglesias\",\"isPartOf\":{\"@id\":\"https:\/\/www.carnicasiglesias.com\/#website\"},\"primaryImageOfPage\":{\"@id\":\"https:\/\/www.carnicasiglesias.com\/noticias\/carnicas-iglesias-recibe-homenaje-del-ayuntamiento-santa-marta-vinculacion-la-localidad\/#primaryimage\"},\"image\":{\"@id\":\"https:\/\/www.carnicasiglesias.com\/noticias\/carnicas-iglesias-recibe-homenaje-del-ayuntamiento-santa-marta-vinculacion-la-localidad\/#primaryimage\"},\"thumbnailUrl\":\"https:\/\/www.carnicasiglesias.com\/wp-content\/uploads\/2019\/07\/67082639_652998118554577_7732812286842109952_o.jpg\",\"datePublished\":\"2019-07-30T09:08:37+00:00\",\"dateModified\":\"2019-07-30T09:11:22+00:00\",\"author\":{\"@id\":\"https:\/\/www.carnicasiglesias.com\/#\/schema\/person\/aaaf7d4dc5dc4bbfeb2f346eb04801eb\"},\"description\":\"P\u00e1gina de C\u00c1RNICAS IGLESIAS RECIBE EL HOMENAJE DEL AYUNTAMIENTO DE SANTA MARTA POR SU VINCULACI\u00d3N A LA LOCALIDAD en la cual se encuentra la ficha del producto.\",\"breadcrumb\":{\"@id\":\"https:\/\/www.carnicasiglesias.com\/noticias\/carnicas-iglesias-recibe-homenaje-del-ayuntamiento-santa-marta-vinculacion-la-localidad\/#breadcrumb\"},\"inLanguage\":\"en-US\",\"potentialAction\":[{\"@type\":\"ReadAction\",\"target\":[\"https:\/\/www.carnicasiglesias.com\/noticias\/carnicas-iglesias-recibe-homenaje-del-ayuntamiento-santa-marta-vinculacion-la-localidad\/\"]}]},{\"@type\":\"ImageObject\",\"inLanguage\":\"en-US\",\"@id\":\"https:\/\/www.carnicasiglesias.com\/noticias\/carnicas-iglesias-recibe-homenaje-del-ayuntamiento-santa-marta-vinculacion-la-localidad\/#primaryimage\",\"url\":\"https:\/\/www.carnicasiglesias.com\/wp-content\/uploads\/2019\/07\/67082639_652998118554577_7732812286842109952_o.jpg\",\"contentUrl\":\"https:\/\/www.carnicasiglesias.com\/wp-content\/uploads\/2019\/07\/67082639_652998118554577_7732812286842109952_o.jpg\",\"width\":1000,\"height\":667},{\"@type\":\"BreadcrumbList\",\"@id\":\"https:\/\/www.carnicasiglesias.com\/noticias\/carnicas-iglesias-recibe-homenaje-del-ayuntamiento-santa-marta-vinculacion-la-localidad\/#breadcrumb\",\"itemListElement\":[{\"@type\":\"ListItem\",\"position\":1,\"name\":\"Portada\",\"item\":\"https:\/\/www.carnicasiglesias.com\/en\/\"},{\"@type\":\"ListItem\",\"position\":2,\"name\":\"C\u00c1RNICAS IGLESIAS RECIBE EL HOMENAJE DEL AYUNTAMIENTO DE SANTA MARTA POR SU VINCULACI\u00d3N A LA LOCALIDAD\"}]},{\"@type\":\"WebSite\",\"@id\":\"https:\/\/www.carnicasiglesias.com\/#website\",\"url\":\"https:\/\/www.carnicasiglesias.com\/\",\"name\":\"C\u00e1rnicas Iglesias\",\"description\":\"P\u00e1gina web de C\u00e1rnicas Iglesias\",\"potentialAction\":[{\"@type\":\"SearchAction\",\"target\":{\"@type\":\"EntryPoint\",\"urlTemplate\":\"https:\/\/www.carnicasiglesias.com\/?s={search_term_string}\"},\"query-input\":{\"@type\":\"PropertyValueSpecification\",\"valueRequired\":true,\"valueName\":\"search_term_string\"}}],\"inLanguage\":\"en-US\"},{\"@type\":\"Person\",\"@id\":\"https:\/\/www.carnicasiglesias.com\/#\/schema\/person\/aaaf7d4dc5dc4bbfeb2f346eb04801eb\",\"name\":\"wcarigle\",\"image\":{\"@type\":\"ImageObject\",\"inLanguage\":\"en-US\",\"@id\":\"https:\/\/www.carnicasiglesias.com\/#\/schema\/person\/image\/\",\"url\":\"https:\/\/secure.gravatar.com\/avatar\/c508261c9bb726f239f6caae30854a8c?s=96&d=mm&r=g\",\"contentUrl\":\"https:\/\/secure.gravatar.com\/avatar\/c508261c9bb726f239f6caae30854a8c?s=96&d=mm&r=g\",\"caption\":\"wcarigle\"}}]}<\/script>\n<!-- \/ Yoast SEO plugin. -->","yoast_head_json":{"title":"C\u00c1RNICAS IGLESIAS RECIBE EL HOMENAJE DEL AYUNTAMIENTO DE SANTA MARTA POR SU VINCULACI\u00d3N A LA LOCALIDAD | C\u00e1rnicas Iglesias","description":"P\u00e1gina de C\u00c1RNICAS IGLESIAS RECIBE EL HOMENAJE DEL AYUNTAMIENTO DE SANTA MARTA POR SU VINCULACI\u00d3N A LA LOCALIDAD en la cual se encuentra la ficha del producto.","robots":{"index":"index","follow":"follow","max-snippet":"max-snippet:-1","max-image-preview":"max-image-preview:large","max-video-preview":"max-video-preview:-1"},"canonical":"https:\/\/www.carnicasiglesias.com\/noticias\/carnicas-iglesias-recibe-homenaje-del-ayuntamiento-santa-marta-vinculacion-la-localidad\/","og_locale":"en_US","og_type":"article","og_title":"C\u00c1RNICAS IGLESIAS RECIBE EL HOMENAJE DEL AYUNTAMIENTO DE SANTA MARTA POR SU VINCULACI\u00d3N A LA LOCALIDAD | C\u00e1rnicas Iglesias","og_description":"P\u00e1gina de C\u00c1RNICAS IGLESIAS RECIBE EL HOMENAJE DEL AYUNTAMIENTO DE SANTA MARTA POR SU VINCULACI\u00d3N A LA LOCALIDAD en la cual se encuentra la ficha del producto.","og_url":"https:\/\/www.carnicasiglesias.com\/noticias\/carnicas-iglesias-recibe-homenaje-del-ayuntamiento-santa-marta-vinculacion-la-localidad\/","og_site_name":"C\u00e1rnicas Iglesias","article_published_time":"2019-07-30T09:08:37+00:00","article_modified_time":"2019-07-30T09:11:22+00:00","og_image":[{"width":1000,"height":667,"url":"https:\/\/www.carnicasiglesias.com\/wp-content\/uploads\/2019\/07\/67082639_652998118554577_7732812286842109952_o.jpg","type":"image\/jpeg"}],"author":"wcarigle","twitter_card":"summary_large_image","twitter_misc":{"Written by":"wcarigle"},"schema":{"@context":"https:\/\/schema.org","@graph":[{"@type":"WebPage","@id":"https:\/\/www.carnicasiglesias.com\/noticias\/carnicas-iglesias-recibe-homenaje-del-ayuntamiento-santa-marta-vinculacion-la-localidad\/","url":"https:\/\/www.carnicasiglesias.com\/noticias\/carnicas-iglesias-recibe-homenaje-del-ayuntamiento-santa-marta-vinculacion-la-localidad\/","name":"C\u00c1RNICAS IGLESIAS RECIBE EL HOMENAJE DEL AYUNTAMIENTO DE SANTA MARTA POR SU VINCULACI\u00d3N A LA LOCALIDAD | C\u00e1rnicas Iglesias","isPartOf":{"@id":"https:\/\/www.carnicasiglesias.com\/#website"},"primaryImageOfPage":{"@id":"https:\/\/www.carnicasiglesias.com\/noticias\/carnicas-iglesias-recibe-homenaje-del-ayuntamiento-santa-marta-vinculacion-la-localidad\/#primaryimage"},"image":{"@id":"https:\/\/www.carnicasiglesias.com\/noticias\/carnicas-iglesias-recibe-homenaje-del-ayuntamiento-santa-marta-vinculacion-la-localidad\/#primaryimage"},"thumbnailUrl":"https:\/\/www.carnicasiglesias.com\/wp-content\/uploads\/2019\/07\/67082639_652998118554577_7732812286842109952_o.jpg","datePublished":"2019-07-30T09:08:37+00:00","dateModified":"2019-07-30T09:11:22+00:00","author":{"@id":"https:\/\/www.carnicasiglesias.com\/#\/schema\/person\/aaaf7d4dc5dc4bbfeb2f346eb04801eb"},"description":"P\u00e1gina de C\u00c1RNICAS IGLESIAS RECIBE EL HOMENAJE DEL AYUNTAMIENTO DE SANTA MARTA POR SU VINCULACI\u00d3N A LA LOCALIDAD en la cual se encuentra la ficha del producto.","breadcrumb":{"@id":"https:\/\/www.carnicasiglesias.com\/noticias\/carnicas-iglesias-recibe-homenaje-del-ayuntamiento-santa-marta-vinculacion-la-localidad\/#breadcrumb"},"inLanguage":"en-US","potentialAction":[{"@type":"ReadAction","target":["https:\/\/www.carnicasiglesias.com\/noticias\/carnicas-iglesias-recibe-homenaje-del-ayuntamiento-santa-marta-vinculacion-la-localidad\/"]}]},{"@type":"ImageObject","inLanguage":"en-US","@id":"https:\/\/www.carnicasiglesias.com\/noticias\/carnicas-iglesias-recibe-homenaje-del-ayuntamiento-santa-marta-vinculacion-la-localidad\/#primaryimage","url":"https:\/\/www.carnicasiglesias.com\/wp-content\/uploads\/2019\/07\/67082639_652998118554577_7732812286842109952_o.jpg","contentUrl":"https:\/\/www.carnicasiglesias.com\/wp-content\/uploads\/2019\/07\/67082639_652998118554577_7732812286842109952_o.jpg","width":1000,"height":667},{"@type":"BreadcrumbList","@id":"https:\/\/www.carnicasiglesias.com\/noticias\/carnicas-iglesias-recibe-homenaje-del-ayuntamiento-santa-marta-vinculacion-la-localidad\/#breadcrumb","itemListElement":[{"@type":"ListItem","position":1,"name":"Portada","item":"https:\/\/www.carnicasiglesias.com\/en\/"},{"@type":"ListItem","position":2,"name":"C\u00c1RNICAS IGLESIAS RECIBE EL HOMENAJE DEL AYUNTAMIENTO DE SANTA MARTA POR SU VINCULACI\u00d3N A LA LOCALIDAD"}]},{"@type":"WebSite","@id":"https:\/\/www.carnicasiglesias.com\/#website","url":"https:\/\/www.carnicasiglesias.com\/","name":"C\u00e1rnicas Iglesias","description":"P\u00e1gina web de C\u00e1rnicas Iglesias","potentialAction":[{"@type":"SearchAction","target":{"@type":"EntryPoint","urlTemplate":"https:\/\/www.carnicasiglesias.com\/?s={search_term_string}"},"query-input":{"@type":"PropertyValueSpecification","valueRequired":true,"valueName":"search_term_string"}}],"inLanguage":"en-US"},{"@type":"Person","@id":"https:\/\/www.carnicasiglesias.com\/#\/schema\/person\/aaaf7d4dc5dc4bbfeb2f346eb04801eb","name":"wcarigle","image":{"@type":"ImageObject","inLanguage":"en-US","@id":"https:\/\/www.carnicasiglesias.com\/#\/schema\/person\/image\/","url":"https:\/\/secure.gravatar.com\/avatar\/c508261c9bb726f239f6caae30854a8c?s=96&d=mm&r=g","contentUrl":"https:\/\/secure.gravatar.com\/avatar\/c508261c9bb726f239f6caae30854a8c?s=96&d=mm&r=g","caption":"wcarigle"}}]}},"_links":{"self":[{"href":"https:\/\/www.carnicasiglesias.com\/en\/wp-json\/wp\/v2\/posts\/905","targetHints":{"allow":["GET"]}}],"collection":[{"href":"https:\/\/www.carnicasiglesias.com\/en\/wp-json\/wp\/v2\/posts"}],"about":[{"href":"https:\/\/www.carnicasiglesias.com\/en\/wp-json\/wp\/v2\/types\/post"}],"author":[{"embeddable":true,"href":"https:\/\/www.carnicasiglesias.com\/en\/wp-json\/wp\/v2\/users\/1"}],"replies":[{"embeddable":true,"href":"https:\/\/www.carnicasiglesias.com\/en\/wp-json\/wp\/v2\/comments?post=905"}],"version-history":[{"count":3,"href":"https:\/\/www.carnicasiglesias.com\/en\/wp-json\/wp\/v2\/posts\/905\/revisions"}],"predecessor-version":[{"id":914,"href":"https:\/\/www.carnicasiglesias.com\/en\/wp-json\/wp\/v2\/posts\/905\/revisions\/914"}],"wp:featuredmedia":[{"embeddable":true,"href":"https:\/\/www.carnicasiglesias.com\/en\/wp-json\/wp\/v2\/media\/912"}],"wp:attachment":[{"href":"https:\/\/www.carnicasiglesias.com\/en\/wp-json\/wp\/v2\/media?parent=905"}],"wp:term":[{"taxonomy":"category","embeddable":true,"href":"https:\/\/www.carnicasiglesias.com\/en\/wp-json\/wp\/v2\/categories?post=905"},{"taxonomy":"post_tag","embeddable":true,"href":"https:\/\/www.carnicasiglesias.com\/en\/wp-json\/wp\/v2\/tags?post=905"}],"curies":[{"name":"wp","href":"https:\/\/api.w.org\/{rel}","templated":true}]}}