{"id":1581,"date":"2019-12-11T11:58:42","date_gmt":"2019-12-11T10:58:42","guid":{"rendered":"https:\/\/www.carnicasiglesias.com\/?p=1581"},"modified":"2019-12-11T11:58:42","modified_gmt":"2019-12-11T10:58:42","slug":"octubre-castanuelas-de-cerdo-iberico","status":"publish","type":"post","link":"https:\/\/www.carnicasiglesias.com\/fr\/recetas\/octubre-castanuelas-de-cerdo-iberico\/","title":{"rendered":"OCTUBRE \u2013 CASTA\u00d1UELAS DE CERDO IB\u00c9RICO"},"content":{"rendered":"<p><strong>INGREDIENTES:<\/strong><\/p>\n<ul>\n<li>16 casta\u00f1uelas<\/li>\n<li>400 g de grasa Ib\u00e9rica<\/li>\n<li>40 g de grasa de jam\u00f3n ib\u00e9rico<\/li>\n<li>4 lonchas de papada ib\u00e9rica<\/li>\n<li>1 puerro<\/li>\n<li>Hierbas arom\u00e1ticas (1 rama de tomillo, 1 rama de romero)<\/li>\n<li>R\u00facula (al gusto)<\/li>\n<li>Pi\u00f1ones (al gusto)<\/li>\n<li>Vinagreta (lima, aceite de oliva, vinagre, sal y pimienta)<\/li>\n<\/ul>\n<p><strong>MODO DE PREPARACI\u00d3N:<\/strong><\/p>\n<p>Fundir la grasa ib\u00e9rica y la grasa de jam\u00f3n ib\u00e9rico en una olla.<\/p>\n<p>Cortar un puerro por la mitad y a\u00f1adir romero y tomillo a su interior. Sujetar con un cordel para hacer un Bouquet Garni.<\/p>\n<p>Separar la grasa sobrante de las casta\u00f1uelas con un cuchillo.<\/p>\n<p>A\u00f1adir las casta\u00f1uelas y el Bouquet Garni a la olla y confitar durante 1 hora (a fuego suave). Retirar las hierbas arom\u00e1ticas y la grasa de cerdo ib\u00e9rico.<\/p>\n<p>Recuperar las casta\u00f1uelas y dorarlas en una sart\u00e9n con aceite de oliva. Justo antes de sacarlas, poner una tira peque\u00f1a de la papada encima de cada casta\u00f1uela y dejar que se funda y retirar.<\/p>\n<p>Elaborar una vinagreta con aceite de oliva, vinagre, lima, sal y pimienta. Emplatar poniendo un poco de r\u00facula con pi\u00f1ones y vinagreta en el centro y las casta\u00f1uelas alrededor.<\/p>\n","protected":false},"excerpt":{"rendered":"<p>INGREDIENTES: 16 casta\u00f1uelas 400 g de grasa Ib\u00e9rica 40 g de grasa de jam\u00f3n ib\u00e9rico 4 lonchas de papada ib\u00e9rica 1 puerro Hierbas arom\u00e1ticas (1 rama de tomillo, 1 rama de romero) R\u00facula (al gusto) Pi\u00f1ones (al gusto) Vinagreta (lima, aceite de oliva, vinagre, sal y pimienta) MODO DE PREPARACI\u00d3N: Fundir la grasa ib\u00e9rica y &hellip; <\/p>\n<p class=\"link-more\"><a href=\"https:\/\/www.carnicasiglesias.com\/fr\/recetas\/octubre-castanuelas-de-cerdo-iberico\/\" class=\"more-link\">Continue reading<span class=\"screen-reader-text\"> \u00ab\u00a0OCTUBRE \u2013 CASTA\u00d1UELAS DE CERDO IB\u00c9RICO\u00a0\u00bb<\/span><\/a><\/p>\n","protected":false},"author":1,"featured_media":2002,"comment_status":"open","ping_status":"open","sticky":false,"template":"","format":"standard","meta":{"_acf_changed":false,"footnotes":""},"categories":[25],"tags":[],"class_list":["post-1581","post","type-post","status-publish","format-standard","has-post-thumbnail","hentry","category-recetas"],"acf":[],"yoast_head":"<!-- This site is optimized with the Yoast SEO plugin v24.8.1 - https:\/\/yoast.com\/wordpress\/plugins\/seo\/ -->\n<title>OCTUBRE \u2013 CASTA\u00d1UELAS DE CERDO IB\u00c9RICO | C\u00e1rnicas Iglesias<\/title>\n<meta name=\"description\" content=\"P\u00e1gina de OCTUBRE \u2013 CASTA\u00d1UELAS DE CERDO IB\u00c9RICO en la cual se encuentra la ficha del producto.\" \/>\n<meta name=\"robots\" content=\"index, follow, max-snippet:-1, max-image-preview:large, max-video-preview:-1\" \/>\n<link rel=\"canonical\" href=\"https:\/\/www.carnicasiglesias.com\/recetas\/octubre-castanuelas-de-cerdo-iberico\/\" \/>\n<meta property=\"og:locale\" content=\"fr_FR\" \/>\n<meta property=\"og:type\" content=\"article\" \/>\n<meta property=\"og:title\" content=\"OCTUBRE \u2013 CASTA\u00d1UELAS DE CERDO IB\u00c9RICO | C\u00e1rnicas Iglesias\" \/>\n<meta property=\"og:description\" content=\"P\u00e1gina de OCTUBRE \u2013 CASTA\u00d1UELAS DE CERDO IB\u00c9RICO en la cual se encuentra la ficha del producto.\" \/>\n<meta property=\"og:url\" content=\"https:\/\/www.carnicasiglesias.com\/recetas\/octubre-castanuelas-de-cerdo-iberico\/\" \/>\n<meta property=\"og:site_name\" content=\"C\u00e1rnicas Iglesias\" \/>\n<meta property=\"article:published_time\" content=\"2019-12-11T10:58:42+00:00\" \/>\n<meta property=\"og:image\" content=\"https:\/\/www.carnicasiglesias.com\/wp-content\/uploads\/2019\/11\/CASTANUELAS-CON-PAPADA.jpg\" \/>\n\t<meta property=\"og:image:width\" content=\"900\" \/>\n\t<meta property=\"og:image:height\" content=\"600\" \/>\n\t<meta property=\"og:image:type\" content=\"image\/jpeg\" \/>\n<meta name=\"author\" content=\"wcarigle\" \/>\n<meta name=\"twitter:card\" content=\"summary_large_image\" \/>\n<meta name=\"twitter:label1\" content=\"\u00c9crit par\" \/>\n\t<meta name=\"twitter:data1\" content=\"wcarigle\" \/>\n\t<meta name=\"twitter:label2\" content=\"Dur\u00e9e de lecture estim\u00e9e\" \/>\n\t<meta name=\"twitter:data2\" content=\"1 minute\" \/>\n<script type=\"application\/ld+json\" class=\"yoast-schema-graph\">{\"@context\":\"https:\/\/schema.org\",\"@graph\":[{\"@type\":\"WebPage\",\"@id\":\"https:\/\/www.carnicasiglesias.com\/recetas\/octubre-castanuelas-de-cerdo-iberico\/\",\"url\":\"https:\/\/www.carnicasiglesias.com\/recetas\/octubre-castanuelas-de-cerdo-iberico\/\",\"name\":\"OCTUBRE \u2013 CASTA\u00d1UELAS DE CERDO IB\u00c9RICO | C\u00e1rnicas Iglesias\",\"isPartOf\":{\"@id\":\"https:\/\/www.carnicasiglesias.com\/#website\"},\"primaryImageOfPage\":{\"@id\":\"https:\/\/www.carnicasiglesias.com\/recetas\/octubre-castanuelas-de-cerdo-iberico\/#primaryimage\"},\"image\":{\"@id\":\"https:\/\/www.carnicasiglesias.com\/recetas\/octubre-castanuelas-de-cerdo-iberico\/#primaryimage\"},\"thumbnailUrl\":\"https:\/\/www.carnicasiglesias.com\/wp-content\/uploads\/2019\/11\/CASTANUELAS-CON-PAPADA.jpg\",\"datePublished\":\"2019-12-11T10:58:42+00:00\",\"author\":{\"@id\":\"https:\/\/www.carnicasiglesias.com\/#\/schema\/person\/aaaf7d4dc5dc4bbfeb2f346eb04801eb\"},\"description\":\"P\u00e1gina de OCTUBRE \u2013 CASTA\u00d1UELAS DE CERDO IB\u00c9RICO en la cual se encuentra la ficha del producto.\",\"breadcrumb\":{\"@id\":\"https:\/\/www.carnicasiglesias.com\/recetas\/octubre-castanuelas-de-cerdo-iberico\/#breadcrumb\"},\"inLanguage\":\"fr-FR\",\"potentialAction\":[{\"@type\":\"ReadAction\",\"target\":[\"https:\/\/www.carnicasiglesias.com\/recetas\/octubre-castanuelas-de-cerdo-iberico\/\"]}]},{\"@type\":\"ImageObject\",\"inLanguage\":\"fr-FR\",\"@id\":\"https:\/\/www.carnicasiglesias.com\/recetas\/octubre-castanuelas-de-cerdo-iberico\/#primaryimage\",\"url\":\"https:\/\/www.carnicasiglesias.com\/wp-content\/uploads\/2019\/11\/CASTANUELAS-CON-PAPADA.jpg\",\"contentUrl\":\"https:\/\/www.carnicasiglesias.com\/wp-content\/uploads\/2019\/11\/CASTANUELAS-CON-PAPADA.jpg\",\"width\":900,\"height\":600},{\"@type\":\"BreadcrumbList\",\"@id\":\"https:\/\/www.carnicasiglesias.com\/recetas\/octubre-castanuelas-de-cerdo-iberico\/#breadcrumb\",\"itemListElement\":[{\"@type\":\"ListItem\",\"position\":1,\"name\":\"Portada\",\"item\":\"https:\/\/www.carnicasiglesias.com\/fr\/\"},{\"@type\":\"ListItem\",\"position\":2,\"name\":\"OCTUBRE \u2013 CASTA\u00d1UELAS DE CERDO IB\u00c9RICO\"}]},{\"@type\":\"WebSite\",\"@id\":\"https:\/\/www.carnicasiglesias.com\/#website\",\"url\":\"https:\/\/www.carnicasiglesias.com\/\",\"name\":\"C\u00e1rnicas Iglesias\",\"description\":\"P\u00e1gina web de C\u00e1rnicas Iglesias\",\"potentialAction\":[{\"@type\":\"SearchAction\",\"target\":{\"@type\":\"EntryPoint\",\"urlTemplate\":\"https:\/\/www.carnicasiglesias.com\/?s={search_term_string}\"},\"query-input\":{\"@type\":\"PropertyValueSpecification\",\"valueRequired\":true,\"valueName\":\"search_term_string\"}}],\"inLanguage\":\"fr-FR\"},{\"@type\":\"Person\",\"@id\":\"https:\/\/www.carnicasiglesias.com\/#\/schema\/person\/aaaf7d4dc5dc4bbfeb2f346eb04801eb\",\"name\":\"wcarigle\",\"image\":{\"@type\":\"ImageObject\",\"inLanguage\":\"fr-FR\",\"@id\":\"https:\/\/www.carnicasiglesias.com\/#\/schema\/person\/image\/\",\"url\":\"https:\/\/secure.gravatar.com\/avatar\/c508261c9bb726f239f6caae30854a8c?s=96&d=mm&r=g\",\"contentUrl\":\"https:\/\/secure.gravatar.com\/avatar\/c508261c9bb726f239f6caae30854a8c?s=96&d=mm&r=g\",\"caption\":\"wcarigle\"}}]}<\/script>\n<!-- \/ Yoast SEO plugin. -->","yoast_head_json":{"title":"OCTUBRE \u2013 CASTA\u00d1UELAS DE CERDO IB\u00c9RICO | C\u00e1rnicas Iglesias","description":"P\u00e1gina de OCTUBRE \u2013 CASTA\u00d1UELAS DE CERDO IB\u00c9RICO en la cual se encuentra la ficha del producto.","robots":{"index":"index","follow":"follow","max-snippet":"max-snippet:-1","max-image-preview":"max-image-preview:large","max-video-preview":"max-video-preview:-1"},"canonical":"https:\/\/www.carnicasiglesias.com\/recetas\/octubre-castanuelas-de-cerdo-iberico\/","og_locale":"fr_FR","og_type":"article","og_title":"OCTUBRE \u2013 CASTA\u00d1UELAS DE CERDO IB\u00c9RICO | C\u00e1rnicas Iglesias","og_description":"P\u00e1gina de OCTUBRE \u2013 CASTA\u00d1UELAS DE CERDO IB\u00c9RICO en la cual se encuentra la ficha del producto.","og_url":"https:\/\/www.carnicasiglesias.com\/recetas\/octubre-castanuelas-de-cerdo-iberico\/","og_site_name":"C\u00e1rnicas Iglesias","article_published_time":"2019-12-11T10:58:42+00:00","og_image":[{"width":900,"height":600,"url":"https:\/\/www.carnicasiglesias.com\/wp-content\/uploads\/2019\/11\/CASTANUELAS-CON-PAPADA.jpg","type":"image\/jpeg"}],"author":"wcarigle","twitter_card":"summary_large_image","twitter_misc":{"\u00c9crit par":"wcarigle","Dur\u00e9e de lecture estim\u00e9e":"1 minute"},"schema":{"@context":"https:\/\/schema.org","@graph":[{"@type":"WebPage","@id":"https:\/\/www.carnicasiglesias.com\/recetas\/octubre-castanuelas-de-cerdo-iberico\/","url":"https:\/\/www.carnicasiglesias.com\/recetas\/octubre-castanuelas-de-cerdo-iberico\/","name":"OCTUBRE \u2013 CASTA\u00d1UELAS DE CERDO IB\u00c9RICO | C\u00e1rnicas Iglesias","isPartOf":{"@id":"https:\/\/www.carnicasiglesias.com\/#website"},"primaryImageOfPage":{"@id":"https:\/\/www.carnicasiglesias.com\/recetas\/octubre-castanuelas-de-cerdo-iberico\/#primaryimage"},"image":{"@id":"https:\/\/www.carnicasiglesias.com\/recetas\/octubre-castanuelas-de-cerdo-iberico\/#primaryimage"},"thumbnailUrl":"https:\/\/www.carnicasiglesias.com\/wp-content\/uploads\/2019\/11\/CASTANUELAS-CON-PAPADA.jpg","datePublished":"2019-12-11T10:58:42+00:00","author":{"@id":"https:\/\/www.carnicasiglesias.com\/#\/schema\/person\/aaaf7d4dc5dc4bbfeb2f346eb04801eb"},"description":"P\u00e1gina de OCTUBRE \u2013 CASTA\u00d1UELAS DE CERDO IB\u00c9RICO en la cual se encuentra la ficha del producto.","breadcrumb":{"@id":"https:\/\/www.carnicasiglesias.com\/recetas\/octubre-castanuelas-de-cerdo-iberico\/#breadcrumb"},"inLanguage":"fr-FR","potentialAction":[{"@type":"ReadAction","target":["https:\/\/www.carnicasiglesias.com\/recetas\/octubre-castanuelas-de-cerdo-iberico\/"]}]},{"@type":"ImageObject","inLanguage":"fr-FR","@id":"https:\/\/www.carnicasiglesias.com\/recetas\/octubre-castanuelas-de-cerdo-iberico\/#primaryimage","url":"https:\/\/www.carnicasiglesias.com\/wp-content\/uploads\/2019\/11\/CASTANUELAS-CON-PAPADA.jpg","contentUrl":"https:\/\/www.carnicasiglesias.com\/wp-content\/uploads\/2019\/11\/CASTANUELAS-CON-PAPADA.jpg","width":900,"height":600},{"@type":"BreadcrumbList","@id":"https:\/\/www.carnicasiglesias.com\/recetas\/octubre-castanuelas-de-cerdo-iberico\/#breadcrumb","itemListElement":[{"@type":"ListItem","position":1,"name":"Portada","item":"https:\/\/www.carnicasiglesias.com\/fr\/"},{"@type":"ListItem","position":2,"name":"OCTUBRE \u2013 CASTA\u00d1UELAS DE CERDO IB\u00c9RICO"}]},{"@type":"WebSite","@id":"https:\/\/www.carnicasiglesias.com\/#website","url":"https:\/\/www.carnicasiglesias.com\/","name":"C\u00e1rnicas Iglesias","description":"P\u00e1gina web de C\u00e1rnicas Iglesias","potentialAction":[{"@type":"SearchAction","target":{"@type":"EntryPoint","urlTemplate":"https:\/\/www.carnicasiglesias.com\/?s={search_term_string}"},"query-input":{"@type":"PropertyValueSpecification","valueRequired":true,"valueName":"search_term_string"}}],"inLanguage":"fr-FR"},{"@type":"Person","@id":"https:\/\/www.carnicasiglesias.com\/#\/schema\/person\/aaaf7d4dc5dc4bbfeb2f346eb04801eb","name":"wcarigle","image":{"@type":"ImageObject","inLanguage":"fr-FR","@id":"https:\/\/www.carnicasiglesias.com\/#\/schema\/person\/image\/","url":"https:\/\/secure.gravatar.com\/avatar\/c508261c9bb726f239f6caae30854a8c?s=96&d=mm&r=g","contentUrl":"https:\/\/secure.gravatar.com\/avatar\/c508261c9bb726f239f6caae30854a8c?s=96&d=mm&r=g","caption":"wcarigle"}}]}},"_links":{"self":[{"href":"https:\/\/www.carnicasiglesias.com\/fr\/wp-json\/wp\/v2\/posts\/1581","targetHints":{"allow":["GET"]}}],"collection":[{"href":"https:\/\/www.carnicasiglesias.com\/fr\/wp-json\/wp\/v2\/posts"}],"about":[{"href":"https:\/\/www.carnicasiglesias.com\/fr\/wp-json\/wp\/v2\/types\/post"}],"author":[{"embeddable":true,"href":"https:\/\/www.carnicasiglesias.com\/fr\/wp-json\/wp\/v2\/users\/1"}],"replies":[{"embeddable":true,"href":"https:\/\/www.carnicasiglesias.com\/fr\/wp-json\/wp\/v2\/comments?post=1581"}],"version-history":[{"count":2,"href":"https:\/\/www.carnicasiglesias.com\/fr\/wp-json\/wp\/v2\/posts\/1581\/revisions"}],"predecessor-version":[{"id":1958,"href":"https:\/\/www.carnicasiglesias.com\/fr\/wp-json\/wp\/v2\/posts\/1581\/revisions\/1958"}],"wp:featuredmedia":[{"embeddable":true,"href":"https:\/\/www.carnicasiglesias.com\/fr\/wp-json\/wp\/v2\/media\/2002"}],"wp:attachment":[{"href":"https:\/\/www.carnicasiglesias.com\/fr\/wp-json\/wp\/v2\/media?parent=1581"}],"wp:term":[{"taxonomy":"category","embeddable":true,"href":"https:\/\/www.carnicasiglesias.com\/fr\/wp-json\/wp\/v2\/categories?post=1581"},{"taxonomy":"post_tag","embeddable":true,"href":"https:\/\/www.carnicasiglesias.com\/fr\/wp-json\/wp\/v2\/tags?post=1581"}],"curies":[{"name":"wp","href":"https:\/\/api.w.org\/{rel}","templated":true}]}}