{"id":1933,"date":"2019-11-06T08:20:59","date_gmt":"2019-11-06T07:20:59","guid":{"rendered":"https:\/\/www.carnicasiglesias.com\/?p=1933"},"modified":"2019-11-06T08:20:59","modified_gmt":"2019-11-06T07:20:59","slug":"iglesias-present-ses-produits-en-serbie","status":"publish","type":"post","link":"https:\/\/www.carnicasiglesias.com\/fr\/informations\/iglesias-present-ses-produits-en-serbie\/","title":{"rendered":"IGLESIAS PRESENT SES PRODUITS EN SERBIE"},"content":{"rendered":"<p>Carnicas Iglesias a pr\u00e9sent\u00e9 ses produits au salon organis\u00e9 par le bureau commercial ICEX \u00e0 Belgrade, en Serbie, avec la participation de 45 participants de la cha\u00eene HORECA. Le public a montr\u00e9 un grand int\u00e9r\u00eat pour les produits d&rsquo;Iglesias des trois qualit\u00e9s: Serrano, Ib\u00e9rique et Bellota, mais l\u2019ib\u00e9rique a \u00e9t\u00e9 la qualit\u00e9 la plus recherch\u00e9e.<\/p>\n<p>Parmi les produits d&rsquo;int\u00e9r\u00eat le plus \u00e9lev\u00e9 pr\u00e9sent\u00e9s, ont \u00e9t\u00e9 des assortiments de ib\u00e9rique (longe, jambon, chorizo et salchichon), du chorizo artisan style de maison et du chorizo sans additifs.<\/p>\n","protected":false},"excerpt":{"rendered":"<p>Carnicas Iglesias a pr\u00e9sent\u00e9 ses produits au salon organis\u00e9 par le bureau commercial ICEX \u00e0 Belgrade, en Serbie, avec la participation de 45 participants de la cha\u00eene HORECA. Le public a montr\u00e9 un grand int\u00e9r\u00eat pour les produits d&rsquo;Iglesias des trois qualit\u00e9s: Serrano, Ib\u00e9rique et Bellota, mais l\u2019ib\u00e9rique a \u00e9t\u00e9 la qualit\u00e9 la plus recherch\u00e9e. &hellip; <\/p>\n<p class=\"link-more\"><a href=\"https:\/\/www.carnicasiglesias.com\/fr\/informations\/iglesias-present-ses-produits-en-serbie\/\" class=\"more-link\">Continue reading<span class=\"screen-reader-text\"> \u00ab\u00a0IGLESIAS PRESENT SES PRODUITS EN SERBIE\u00a0\u00bb<\/span><\/a><\/p>\n","protected":false},"author":1,"featured_media":1906,"comment_status":"open","ping_status":"open","sticky":false,"template":"","format":"standard","meta":{"_acf_changed":false,"footnotes":""},"categories":[61],"tags":[],"class_list":["post-1933","post","type-post","status-publish","format-standard","has-post-thumbnail","hentry","category-informations"],"acf":[],"yoast_head":"<!-- This site is optimized with the Yoast SEO plugin v24.8.1 - https:\/\/yoast.com\/wordpress\/plugins\/seo\/ -->\n<title>IGLESIAS PRESENT SES PRODUITS EN SERBIE | C\u00e1rnicas Iglesias<\/title>\n<meta name=\"description\" content=\"P\u00e1gina de IGLESIAS PRESENT SES PRODUITS EN SERBIE en la cual se encuentra la ficha del producto.\" \/>\n<meta name=\"robots\" content=\"index, follow, max-snippet:-1, max-image-preview:large, max-video-preview:-1\" \/>\n<link rel=\"canonical\" href=\"https:\/\/www.carnicasiglesias.com\/noticias\/iglesias-presenta-sus-productos-en-serbia\/\" \/>\n<meta property=\"og:locale\" content=\"fr_FR\" \/>\n<meta property=\"og:type\" content=\"article\" \/>\n<meta property=\"og:title\" content=\"IGLESIAS PRESENT SES PRODUITS EN SERBIE | C\u00e1rnicas Iglesias\" \/>\n<meta property=\"og:description\" content=\"P\u00e1gina de IGLESIAS PRESENT SES PRODUITS EN SERBIE en la cual se encuentra la ficha del producto.\" \/>\n<meta property=\"og:url\" content=\"https:\/\/www.carnicasiglesias.com\/noticias\/iglesias-presenta-sus-productos-en-serbia\/\" \/>\n<meta property=\"og:site_name\" content=\"C\u00e1rnicas Iglesias\" \/>\n<meta property=\"article:published_time\" content=\"2019-11-06T07:20:59+00:00\" \/>\n<meta property=\"og:image\" content=\"https:\/\/www.carnicasiglesias.com\/wp-content\/uploads\/2019\/11\/Taste-of-Spain-033.jpg\" \/>\n\t<meta property=\"og:image:width\" content=\"1700\" \/>\n\t<meta property=\"og:image:height\" content=\"1133\" \/>\n\t<meta property=\"og:image:type\" content=\"image\/jpeg\" \/>\n<meta name=\"author\" content=\"wcarigle\" \/>\n<meta name=\"twitter:card\" content=\"summary_large_image\" \/>\n<meta name=\"twitter:label1\" content=\"\u00c9crit par\" \/>\n\t<meta name=\"twitter:data1\" content=\"wcarigle\" \/>\n<script type=\"application\/ld+json\" class=\"yoast-schema-graph\">{\"@context\":\"https:\/\/schema.org\",\"@graph\":[{\"@type\":\"WebPage\",\"@id\":\"https:\/\/www.carnicasiglesias.com\/noticias\/iglesias-presenta-sus-productos-en-serbia\/\",\"url\":\"https:\/\/www.carnicasiglesias.com\/noticias\/iglesias-presenta-sus-productos-en-serbia\/\",\"name\":\"IGLESIAS PRESENT SES PRODUITS EN SERBIE | C\u00e1rnicas Iglesias\",\"isPartOf\":{\"@id\":\"https:\/\/www.carnicasiglesias.com\/#website\"},\"primaryImageOfPage\":{\"@id\":\"https:\/\/www.carnicasiglesias.com\/noticias\/iglesias-presenta-sus-productos-en-serbia\/#primaryimage\"},\"image\":{\"@id\":\"https:\/\/www.carnicasiglesias.com\/noticias\/iglesias-presenta-sus-productos-en-serbia\/#primaryimage\"},\"thumbnailUrl\":\"https:\/\/www.carnicasiglesias.com\/wp-content\/uploads\/2019\/11\/Taste-of-Spain-033.jpg\",\"datePublished\":\"2019-11-06T07:20:59+00:00\",\"author\":{\"@id\":\"https:\/\/www.carnicasiglesias.com\/#\/schema\/person\/aaaf7d4dc5dc4bbfeb2f346eb04801eb\"},\"description\":\"P\u00e1gina de IGLESIAS PRESENT SES PRODUITS EN SERBIE en la cual se encuentra la ficha del producto.\",\"breadcrumb\":{\"@id\":\"https:\/\/www.carnicasiglesias.com\/noticias\/iglesias-presenta-sus-productos-en-serbia\/#breadcrumb\"},\"inLanguage\":\"fr-FR\",\"potentialAction\":[{\"@type\":\"ReadAction\",\"target\":[\"https:\/\/www.carnicasiglesias.com\/noticias\/iglesias-presenta-sus-productos-en-serbia\/\"]}]},{\"@type\":\"ImageObject\",\"inLanguage\":\"fr-FR\",\"@id\":\"https:\/\/www.carnicasiglesias.com\/noticias\/iglesias-presenta-sus-productos-en-serbia\/#primaryimage\",\"url\":\"https:\/\/www.carnicasiglesias.com\/wp-content\/uploads\/2019\/11\/Taste-of-Spain-033.jpg\",\"contentUrl\":\"https:\/\/www.carnicasiglesias.com\/wp-content\/uploads\/2019\/11\/Taste-of-Spain-033.jpg\",\"width\":1700,\"height\":1133},{\"@type\":\"BreadcrumbList\",\"@id\":\"https:\/\/www.carnicasiglesias.com\/noticias\/iglesias-presenta-sus-productos-en-serbia\/#breadcrumb\",\"itemListElement\":[{\"@type\":\"ListItem\",\"position\":1,\"name\":\"Portada\",\"item\":\"https:\/\/www.carnicasiglesias.com\/fr\/\"},{\"@type\":\"ListItem\",\"position\":2,\"name\":\"IGLESIAS PRESENT SES PRODUITS EN SERBIE\"}]},{\"@type\":\"WebSite\",\"@id\":\"https:\/\/www.carnicasiglesias.com\/#website\",\"url\":\"https:\/\/www.carnicasiglesias.com\/\",\"name\":\"C\u00e1rnicas Iglesias\",\"description\":\"P\u00e1gina web de C\u00e1rnicas Iglesias\",\"potentialAction\":[{\"@type\":\"SearchAction\",\"target\":{\"@type\":\"EntryPoint\",\"urlTemplate\":\"https:\/\/www.carnicasiglesias.com\/?s={search_term_string}\"},\"query-input\":{\"@type\":\"PropertyValueSpecification\",\"valueRequired\":true,\"valueName\":\"search_term_string\"}}],\"inLanguage\":\"fr-FR\"},{\"@type\":\"Person\",\"@id\":\"https:\/\/www.carnicasiglesias.com\/#\/schema\/person\/aaaf7d4dc5dc4bbfeb2f346eb04801eb\",\"name\":\"wcarigle\",\"image\":{\"@type\":\"ImageObject\",\"inLanguage\":\"fr-FR\",\"@id\":\"https:\/\/www.carnicasiglesias.com\/#\/schema\/person\/image\/\",\"url\":\"https:\/\/secure.gravatar.com\/avatar\/c508261c9bb726f239f6caae30854a8c?s=96&d=mm&r=g\",\"contentUrl\":\"https:\/\/secure.gravatar.com\/avatar\/c508261c9bb726f239f6caae30854a8c?s=96&d=mm&r=g\",\"caption\":\"wcarigle\"}}]}<\/script>\n<!-- \/ Yoast SEO plugin. -->","yoast_head_json":{"title":"IGLESIAS PRESENT SES PRODUITS EN SERBIE | C\u00e1rnicas Iglesias","description":"P\u00e1gina de IGLESIAS PRESENT SES PRODUITS EN SERBIE en la cual se encuentra la ficha del producto.","robots":{"index":"index","follow":"follow","max-snippet":"max-snippet:-1","max-image-preview":"max-image-preview:large","max-video-preview":"max-video-preview:-1"},"canonical":"https:\/\/www.carnicasiglesias.com\/noticias\/iglesias-presenta-sus-productos-en-serbia\/","og_locale":"fr_FR","og_type":"article","og_title":"IGLESIAS PRESENT SES PRODUITS EN SERBIE | C\u00e1rnicas Iglesias","og_description":"P\u00e1gina de IGLESIAS PRESENT SES PRODUITS EN SERBIE en la cual se encuentra la ficha del producto.","og_url":"https:\/\/www.carnicasiglesias.com\/noticias\/iglesias-presenta-sus-productos-en-serbia\/","og_site_name":"C\u00e1rnicas Iglesias","article_published_time":"2019-11-06T07:20:59+00:00","og_image":[{"width":1700,"height":1133,"url":"https:\/\/www.carnicasiglesias.com\/wp-content\/uploads\/2019\/11\/Taste-of-Spain-033.jpg","type":"image\/jpeg"}],"author":"wcarigle","twitter_card":"summary_large_image","twitter_misc":{"\u00c9crit par":"wcarigle"},"schema":{"@context":"https:\/\/schema.org","@graph":[{"@type":"WebPage","@id":"https:\/\/www.carnicasiglesias.com\/noticias\/iglesias-presenta-sus-productos-en-serbia\/","url":"https:\/\/www.carnicasiglesias.com\/noticias\/iglesias-presenta-sus-productos-en-serbia\/","name":"IGLESIAS PRESENT SES PRODUITS EN SERBIE | C\u00e1rnicas Iglesias","isPartOf":{"@id":"https:\/\/www.carnicasiglesias.com\/#website"},"primaryImageOfPage":{"@id":"https:\/\/www.carnicasiglesias.com\/noticias\/iglesias-presenta-sus-productos-en-serbia\/#primaryimage"},"image":{"@id":"https:\/\/www.carnicasiglesias.com\/noticias\/iglesias-presenta-sus-productos-en-serbia\/#primaryimage"},"thumbnailUrl":"https:\/\/www.carnicasiglesias.com\/wp-content\/uploads\/2019\/11\/Taste-of-Spain-033.jpg","datePublished":"2019-11-06T07:20:59+00:00","author":{"@id":"https:\/\/www.carnicasiglesias.com\/#\/schema\/person\/aaaf7d4dc5dc4bbfeb2f346eb04801eb"},"description":"P\u00e1gina de IGLESIAS PRESENT SES PRODUITS EN SERBIE en la cual se encuentra la ficha del producto.","breadcrumb":{"@id":"https:\/\/www.carnicasiglesias.com\/noticias\/iglesias-presenta-sus-productos-en-serbia\/#breadcrumb"},"inLanguage":"fr-FR","potentialAction":[{"@type":"ReadAction","target":["https:\/\/www.carnicasiglesias.com\/noticias\/iglesias-presenta-sus-productos-en-serbia\/"]}]},{"@type":"ImageObject","inLanguage":"fr-FR","@id":"https:\/\/www.carnicasiglesias.com\/noticias\/iglesias-presenta-sus-productos-en-serbia\/#primaryimage","url":"https:\/\/www.carnicasiglesias.com\/wp-content\/uploads\/2019\/11\/Taste-of-Spain-033.jpg","contentUrl":"https:\/\/www.carnicasiglesias.com\/wp-content\/uploads\/2019\/11\/Taste-of-Spain-033.jpg","width":1700,"height":1133},{"@type":"BreadcrumbList","@id":"https:\/\/www.carnicasiglesias.com\/noticias\/iglesias-presenta-sus-productos-en-serbia\/#breadcrumb","itemListElement":[{"@type":"ListItem","position":1,"name":"Portada","item":"https:\/\/www.carnicasiglesias.com\/fr\/"},{"@type":"ListItem","position":2,"name":"IGLESIAS PRESENT SES PRODUITS EN SERBIE"}]},{"@type":"WebSite","@id":"https:\/\/www.carnicasiglesias.com\/#website","url":"https:\/\/www.carnicasiglesias.com\/","name":"C\u00e1rnicas Iglesias","description":"P\u00e1gina web de C\u00e1rnicas Iglesias","potentialAction":[{"@type":"SearchAction","target":{"@type":"EntryPoint","urlTemplate":"https:\/\/www.carnicasiglesias.com\/?s={search_term_string}"},"query-input":{"@type":"PropertyValueSpecification","valueRequired":true,"valueName":"search_term_string"}}],"inLanguage":"fr-FR"},{"@type":"Person","@id":"https:\/\/www.carnicasiglesias.com\/#\/schema\/person\/aaaf7d4dc5dc4bbfeb2f346eb04801eb","name":"wcarigle","image":{"@type":"ImageObject","inLanguage":"fr-FR","@id":"https:\/\/www.carnicasiglesias.com\/#\/schema\/person\/image\/","url":"https:\/\/secure.gravatar.com\/avatar\/c508261c9bb726f239f6caae30854a8c?s=96&d=mm&r=g","contentUrl":"https:\/\/secure.gravatar.com\/avatar\/c508261c9bb726f239f6caae30854a8c?s=96&d=mm&r=g","caption":"wcarigle"}}]}},"_links":{"self":[{"href":"https:\/\/www.carnicasiglesias.com\/fr\/wp-json\/wp\/v2\/posts\/1933","targetHints":{"allow":["GET"]}}],"collection":[{"href":"https:\/\/www.carnicasiglesias.com\/fr\/wp-json\/wp\/v2\/posts"}],"about":[{"href":"https:\/\/www.carnicasiglesias.com\/fr\/wp-json\/wp\/v2\/types\/post"}],"author":[{"embeddable":true,"href":"https:\/\/www.carnicasiglesias.com\/fr\/wp-json\/wp\/v2\/users\/1"}],"replies":[{"embeddable":true,"href":"https:\/\/www.carnicasiglesias.com\/fr\/wp-json\/wp\/v2\/comments?post=1933"}],"version-history":[{"count":1,"href":"https:\/\/www.carnicasiglesias.com\/fr\/wp-json\/wp\/v2\/posts\/1933\/revisions"}],"predecessor-version":[{"id":1934,"href":"https:\/\/www.carnicasiglesias.com\/fr\/wp-json\/wp\/v2\/posts\/1933\/revisions\/1934"}],"wp:featuredmedia":[{"embeddable":true,"href":"https:\/\/www.carnicasiglesias.com\/fr\/wp-json\/wp\/v2\/media\/1906"}],"wp:attachment":[{"href":"https:\/\/www.carnicasiglesias.com\/fr\/wp-json\/wp\/v2\/media?parent=1933"}],"wp:term":[{"taxonomy":"category","embeddable":true,"href":"https:\/\/www.carnicasiglesias.com\/fr\/wp-json\/wp\/v2\/categories?post=1933"},{"taxonomy":"post_tag","embeddable":true,"href":"https:\/\/www.carnicasiglesias.com\/fr\/wp-json\/wp\/v2\/tags?post=1933"}],"curies":[{"name":"wp","href":"https:\/\/api.w.org\/{rel}","templated":true}]}}