{"id":2078,"date":"2020-02-14T14:41:54","date_gmt":"2020-02-14T13:41:54","guid":{"rendered":"https:\/\/www.carnicasiglesias.com\/non-classifiee\/participacion-en-horecava-en-amsterdam\/"},"modified":"2020-02-14T14:45:11","modified_gmt":"2020-02-14T13:45:11","slug":"participe-a-horecava","status":"publish","type":"post","link":"https:\/\/www.carnicasiglesias.com\/fr\/informations\/participe-a-horecava\/","title":{"rendered":"PARTICIP\u00c9 A HORECAVA"},"content":{"rendered":"<p>En 2020, du 13 au 15 janvier, CARNICAS IGLESIAS a particip\u00e9 \u00e0 l&rsquo;exposition alimentaire Ib\u00e9rica 2020 de HORECAVA \u00e0 Amsterdam, sous un stand de 6 m\u00e8tres carr\u00e9s, pr\u00e9sentant ses trois qualit\u00e9s de produits: serrano, ib\u00e9rique et bellota.<\/p>\n<p>HORECAVA est le salon international de l\u2019industrie de la restauration et de la restauration h\u00f4teli\u00e8re, sur le th\u00e8me \u00abTaste the future\u00bb. HORECAVA rassemble plus de 65 000 professionnels de la restauration et de l&rsquo;h\u00f4tellerie; el plus grande et importante foire commerciale du secteur depuis 62 ans aux Pays-Bas.<\/p>\n","protected":false},"excerpt":{"rendered":"<p>En 2020, du 13 au 15 janvier, CARNICAS IGLESIAS a particip\u00e9 \u00e0 l&rsquo;exposition alimentaire Ib\u00e9rica 2020 de HORECAVA \u00e0 Amsterdam, sous un stand de 6 m\u00e8tres carr\u00e9s, pr\u00e9sentant ses trois qualit\u00e9s de produits: serrano, ib\u00e9rique et bellota. HORECAVA est le salon international de l\u2019industrie de la restauration et de la restauration h\u00f4teli\u00e8re, sur le th\u00e8me &hellip; <\/p>\n<p class=\"link-more\"><a href=\"https:\/\/www.carnicasiglesias.com\/fr\/informations\/participe-a-horecava\/\" class=\"more-link\">Continue reading<span class=\"screen-reader-text\"> \u00ab\u00a0PARTICIP\u00c9 A HORECAVA\u00a0\u00bb<\/span><\/a><\/p>\n","protected":false},"author":1,"featured_media":2071,"comment_status":"open","ping_status":"open","sticky":false,"template":"","format":"standard","meta":{"_acf_changed":false,"footnotes":""},"categories":[61],"tags":[],"class_list":["post-2078","post","type-post","status-publish","format-standard","has-post-thumbnail","hentry","category-informations"],"acf":[],"yoast_head":"<!-- This site is optimized with the Yoast SEO plugin v24.8.1 - https:\/\/yoast.com\/wordpress\/plugins\/seo\/ -->\n<title>PARTICIP\u00c9 A HORECAVA | C\u00e1rnicas Iglesias<\/title>\n<meta name=\"description\" content=\"P\u00e1gina de PARTICIP\u00c9 A HORECAVA en la cual se encuentra la ficha del producto.\" \/>\n<meta name=\"robots\" content=\"index, follow, max-snippet:-1, max-image-preview:large, max-video-preview:-1\" \/>\n<link rel=\"canonical\" href=\"https:\/\/www.carnicasiglesias.com\/noticias\/participacion-en-horecava-en-amsterdam\/\" \/>\n<meta property=\"og:locale\" content=\"fr_FR\" \/>\n<meta property=\"og:type\" content=\"article\" \/>\n<meta property=\"og:title\" content=\"PARTICIP\u00c9 A HORECAVA | C\u00e1rnicas Iglesias\" \/>\n<meta property=\"og:description\" content=\"P\u00e1gina de PARTICIP\u00c9 A HORECAVA en la cual se encuentra la ficha del producto.\" \/>\n<meta property=\"og:url\" content=\"https:\/\/www.carnicasiglesias.com\/noticias\/participacion-en-horecava-en-amsterdam\/\" \/>\n<meta property=\"og:site_name\" content=\"C\u00e1rnicas Iglesias\" \/>\n<meta property=\"article:published_time\" content=\"2020-02-14T13:41:54+00:00\" \/>\n<meta property=\"article:modified_time\" content=\"2020-02-14T13:45:11+00:00\" \/>\n<meta property=\"og:image\" content=\"https:\/\/www.carnicasiglesias.com\/wp-content\/uploads\/2020\/02\/carnic-part.png\" \/>\n\t<meta property=\"og:image:width\" content=\"567\" \/>\n\t<meta property=\"og:image:height\" content=\"567\" \/>\n\t<meta property=\"og:image:type\" content=\"image\/png\" \/>\n<meta name=\"author\" content=\"wcarigle\" \/>\n<meta name=\"twitter:card\" content=\"summary_large_image\" \/>\n<meta name=\"twitter:label1\" content=\"\u00c9crit par\" \/>\n\t<meta name=\"twitter:data1\" content=\"wcarigle\" \/>\n<script type=\"application\/ld+json\" class=\"yoast-schema-graph\">{\"@context\":\"https:\/\/schema.org\",\"@graph\":[{\"@type\":\"WebPage\",\"@id\":\"https:\/\/www.carnicasiglesias.com\/noticias\/participacion-en-horecava-en-amsterdam\/\",\"url\":\"https:\/\/www.carnicasiglesias.com\/noticias\/participacion-en-horecava-en-amsterdam\/\",\"name\":\"PARTICIP\u00c9 A HORECAVA | C\u00e1rnicas Iglesias\",\"isPartOf\":{\"@id\":\"https:\/\/www.carnicasiglesias.com\/#website\"},\"primaryImageOfPage\":{\"@id\":\"https:\/\/www.carnicasiglesias.com\/noticias\/participacion-en-horecava-en-amsterdam\/#primaryimage\"},\"image\":{\"@id\":\"https:\/\/www.carnicasiglesias.com\/noticias\/participacion-en-horecava-en-amsterdam\/#primaryimage\"},\"thumbnailUrl\":\"https:\/\/www.carnicasiglesias.com\/wp-content\/uploads\/2020\/02\/carnic-part.png\",\"datePublished\":\"2020-02-14T13:41:54+00:00\",\"dateModified\":\"2020-02-14T13:45:11+00:00\",\"author\":{\"@id\":\"https:\/\/www.carnicasiglesias.com\/#\/schema\/person\/aaaf7d4dc5dc4bbfeb2f346eb04801eb\"},\"description\":\"P\u00e1gina de PARTICIP\u00c9 A HORECAVA en la cual se encuentra la ficha del producto.\",\"breadcrumb\":{\"@id\":\"https:\/\/www.carnicasiglesias.com\/noticias\/participacion-en-horecava-en-amsterdam\/#breadcrumb\"},\"inLanguage\":\"fr-FR\",\"potentialAction\":[{\"@type\":\"ReadAction\",\"target\":[\"https:\/\/www.carnicasiglesias.com\/noticias\/participacion-en-horecava-en-amsterdam\/\"]}]},{\"@type\":\"ImageObject\",\"inLanguage\":\"fr-FR\",\"@id\":\"https:\/\/www.carnicasiglesias.com\/noticias\/participacion-en-horecava-en-amsterdam\/#primaryimage\",\"url\":\"https:\/\/www.carnicasiglesias.com\/wp-content\/uploads\/2020\/02\/carnic-part.png\",\"contentUrl\":\"https:\/\/www.carnicasiglesias.com\/wp-content\/uploads\/2020\/02\/carnic-part.png\",\"width\":567,\"height\":567},{\"@type\":\"BreadcrumbList\",\"@id\":\"https:\/\/www.carnicasiglesias.com\/noticias\/participacion-en-horecava-en-amsterdam\/#breadcrumb\",\"itemListElement\":[{\"@type\":\"ListItem\",\"position\":1,\"name\":\"Portada\",\"item\":\"https:\/\/www.carnicasiglesias.com\/fr\/\"},{\"@type\":\"ListItem\",\"position\":2,\"name\":\"PARTICIP\u00c9 A HORECAVA\"}]},{\"@type\":\"WebSite\",\"@id\":\"https:\/\/www.carnicasiglesias.com\/#website\",\"url\":\"https:\/\/www.carnicasiglesias.com\/\",\"name\":\"C\u00e1rnicas Iglesias\",\"description\":\"P\u00e1gina web de C\u00e1rnicas Iglesias\",\"potentialAction\":[{\"@type\":\"SearchAction\",\"target\":{\"@type\":\"EntryPoint\",\"urlTemplate\":\"https:\/\/www.carnicasiglesias.com\/?s={search_term_string}\"},\"query-input\":{\"@type\":\"PropertyValueSpecification\",\"valueRequired\":true,\"valueName\":\"search_term_string\"}}],\"inLanguage\":\"fr-FR\"},{\"@type\":\"Person\",\"@id\":\"https:\/\/www.carnicasiglesias.com\/#\/schema\/person\/aaaf7d4dc5dc4bbfeb2f346eb04801eb\",\"name\":\"wcarigle\",\"image\":{\"@type\":\"ImageObject\",\"inLanguage\":\"fr-FR\",\"@id\":\"https:\/\/www.carnicasiglesias.com\/#\/schema\/person\/image\/\",\"url\":\"https:\/\/secure.gravatar.com\/avatar\/c508261c9bb726f239f6caae30854a8c?s=96&d=mm&r=g\",\"contentUrl\":\"https:\/\/secure.gravatar.com\/avatar\/c508261c9bb726f239f6caae30854a8c?s=96&d=mm&r=g\",\"caption\":\"wcarigle\"}}]}<\/script>\n<!-- \/ Yoast SEO plugin. -->","yoast_head_json":{"title":"PARTICIP\u00c9 A HORECAVA | C\u00e1rnicas Iglesias","description":"P\u00e1gina de PARTICIP\u00c9 A HORECAVA en la cual se encuentra la ficha del producto.","robots":{"index":"index","follow":"follow","max-snippet":"max-snippet:-1","max-image-preview":"max-image-preview:large","max-video-preview":"max-video-preview:-1"},"canonical":"https:\/\/www.carnicasiglesias.com\/noticias\/participacion-en-horecava-en-amsterdam\/","og_locale":"fr_FR","og_type":"article","og_title":"PARTICIP\u00c9 A HORECAVA | C\u00e1rnicas Iglesias","og_description":"P\u00e1gina de PARTICIP\u00c9 A HORECAVA en la cual se encuentra la ficha del producto.","og_url":"https:\/\/www.carnicasiglesias.com\/noticias\/participacion-en-horecava-en-amsterdam\/","og_site_name":"C\u00e1rnicas Iglesias","article_published_time":"2020-02-14T13:41:54+00:00","article_modified_time":"2020-02-14T13:45:11+00:00","og_image":[{"width":567,"height":567,"url":"https:\/\/www.carnicasiglesias.com\/wp-content\/uploads\/2020\/02\/carnic-part.png","type":"image\/png"}],"author":"wcarigle","twitter_card":"summary_large_image","twitter_misc":{"\u00c9crit par":"wcarigle"},"schema":{"@context":"https:\/\/schema.org","@graph":[{"@type":"WebPage","@id":"https:\/\/www.carnicasiglesias.com\/noticias\/participacion-en-horecava-en-amsterdam\/","url":"https:\/\/www.carnicasiglesias.com\/noticias\/participacion-en-horecava-en-amsterdam\/","name":"PARTICIP\u00c9 A HORECAVA | C\u00e1rnicas Iglesias","isPartOf":{"@id":"https:\/\/www.carnicasiglesias.com\/#website"},"primaryImageOfPage":{"@id":"https:\/\/www.carnicasiglesias.com\/noticias\/participacion-en-horecava-en-amsterdam\/#primaryimage"},"image":{"@id":"https:\/\/www.carnicasiglesias.com\/noticias\/participacion-en-horecava-en-amsterdam\/#primaryimage"},"thumbnailUrl":"https:\/\/www.carnicasiglesias.com\/wp-content\/uploads\/2020\/02\/carnic-part.png","datePublished":"2020-02-14T13:41:54+00:00","dateModified":"2020-02-14T13:45:11+00:00","author":{"@id":"https:\/\/www.carnicasiglesias.com\/#\/schema\/person\/aaaf7d4dc5dc4bbfeb2f346eb04801eb"},"description":"P\u00e1gina de PARTICIP\u00c9 A HORECAVA en la cual se encuentra la ficha del producto.","breadcrumb":{"@id":"https:\/\/www.carnicasiglesias.com\/noticias\/participacion-en-horecava-en-amsterdam\/#breadcrumb"},"inLanguage":"fr-FR","potentialAction":[{"@type":"ReadAction","target":["https:\/\/www.carnicasiglesias.com\/noticias\/participacion-en-horecava-en-amsterdam\/"]}]},{"@type":"ImageObject","inLanguage":"fr-FR","@id":"https:\/\/www.carnicasiglesias.com\/noticias\/participacion-en-horecava-en-amsterdam\/#primaryimage","url":"https:\/\/www.carnicasiglesias.com\/wp-content\/uploads\/2020\/02\/carnic-part.png","contentUrl":"https:\/\/www.carnicasiglesias.com\/wp-content\/uploads\/2020\/02\/carnic-part.png","width":567,"height":567},{"@type":"BreadcrumbList","@id":"https:\/\/www.carnicasiglesias.com\/noticias\/participacion-en-horecava-en-amsterdam\/#breadcrumb","itemListElement":[{"@type":"ListItem","position":1,"name":"Portada","item":"https:\/\/www.carnicasiglesias.com\/fr\/"},{"@type":"ListItem","position":2,"name":"PARTICIP\u00c9 A HORECAVA"}]},{"@type":"WebSite","@id":"https:\/\/www.carnicasiglesias.com\/#website","url":"https:\/\/www.carnicasiglesias.com\/","name":"C\u00e1rnicas Iglesias","description":"P\u00e1gina web de C\u00e1rnicas Iglesias","potentialAction":[{"@type":"SearchAction","target":{"@type":"EntryPoint","urlTemplate":"https:\/\/www.carnicasiglesias.com\/?s={search_term_string}"},"query-input":{"@type":"PropertyValueSpecification","valueRequired":true,"valueName":"search_term_string"}}],"inLanguage":"fr-FR"},{"@type":"Person","@id":"https:\/\/www.carnicasiglesias.com\/#\/schema\/person\/aaaf7d4dc5dc4bbfeb2f346eb04801eb","name":"wcarigle","image":{"@type":"ImageObject","inLanguage":"fr-FR","@id":"https:\/\/www.carnicasiglesias.com\/#\/schema\/person\/image\/","url":"https:\/\/secure.gravatar.com\/avatar\/c508261c9bb726f239f6caae30854a8c?s=96&d=mm&r=g","contentUrl":"https:\/\/secure.gravatar.com\/avatar\/c508261c9bb726f239f6caae30854a8c?s=96&d=mm&r=g","caption":"wcarigle"}}]}},"_links":{"self":[{"href":"https:\/\/www.carnicasiglesias.com\/fr\/wp-json\/wp\/v2\/posts\/2078","targetHints":{"allow":["GET"]}}],"collection":[{"href":"https:\/\/www.carnicasiglesias.com\/fr\/wp-json\/wp\/v2\/posts"}],"about":[{"href":"https:\/\/www.carnicasiglesias.com\/fr\/wp-json\/wp\/v2\/types\/post"}],"author":[{"embeddable":true,"href":"https:\/\/www.carnicasiglesias.com\/fr\/wp-json\/wp\/v2\/users\/1"}],"replies":[{"embeddable":true,"href":"https:\/\/www.carnicasiglesias.com\/fr\/wp-json\/wp\/v2\/comments?post=2078"}],"version-history":[{"count":1,"href":"https:\/\/www.carnicasiglesias.com\/fr\/wp-json\/wp\/v2\/posts\/2078\/revisions"}],"predecessor-version":[{"id":2079,"href":"https:\/\/www.carnicasiglesias.com\/fr\/wp-json\/wp\/v2\/posts\/2078\/revisions\/2079"}],"wp:featuredmedia":[{"embeddable":true,"href":"https:\/\/www.carnicasiglesias.com\/fr\/wp-json\/wp\/v2\/media\/2071"}],"wp:attachment":[{"href":"https:\/\/www.carnicasiglesias.com\/fr\/wp-json\/wp\/v2\/media?parent=2078"}],"wp:term":[{"taxonomy":"category","embeddable":true,"href":"https:\/\/www.carnicasiglesias.com\/fr\/wp-json\/wp\/v2\/categories?post=2078"},{"taxonomy":"post_tag","embeddable":true,"href":"https:\/\/www.carnicasiglesias.com\/fr\/wp-json\/wp\/v2\/tags?post=2078"}],"curies":[{"name":"wp","href":"https:\/\/api.w.org\/{rel}","templated":true}]}}