{"id":2117,"date":"2020-03-03T12:50:43","date_gmt":"2020-03-03T11:50:43","guid":{"rendered":"https:\/\/www.carnicasiglesias.com\/?p=2117"},"modified":"2020-04-15T12:42:54","modified_gmt":"2020-04-15T10:42:54","slug":"carnicas-iglesias-promeut-entrepreneurship-aux-eleves-de-lecole-calasanz","status":"publish","type":"post","link":"https:\/\/www.carnicasiglesias.com\/fr\/informations\/carnicas-iglesias-promeut-entrepreneurship-aux-eleves-de-lecole-calasanz\/","title":{"rendered":"CARNICAS IGLESIAS PROMEUT ENTREPRENEURSHIP AUX \u00c9L\u00c8VES DE L&rsquo;\u00c9COLE CALASANZ"},"content":{"rendered":"<p>Le programme de promotion de l&rsquo;entrepreneuriat appel\u00e9 \u201c<strong>Entreprise familiale dans les salles de classe<\/strong>\u201d, soutenu par l&rsquo;entreprise familiale de la r\u00e9gion de Castilla y Le\u00f3n et le Minist\u00e8re de l&rsquo;\u00c9ducation, a poursuivi cette semaine son programme d&rsquo;activit\u00e9s \u00e0 Salamanque, \u00e0 travers un discours prononc\u00e9 par Francisco Iglesias Gil, Directeur de Carnicas Iglesias.<\/p>\n<p>Le Directeur a soulign\u00e9 l&rsquo;importance de valeurs telles que l&rsquo;entrepreneuriat, l&rsquo;effort et l&rsquo;engagement \u00e0 une cinquantaine d&rsquo;\u00e9l\u00e8ves de l&rsquo;\u00e9cole, \u00e0 travers l&rsquo;exemple de la longue histoire de sa famille, repr\u00e9sentant la 4e g\u00e9n\u00e9ration de l&rsquo;entreprise.<\/p>\n<p>Ainsi, le Directeur a expliqu\u00e9 que Carnicas Iglesias a \u00e9t\u00e9 fond\u00e9e par son arri\u00e8re-grand-p\u00e8re en 1928, Francisco Iglesias Escribano, dans la ville de Santa Marta, o\u00f9 l&rsquo;entreprise est toujours situ\u00e9e et d\u00e9di\u00e9e \u00e0 la fabrication, la commercialisation et la distribution de produits \u00e0 base de viande de porc, principalement des jambons et des charcuteries de porc blanc et ib\u00e9rique.<\/p>\n<p>Depuis ses d\u00e9buts, l&rsquo;entreprise a soigneusement maintenu son processus de production traditionnel qui, avec une s\u00e9lection fine de mati\u00e8res premi\u00e8res, a conduit \u00e0 une reconnaissance importante de la qualit\u00e9 de ses produits.<\/p>\n<p>En effet, aujourd\u2019hui ces produits sont commercialis\u00e9s chez les principaux cha\u00eenes de distribution nationaux et \u00e9trangers, gr\u00e2ce \u00e0 l&rsquo;adaptabilit\u00e9 aux \u00e9volutions constantes, \u00e0 l&rsquo;innovation et au d\u00e9veloppement des quatre g\u00e9n\u00e9rations qui ont conduit l&rsquo;entreprise.<\/p>\n<p>Apr\u00e8s la pr\u00e9sentation, les \u00e9tudiants visiteront l&rsquo;usine de Carnicas Iglesias \u00e0 Salamanque, o\u00f9 ils pourront d\u00e9couvrir les proc\u00e9dures de travail de cette entreprise.<\/p>\n","protected":false},"excerpt":{"rendered":"<p>Le programme de promotion de l&rsquo;entrepreneuriat appel\u00e9 \u201cEntreprise familiale dans les salles de classe\u201d, soutenu par l&rsquo;entreprise familiale de la r\u00e9gion de Castilla y Le\u00f3n et le Minist\u00e8re de l&rsquo;\u00c9ducation, a poursuivi cette semaine son programme d&rsquo;activit\u00e9s \u00e0 Salamanque, \u00e0 travers un discours prononc\u00e9 par Francisco Iglesias Gil, Directeur de Carnicas Iglesias. Le Directeur a &hellip; <\/p>\n<p class=\"link-more\"><a href=\"https:\/\/www.carnicasiglesias.com\/fr\/informations\/carnicas-iglesias-promeut-entrepreneurship-aux-eleves-de-lecole-calasanz\/\" class=\"more-link\">Continue reading<span class=\"screen-reader-text\"> \u00ab\u00a0CARNICAS IGLESIAS PROMEUT ENTREPRENEURSHIP AUX \u00c9L\u00c8VES DE L&rsquo;\u00c9COLE CALASANZ\u00a0\u00bb<\/span><\/a><\/p>\n","protected":false},"author":1,"featured_media":2086,"comment_status":"open","ping_status":"open","sticky":false,"template":"","format":"standard","meta":{"_acf_changed":false,"footnotes":""},"categories":[61],"tags":[],"class_list":["post-2117","post","type-post","status-publish","format-standard","has-post-thumbnail","hentry","category-informations"],"acf":[],"yoast_head":"<!-- This site is optimized with the Yoast SEO plugin v24.8.1 - https:\/\/yoast.com\/wordpress\/plugins\/seo\/ -->\n<title>CARNICAS IGLESIAS PROMEUT ENTREPRENEURSHIP AUX \u00c9L\u00c8VES DE L&#039;\u00c9COLE CALASANZ | C\u00e1rnicas Iglesias<\/title>\n<meta name=\"description\" content=\"P\u00e1gina de CARNICAS IGLESIAS PROMEUT ENTREPRENEURSHIP AUX \u00c9L\u00c8VES DE L&#039;\u00c9COLE CALASANZ en la cual se encuentra la ficha del producto.\" \/>\n<meta name=\"robots\" content=\"index, follow, max-snippet:-1, max-image-preview:large, max-video-preview:-1\" \/>\n<link rel=\"canonical\" href=\"https:\/\/www.carnicasiglesias.com\/noticias\/carnicas-iglesias-lleva-el-emprendimiento-a-los-alumnos-del-colegio-calasanz\/\" \/>\n<meta property=\"og:locale\" content=\"fr_FR\" \/>\n<meta property=\"og:type\" content=\"article\" \/>\n<meta property=\"og:title\" content=\"CARNICAS IGLESIAS PROMEUT ENTREPRENEURSHIP AUX \u00c9L\u00c8VES DE L&#039;\u00c9COLE CALASANZ | C\u00e1rnicas Iglesias\" \/>\n<meta property=\"og:description\" content=\"P\u00e1gina de CARNICAS IGLESIAS PROMEUT ENTREPRENEURSHIP AUX \u00c9L\u00c8VES DE L&#039;\u00c9COLE CALASANZ en la cual se encuentra la ficha del producto.\" \/>\n<meta property=\"og:url\" content=\"https:\/\/www.carnicasiglesias.com\/noticias\/carnicas-iglesias-lleva-el-emprendimiento-a-los-alumnos-del-colegio-calasanz\/\" \/>\n<meta property=\"og:site_name\" content=\"C\u00e1rnicas Iglesias\" \/>\n<meta property=\"article:published_time\" content=\"2020-03-03T11:50:43+00:00\" \/>\n<meta property=\"article:modified_time\" content=\"2020-04-15T10:42:54+00:00\" \/>\n<meta property=\"og:image\" content=\"https:\/\/www.carnicasiglesias.com\/wp-content\/uploads\/2020\/03\/paco-calasanz.jpg\" \/>\n\t<meta property=\"og:image:width\" content=\"800\" \/>\n\t<meta property=\"og:image:height\" content=\"600\" \/>\n\t<meta property=\"og:image:type\" content=\"image\/jpeg\" \/>\n<meta name=\"author\" content=\"wcarigle\" \/>\n<meta name=\"twitter:card\" content=\"summary_large_image\" \/>\n<meta name=\"twitter:label1\" content=\"\u00c9crit par\" \/>\n\t<meta name=\"twitter:data1\" content=\"wcarigle\" \/>\n\t<meta name=\"twitter:label2\" content=\"Dur\u00e9e de lecture estim\u00e9e\" \/>\n\t<meta name=\"twitter:data2\" content=\"1 minute\" \/>\n<script type=\"application\/ld+json\" class=\"yoast-schema-graph\">{\"@context\":\"https:\/\/schema.org\",\"@graph\":[{\"@type\":\"WebPage\",\"@id\":\"https:\/\/www.carnicasiglesias.com\/noticias\/carnicas-iglesias-lleva-el-emprendimiento-a-los-alumnos-del-colegio-calasanz\/\",\"url\":\"https:\/\/www.carnicasiglesias.com\/noticias\/carnicas-iglesias-lleva-el-emprendimiento-a-los-alumnos-del-colegio-calasanz\/\",\"name\":\"CARNICAS IGLESIAS PROMEUT ENTREPRENEURSHIP AUX \u00c9L\u00c8VES DE L'\u00c9COLE CALASANZ | C\u00e1rnicas Iglesias\",\"isPartOf\":{\"@id\":\"https:\/\/www.carnicasiglesias.com\/#website\"},\"primaryImageOfPage\":{\"@id\":\"https:\/\/www.carnicasiglesias.com\/noticias\/carnicas-iglesias-lleva-el-emprendimiento-a-los-alumnos-del-colegio-calasanz\/#primaryimage\"},\"image\":{\"@id\":\"https:\/\/www.carnicasiglesias.com\/noticias\/carnicas-iglesias-lleva-el-emprendimiento-a-los-alumnos-del-colegio-calasanz\/#primaryimage\"},\"thumbnailUrl\":\"https:\/\/www.carnicasiglesias.com\/wp-content\/uploads\/2020\/03\/paco-calasanz.jpg\",\"datePublished\":\"2020-03-03T11:50:43+00:00\",\"dateModified\":\"2020-04-15T10:42:54+00:00\",\"author\":{\"@id\":\"https:\/\/www.carnicasiglesias.com\/#\/schema\/person\/aaaf7d4dc5dc4bbfeb2f346eb04801eb\"},\"description\":\"P\u00e1gina de CARNICAS IGLESIAS PROMEUT ENTREPRENEURSHIP AUX \u00c9L\u00c8VES DE L'\u00c9COLE CALASANZ en la cual se encuentra la ficha del producto.\",\"breadcrumb\":{\"@id\":\"https:\/\/www.carnicasiglesias.com\/noticias\/carnicas-iglesias-lleva-el-emprendimiento-a-los-alumnos-del-colegio-calasanz\/#breadcrumb\"},\"inLanguage\":\"fr-FR\",\"potentialAction\":[{\"@type\":\"ReadAction\",\"target\":[\"https:\/\/www.carnicasiglesias.com\/noticias\/carnicas-iglesias-lleva-el-emprendimiento-a-los-alumnos-del-colegio-calasanz\/\"]}]},{\"@type\":\"ImageObject\",\"inLanguage\":\"fr-FR\",\"@id\":\"https:\/\/www.carnicasiglesias.com\/noticias\/carnicas-iglesias-lleva-el-emprendimiento-a-los-alumnos-del-colegio-calasanz\/#primaryimage\",\"url\":\"https:\/\/www.carnicasiglesias.com\/wp-content\/uploads\/2020\/03\/paco-calasanz.jpg\",\"contentUrl\":\"https:\/\/www.carnicasiglesias.com\/wp-content\/uploads\/2020\/03\/paco-calasanz.jpg\",\"width\":800,\"height\":600},{\"@type\":\"BreadcrumbList\",\"@id\":\"https:\/\/www.carnicasiglesias.com\/noticias\/carnicas-iglesias-lleva-el-emprendimiento-a-los-alumnos-del-colegio-calasanz\/#breadcrumb\",\"itemListElement\":[{\"@type\":\"ListItem\",\"position\":1,\"name\":\"Portada\",\"item\":\"https:\/\/www.carnicasiglesias.com\/fr\/\"},{\"@type\":\"ListItem\",\"position\":2,\"name\":\"CARNICAS IGLESIAS PROMEUT ENTREPRENEURSHIP AUX \u00c9L\u00c8VES DE L&#8217;\u00c9COLE CALASANZ\"}]},{\"@type\":\"WebSite\",\"@id\":\"https:\/\/www.carnicasiglesias.com\/#website\",\"url\":\"https:\/\/www.carnicasiglesias.com\/\",\"name\":\"C\u00e1rnicas Iglesias\",\"description\":\"P\u00e1gina web de C\u00e1rnicas Iglesias\",\"potentialAction\":[{\"@type\":\"SearchAction\",\"target\":{\"@type\":\"EntryPoint\",\"urlTemplate\":\"https:\/\/www.carnicasiglesias.com\/?s={search_term_string}\"},\"query-input\":{\"@type\":\"PropertyValueSpecification\",\"valueRequired\":true,\"valueName\":\"search_term_string\"}}],\"inLanguage\":\"fr-FR\"},{\"@type\":\"Person\",\"@id\":\"https:\/\/www.carnicasiglesias.com\/#\/schema\/person\/aaaf7d4dc5dc4bbfeb2f346eb04801eb\",\"name\":\"wcarigle\",\"image\":{\"@type\":\"ImageObject\",\"inLanguage\":\"fr-FR\",\"@id\":\"https:\/\/www.carnicasiglesias.com\/#\/schema\/person\/image\/\",\"url\":\"https:\/\/secure.gravatar.com\/avatar\/c508261c9bb726f239f6caae30854a8c?s=96&d=mm&r=g\",\"contentUrl\":\"https:\/\/secure.gravatar.com\/avatar\/c508261c9bb726f239f6caae30854a8c?s=96&d=mm&r=g\",\"caption\":\"wcarigle\"}}]}<\/script>\n<!-- \/ Yoast SEO plugin. -->","yoast_head_json":{"title":"CARNICAS IGLESIAS PROMEUT ENTREPRENEURSHIP AUX \u00c9L\u00c8VES DE L'\u00c9COLE CALASANZ | C\u00e1rnicas Iglesias","description":"P\u00e1gina de CARNICAS IGLESIAS PROMEUT ENTREPRENEURSHIP AUX \u00c9L\u00c8VES DE L'\u00c9COLE CALASANZ en la cual se encuentra la ficha del producto.","robots":{"index":"index","follow":"follow","max-snippet":"max-snippet:-1","max-image-preview":"max-image-preview:large","max-video-preview":"max-video-preview:-1"},"canonical":"https:\/\/www.carnicasiglesias.com\/noticias\/carnicas-iglesias-lleva-el-emprendimiento-a-los-alumnos-del-colegio-calasanz\/","og_locale":"fr_FR","og_type":"article","og_title":"CARNICAS IGLESIAS PROMEUT ENTREPRENEURSHIP AUX \u00c9L\u00c8VES DE L'\u00c9COLE CALASANZ | C\u00e1rnicas Iglesias","og_description":"P\u00e1gina de CARNICAS IGLESIAS PROMEUT ENTREPRENEURSHIP AUX \u00c9L\u00c8VES DE L'\u00c9COLE CALASANZ en la cual se encuentra la ficha del producto.","og_url":"https:\/\/www.carnicasiglesias.com\/noticias\/carnicas-iglesias-lleva-el-emprendimiento-a-los-alumnos-del-colegio-calasanz\/","og_site_name":"C\u00e1rnicas Iglesias","article_published_time":"2020-03-03T11:50:43+00:00","article_modified_time":"2020-04-15T10:42:54+00:00","og_image":[{"width":800,"height":600,"url":"https:\/\/www.carnicasiglesias.com\/wp-content\/uploads\/2020\/03\/paco-calasanz.jpg","type":"image\/jpeg"}],"author":"wcarigle","twitter_card":"summary_large_image","twitter_misc":{"\u00c9crit par":"wcarigle","Dur\u00e9e de lecture estim\u00e9e":"1 minute"},"schema":{"@context":"https:\/\/schema.org","@graph":[{"@type":"WebPage","@id":"https:\/\/www.carnicasiglesias.com\/noticias\/carnicas-iglesias-lleva-el-emprendimiento-a-los-alumnos-del-colegio-calasanz\/","url":"https:\/\/www.carnicasiglesias.com\/noticias\/carnicas-iglesias-lleva-el-emprendimiento-a-los-alumnos-del-colegio-calasanz\/","name":"CARNICAS IGLESIAS PROMEUT ENTREPRENEURSHIP AUX \u00c9L\u00c8VES DE L'\u00c9COLE CALASANZ | C\u00e1rnicas Iglesias","isPartOf":{"@id":"https:\/\/www.carnicasiglesias.com\/#website"},"primaryImageOfPage":{"@id":"https:\/\/www.carnicasiglesias.com\/noticias\/carnicas-iglesias-lleva-el-emprendimiento-a-los-alumnos-del-colegio-calasanz\/#primaryimage"},"image":{"@id":"https:\/\/www.carnicasiglesias.com\/noticias\/carnicas-iglesias-lleva-el-emprendimiento-a-los-alumnos-del-colegio-calasanz\/#primaryimage"},"thumbnailUrl":"https:\/\/www.carnicasiglesias.com\/wp-content\/uploads\/2020\/03\/paco-calasanz.jpg","datePublished":"2020-03-03T11:50:43+00:00","dateModified":"2020-04-15T10:42:54+00:00","author":{"@id":"https:\/\/www.carnicasiglesias.com\/#\/schema\/person\/aaaf7d4dc5dc4bbfeb2f346eb04801eb"},"description":"P\u00e1gina de CARNICAS IGLESIAS PROMEUT ENTREPRENEURSHIP AUX \u00c9L\u00c8VES DE L'\u00c9COLE CALASANZ en la cual se encuentra la ficha del producto.","breadcrumb":{"@id":"https:\/\/www.carnicasiglesias.com\/noticias\/carnicas-iglesias-lleva-el-emprendimiento-a-los-alumnos-del-colegio-calasanz\/#breadcrumb"},"inLanguage":"fr-FR","potentialAction":[{"@type":"ReadAction","target":["https:\/\/www.carnicasiglesias.com\/noticias\/carnicas-iglesias-lleva-el-emprendimiento-a-los-alumnos-del-colegio-calasanz\/"]}]},{"@type":"ImageObject","inLanguage":"fr-FR","@id":"https:\/\/www.carnicasiglesias.com\/noticias\/carnicas-iglesias-lleva-el-emprendimiento-a-los-alumnos-del-colegio-calasanz\/#primaryimage","url":"https:\/\/www.carnicasiglesias.com\/wp-content\/uploads\/2020\/03\/paco-calasanz.jpg","contentUrl":"https:\/\/www.carnicasiglesias.com\/wp-content\/uploads\/2020\/03\/paco-calasanz.jpg","width":800,"height":600},{"@type":"BreadcrumbList","@id":"https:\/\/www.carnicasiglesias.com\/noticias\/carnicas-iglesias-lleva-el-emprendimiento-a-los-alumnos-del-colegio-calasanz\/#breadcrumb","itemListElement":[{"@type":"ListItem","position":1,"name":"Portada","item":"https:\/\/www.carnicasiglesias.com\/fr\/"},{"@type":"ListItem","position":2,"name":"CARNICAS IGLESIAS PROMEUT ENTREPRENEURSHIP AUX \u00c9L\u00c8VES DE L&#8217;\u00c9COLE CALASANZ"}]},{"@type":"WebSite","@id":"https:\/\/www.carnicasiglesias.com\/#website","url":"https:\/\/www.carnicasiglesias.com\/","name":"C\u00e1rnicas Iglesias","description":"P\u00e1gina web de C\u00e1rnicas Iglesias","potentialAction":[{"@type":"SearchAction","target":{"@type":"EntryPoint","urlTemplate":"https:\/\/www.carnicasiglesias.com\/?s={search_term_string}"},"query-input":{"@type":"PropertyValueSpecification","valueRequired":true,"valueName":"search_term_string"}}],"inLanguage":"fr-FR"},{"@type":"Person","@id":"https:\/\/www.carnicasiglesias.com\/#\/schema\/person\/aaaf7d4dc5dc4bbfeb2f346eb04801eb","name":"wcarigle","image":{"@type":"ImageObject","inLanguage":"fr-FR","@id":"https:\/\/www.carnicasiglesias.com\/#\/schema\/person\/image\/","url":"https:\/\/secure.gravatar.com\/avatar\/c508261c9bb726f239f6caae30854a8c?s=96&d=mm&r=g","contentUrl":"https:\/\/secure.gravatar.com\/avatar\/c508261c9bb726f239f6caae30854a8c?s=96&d=mm&r=g","caption":"wcarigle"}}]}},"_links":{"self":[{"href":"https:\/\/www.carnicasiglesias.com\/fr\/wp-json\/wp\/v2\/posts\/2117","targetHints":{"allow":["GET"]}}],"collection":[{"href":"https:\/\/www.carnicasiglesias.com\/fr\/wp-json\/wp\/v2\/posts"}],"about":[{"href":"https:\/\/www.carnicasiglesias.com\/fr\/wp-json\/wp\/v2\/types\/post"}],"author":[{"embeddable":true,"href":"https:\/\/www.carnicasiglesias.com\/fr\/wp-json\/wp\/v2\/users\/1"}],"replies":[{"embeddable":true,"href":"https:\/\/www.carnicasiglesias.com\/fr\/wp-json\/wp\/v2\/comments?post=2117"}],"version-history":[{"count":1,"href":"https:\/\/www.carnicasiglesias.com\/fr\/wp-json\/wp\/v2\/posts\/2117\/revisions"}],"predecessor-version":[{"id":2118,"href":"https:\/\/www.carnicasiglesias.com\/fr\/wp-json\/wp\/v2\/posts\/2117\/revisions\/2118"}],"wp:featuredmedia":[{"embeddable":true,"href":"https:\/\/www.carnicasiglesias.com\/fr\/wp-json\/wp\/v2\/media\/2086"}],"wp:attachment":[{"href":"https:\/\/www.carnicasiglesias.com\/fr\/wp-json\/wp\/v2\/media?parent=2117"}],"wp:term":[{"taxonomy":"category","embeddable":true,"href":"https:\/\/www.carnicasiglesias.com\/fr\/wp-json\/wp\/v2\/categories?post=2117"},{"taxonomy":"post_tag","embeddable":true,"href":"https:\/\/www.carnicasiglesias.com\/fr\/wp-json\/wp\/v2\/tags?post=2117"}],"curies":[{"name":"wp","href":"https:\/\/api.w.org\/{rel}","templated":true}]}}