{"id":2120,"date":"2020-01-29T14:55:17","date_gmt":"2020-01-29T13:55:17","guid":{"rendered":"https:\/\/www.carnicasiglesias.com\/?p=2120"},"modified":"2020-04-15T12:54:50","modified_gmt":"2020-04-15T10:54:50","slug":"carnicas-iglesias-participe-au-programme-dentreprise-familiale-en-classe","status":"publish","type":"post","link":"https:\/\/www.carnicasiglesias.com\/fr\/informations\/carnicas-iglesias-participe-au-programme-dentreprise-familiale-en-classe\/","title":{"rendered":"C\u00c1RNICAS IGLESIAS PARTICIPE AU \u00abPROGRAMME D&rsquo;ENTREPRISE FAMILIALE\u00bb EN CLASSE"},"content":{"rendered":"<p>C\u00e1rnicas Iglesias participe au \u00abprogramme d&rsquo;entreprise familiale\u00bb favorisant l&rsquo;esprit d&rsquo;entreprise dans les salles de classe.<\/p>\n<p>Il s&rsquo;agit de la deuxi\u00e8me \u00e9dition du programme pilot\u00e9 par la Association des entreprises familiales de Castilla y Leon (connue en espagnol sous le nom d&rsquo;EFCL) en coop\u00e9ration avec le Minist\u00e8re de l&rsquo;\u00c9ducation. 28 entreprises participent \u00e0 ce programme.<\/p>\n<p>Les entrepreneurs de Castilla y Le\u00f3n dans le cadre de ce programme, donneront des conf\u00e9rences \u00e0 32 \u00e9coles et il atteindra plus d&rsquo;un millier d&rsquo;\u00e9l\u00e8ves dans les \u00e9coles. Apr\u00e8s, les \u00e9tudiants visiteront le si\u00e8ge social des entreprises, ce qui contribue \u00e0 renforcer de mani\u00e8re pratique le contenu de ces sujets li\u00e9s aux affaires.<\/p>\n<p>D&rsquo;ailleurs, cette ann\u00e9e, le cours couvrira \u00e9galement les r\u00e9gions autonomes de Navarre, de Castilla La Mancha et de Galice gr\u00e2ce aux bureaux respectifs de l&rsquo;EFCL en ces r\u00e9gions.<\/p>\n<p>L&rsquo;objectif du programme est de promouvoir l&rsquo;entreprenariat et les valeurs des entreprises familiales chez les jeunes, ainsi que le r\u00f4le et la pertinence de ces entreprises dans notre \u00e9conomie et notre soci\u00e9t\u00e9.<\/p>\n<p>Le 28 f\u00e9vrier, Francisco Iglesias Gil, Carnicas Iglesias, aura une r\u00e9union avec les \u00e9tudiants de Calasanz School, pour expliquer comment fonctionne notre entreprise familiale, nos valeurs et nos objectifs.<\/p>\n<p>Quelques semaines apr\u00e8s la visite de l&rsquo;\u00e9cole, tous les \u00e9l\u00e8ves seront invit\u00e9s \u00e0 visiter notre usine de Salamanque.<\/p>\n<p><em>R\u00e9f\u00e9rence: El Economista.es 20\/01\/2020<\/em><\/p>\n","protected":false},"excerpt":{"rendered":"<p>C\u00e1rnicas Iglesias participe au \u00abprogramme d&rsquo;entreprise familiale\u00bb favorisant l&rsquo;esprit d&rsquo;entreprise dans les salles de classe. Il s&rsquo;agit de la deuxi\u00e8me \u00e9dition du programme pilot\u00e9 par la Association des entreprises familiales de Castilla y Leon (connue en espagnol sous le nom d&rsquo;EFCL) en coop\u00e9ration avec le Minist\u00e8re de l&rsquo;\u00c9ducation. 28 entreprises participent \u00e0 ce programme. Les &hellip; <\/p>\n<p class=\"link-more\"><a href=\"https:\/\/www.carnicasiglesias.com\/fr\/informations\/carnicas-iglesias-participe-au-programme-dentreprise-familiale-en-classe\/\" class=\"more-link\">Continue reading<span class=\"screen-reader-text\"> \u00ab\u00a0C\u00c1RNICAS IGLESIAS PARTICIPE AU \u00abPROGRAMME D&rsquo;ENTREPRISE FAMILIALE\u00bb EN CLASSE\u00a0\u00bb<\/span><\/a><\/p>\n","protected":false},"author":1,"featured_media":2065,"comment_status":"open","ping_status":"open","sticky":false,"template":"","format":"standard","meta":{"_acf_changed":false,"footnotes":""},"categories":[61],"tags":[],"class_list":["post-2120","post","type-post","status-publish","format-standard","has-post-thumbnail","hentry","category-informations"],"acf":[],"yoast_head":"<!-- This site is optimized with the Yoast SEO plugin v24.8.1 - https:\/\/yoast.com\/wordpress\/plugins\/seo\/ -->\n<title>C\u00c1RNICAS IGLESIAS PARTICIPE AU \u00abPROGRAMME D&#039;ENTREPRISE FAMILIALE\u00bb EN CLASSE | C\u00e1rnicas Iglesias<\/title>\n<meta name=\"description\" content=\"P\u00e1gina de C\u00c1RNICAS IGLESIAS PARTICIPE AU \u00abPROGRAMME D&#039;ENTREPRISE FAMILIALE\u00bb EN CLASSE en la cual se encuentra la ficha del producto.\" \/>\n<meta name=\"robots\" content=\"index, follow, max-snippet:-1, max-image-preview:large, max-video-preview:-1\" \/>\n<link rel=\"canonical\" href=\"https:\/\/www.carnicasiglesias.com\/noticias\/carnicas-iglesias-participa-en-el-programa-empresa-familiar-en-las-aulas\/\" \/>\n<meta property=\"og:locale\" content=\"fr_FR\" \/>\n<meta property=\"og:type\" content=\"article\" \/>\n<meta property=\"og:title\" content=\"C\u00c1RNICAS IGLESIAS PARTICIPE AU \u00abPROGRAMME D&#039;ENTREPRISE FAMILIALE\u00bb EN CLASSE | C\u00e1rnicas Iglesias\" \/>\n<meta property=\"og:description\" content=\"P\u00e1gina de C\u00c1RNICAS IGLESIAS PARTICIPE AU \u00abPROGRAMME D&#039;ENTREPRISE FAMILIALE\u00bb EN CLASSE en la cual se encuentra la ficha del producto.\" \/>\n<meta property=\"og:url\" content=\"https:\/\/www.carnicasiglesias.com\/noticias\/carnicas-iglesias-participa-en-el-programa-empresa-familiar-en-las-aulas\/\" \/>\n<meta property=\"og:site_name\" content=\"C\u00e1rnicas Iglesias\" \/>\n<meta property=\"article:published_time\" content=\"2020-01-29T13:55:17+00:00\" \/>\n<meta property=\"article:modified_time\" content=\"2020-04-15T10:54:50+00:00\" \/>\n<meta property=\"og:image\" content=\"https:\/\/www.carnicasiglesias.com\/wp-content\/uploads\/2020\/01\/foto-noticia.jpg\" \/>\n\t<meta property=\"og:image:width\" content=\"2362\" \/>\n\t<meta property=\"og:image:height\" content=\"2362\" \/>\n\t<meta property=\"og:image:type\" content=\"image\/jpeg\" \/>\n<meta name=\"author\" content=\"wcarigle\" \/>\n<meta name=\"twitter:card\" content=\"summary_large_image\" \/>\n<meta name=\"twitter:label1\" content=\"\u00c9crit par\" \/>\n\t<meta name=\"twitter:data1\" content=\"wcarigle\" \/>\n\t<meta name=\"twitter:label2\" content=\"Dur\u00e9e de lecture estim\u00e9e\" \/>\n\t<meta name=\"twitter:data2\" content=\"1 minute\" \/>\n<script type=\"application\/ld+json\" class=\"yoast-schema-graph\">{\"@context\":\"https:\/\/schema.org\",\"@graph\":[{\"@type\":\"WebPage\",\"@id\":\"https:\/\/www.carnicasiglesias.com\/noticias\/carnicas-iglesias-participa-en-el-programa-empresa-familiar-en-las-aulas\/\",\"url\":\"https:\/\/www.carnicasiglesias.com\/noticias\/carnicas-iglesias-participa-en-el-programa-empresa-familiar-en-las-aulas\/\",\"name\":\"C\u00c1RNICAS IGLESIAS PARTICIPE AU \u00abPROGRAMME D'ENTREPRISE FAMILIALE\u00bb EN CLASSE | C\u00e1rnicas Iglesias\",\"isPartOf\":{\"@id\":\"https:\/\/www.carnicasiglesias.com\/#website\"},\"primaryImageOfPage\":{\"@id\":\"https:\/\/www.carnicasiglesias.com\/noticias\/carnicas-iglesias-participa-en-el-programa-empresa-familiar-en-las-aulas\/#primaryimage\"},\"image\":{\"@id\":\"https:\/\/www.carnicasiglesias.com\/noticias\/carnicas-iglesias-participa-en-el-programa-empresa-familiar-en-las-aulas\/#primaryimage\"},\"thumbnailUrl\":\"https:\/\/www.carnicasiglesias.com\/wp-content\/uploads\/2020\/01\/foto-noticia.jpg\",\"datePublished\":\"2020-01-29T13:55:17+00:00\",\"dateModified\":\"2020-04-15T10:54:50+00:00\",\"author\":{\"@id\":\"https:\/\/www.carnicasiglesias.com\/#\/schema\/person\/aaaf7d4dc5dc4bbfeb2f346eb04801eb\"},\"description\":\"P\u00e1gina de C\u00c1RNICAS IGLESIAS PARTICIPE AU \u00abPROGRAMME D'ENTREPRISE FAMILIALE\u00bb EN CLASSE en la cual se encuentra la ficha del producto.\",\"breadcrumb\":{\"@id\":\"https:\/\/www.carnicasiglesias.com\/noticias\/carnicas-iglesias-participa-en-el-programa-empresa-familiar-en-las-aulas\/#breadcrumb\"},\"inLanguage\":\"fr-FR\",\"potentialAction\":[{\"@type\":\"ReadAction\",\"target\":[\"https:\/\/www.carnicasiglesias.com\/noticias\/carnicas-iglesias-participa-en-el-programa-empresa-familiar-en-las-aulas\/\"]}]},{\"@type\":\"ImageObject\",\"inLanguage\":\"fr-FR\",\"@id\":\"https:\/\/www.carnicasiglesias.com\/noticias\/carnicas-iglesias-participa-en-el-programa-empresa-familiar-en-las-aulas\/#primaryimage\",\"url\":\"https:\/\/www.carnicasiglesias.com\/wp-content\/uploads\/2020\/01\/foto-noticia.jpg\",\"contentUrl\":\"https:\/\/www.carnicasiglesias.com\/wp-content\/uploads\/2020\/01\/foto-noticia.jpg\",\"width\":2362,\"height\":2362},{\"@type\":\"BreadcrumbList\",\"@id\":\"https:\/\/www.carnicasiglesias.com\/noticias\/carnicas-iglesias-participa-en-el-programa-empresa-familiar-en-las-aulas\/#breadcrumb\",\"itemListElement\":[{\"@type\":\"ListItem\",\"position\":1,\"name\":\"Portada\",\"item\":\"https:\/\/www.carnicasiglesias.com\/fr\/\"},{\"@type\":\"ListItem\",\"position\":2,\"name\":\"C\u00c1RNICAS IGLESIAS PARTICIPE AU \u00abPROGRAMME D&#8217;ENTREPRISE FAMILIALE\u00bb EN CLASSE\"}]},{\"@type\":\"WebSite\",\"@id\":\"https:\/\/www.carnicasiglesias.com\/#website\",\"url\":\"https:\/\/www.carnicasiglesias.com\/\",\"name\":\"C\u00e1rnicas Iglesias\",\"description\":\"P\u00e1gina web de C\u00e1rnicas Iglesias\",\"potentialAction\":[{\"@type\":\"SearchAction\",\"target\":{\"@type\":\"EntryPoint\",\"urlTemplate\":\"https:\/\/www.carnicasiglesias.com\/?s={search_term_string}\"},\"query-input\":{\"@type\":\"PropertyValueSpecification\",\"valueRequired\":true,\"valueName\":\"search_term_string\"}}],\"inLanguage\":\"fr-FR\"},{\"@type\":\"Person\",\"@id\":\"https:\/\/www.carnicasiglesias.com\/#\/schema\/person\/aaaf7d4dc5dc4bbfeb2f346eb04801eb\",\"name\":\"wcarigle\",\"image\":{\"@type\":\"ImageObject\",\"inLanguage\":\"fr-FR\",\"@id\":\"https:\/\/www.carnicasiglesias.com\/#\/schema\/person\/image\/\",\"url\":\"https:\/\/secure.gravatar.com\/avatar\/c508261c9bb726f239f6caae30854a8c?s=96&d=mm&r=g\",\"contentUrl\":\"https:\/\/secure.gravatar.com\/avatar\/c508261c9bb726f239f6caae30854a8c?s=96&d=mm&r=g\",\"caption\":\"wcarigle\"}}]}<\/script>\n<!-- \/ Yoast SEO plugin. -->","yoast_head_json":{"title":"C\u00c1RNICAS IGLESIAS PARTICIPE AU \u00abPROGRAMME D'ENTREPRISE FAMILIALE\u00bb EN CLASSE | C\u00e1rnicas Iglesias","description":"P\u00e1gina de C\u00c1RNICAS IGLESIAS PARTICIPE AU \u00abPROGRAMME D'ENTREPRISE FAMILIALE\u00bb EN CLASSE en la cual se encuentra la ficha del producto.","robots":{"index":"index","follow":"follow","max-snippet":"max-snippet:-1","max-image-preview":"max-image-preview:large","max-video-preview":"max-video-preview:-1"},"canonical":"https:\/\/www.carnicasiglesias.com\/noticias\/carnicas-iglesias-participa-en-el-programa-empresa-familiar-en-las-aulas\/","og_locale":"fr_FR","og_type":"article","og_title":"C\u00c1RNICAS IGLESIAS PARTICIPE AU \u00abPROGRAMME D'ENTREPRISE FAMILIALE\u00bb EN CLASSE | C\u00e1rnicas Iglesias","og_description":"P\u00e1gina de C\u00c1RNICAS IGLESIAS PARTICIPE AU \u00abPROGRAMME D'ENTREPRISE FAMILIALE\u00bb EN CLASSE en la cual se encuentra la ficha del producto.","og_url":"https:\/\/www.carnicasiglesias.com\/noticias\/carnicas-iglesias-participa-en-el-programa-empresa-familiar-en-las-aulas\/","og_site_name":"C\u00e1rnicas Iglesias","article_published_time":"2020-01-29T13:55:17+00:00","article_modified_time":"2020-04-15T10:54:50+00:00","og_image":[{"width":2362,"height":2362,"url":"https:\/\/www.carnicasiglesias.com\/wp-content\/uploads\/2020\/01\/foto-noticia.jpg","type":"image\/jpeg"}],"author":"wcarigle","twitter_card":"summary_large_image","twitter_misc":{"\u00c9crit par":"wcarigle","Dur\u00e9e de lecture estim\u00e9e":"1 minute"},"schema":{"@context":"https:\/\/schema.org","@graph":[{"@type":"WebPage","@id":"https:\/\/www.carnicasiglesias.com\/noticias\/carnicas-iglesias-participa-en-el-programa-empresa-familiar-en-las-aulas\/","url":"https:\/\/www.carnicasiglesias.com\/noticias\/carnicas-iglesias-participa-en-el-programa-empresa-familiar-en-las-aulas\/","name":"C\u00c1RNICAS IGLESIAS PARTICIPE AU \u00abPROGRAMME D'ENTREPRISE FAMILIALE\u00bb EN CLASSE | C\u00e1rnicas Iglesias","isPartOf":{"@id":"https:\/\/www.carnicasiglesias.com\/#website"},"primaryImageOfPage":{"@id":"https:\/\/www.carnicasiglesias.com\/noticias\/carnicas-iglesias-participa-en-el-programa-empresa-familiar-en-las-aulas\/#primaryimage"},"image":{"@id":"https:\/\/www.carnicasiglesias.com\/noticias\/carnicas-iglesias-participa-en-el-programa-empresa-familiar-en-las-aulas\/#primaryimage"},"thumbnailUrl":"https:\/\/www.carnicasiglesias.com\/wp-content\/uploads\/2020\/01\/foto-noticia.jpg","datePublished":"2020-01-29T13:55:17+00:00","dateModified":"2020-04-15T10:54:50+00:00","author":{"@id":"https:\/\/www.carnicasiglesias.com\/#\/schema\/person\/aaaf7d4dc5dc4bbfeb2f346eb04801eb"},"description":"P\u00e1gina de C\u00c1RNICAS IGLESIAS PARTICIPE AU \u00abPROGRAMME D'ENTREPRISE FAMILIALE\u00bb EN CLASSE en la cual se encuentra la ficha del producto.","breadcrumb":{"@id":"https:\/\/www.carnicasiglesias.com\/noticias\/carnicas-iglesias-participa-en-el-programa-empresa-familiar-en-las-aulas\/#breadcrumb"},"inLanguage":"fr-FR","potentialAction":[{"@type":"ReadAction","target":["https:\/\/www.carnicasiglesias.com\/noticias\/carnicas-iglesias-participa-en-el-programa-empresa-familiar-en-las-aulas\/"]}]},{"@type":"ImageObject","inLanguage":"fr-FR","@id":"https:\/\/www.carnicasiglesias.com\/noticias\/carnicas-iglesias-participa-en-el-programa-empresa-familiar-en-las-aulas\/#primaryimage","url":"https:\/\/www.carnicasiglesias.com\/wp-content\/uploads\/2020\/01\/foto-noticia.jpg","contentUrl":"https:\/\/www.carnicasiglesias.com\/wp-content\/uploads\/2020\/01\/foto-noticia.jpg","width":2362,"height":2362},{"@type":"BreadcrumbList","@id":"https:\/\/www.carnicasiglesias.com\/noticias\/carnicas-iglesias-participa-en-el-programa-empresa-familiar-en-las-aulas\/#breadcrumb","itemListElement":[{"@type":"ListItem","position":1,"name":"Portada","item":"https:\/\/www.carnicasiglesias.com\/fr\/"},{"@type":"ListItem","position":2,"name":"C\u00c1RNICAS IGLESIAS PARTICIPE AU \u00abPROGRAMME D&#8217;ENTREPRISE FAMILIALE\u00bb EN CLASSE"}]},{"@type":"WebSite","@id":"https:\/\/www.carnicasiglesias.com\/#website","url":"https:\/\/www.carnicasiglesias.com\/","name":"C\u00e1rnicas Iglesias","description":"P\u00e1gina web de C\u00e1rnicas Iglesias","potentialAction":[{"@type":"SearchAction","target":{"@type":"EntryPoint","urlTemplate":"https:\/\/www.carnicasiglesias.com\/?s={search_term_string}"},"query-input":{"@type":"PropertyValueSpecification","valueRequired":true,"valueName":"search_term_string"}}],"inLanguage":"fr-FR"},{"@type":"Person","@id":"https:\/\/www.carnicasiglesias.com\/#\/schema\/person\/aaaf7d4dc5dc4bbfeb2f346eb04801eb","name":"wcarigle","image":{"@type":"ImageObject","inLanguage":"fr-FR","@id":"https:\/\/www.carnicasiglesias.com\/#\/schema\/person\/image\/","url":"https:\/\/secure.gravatar.com\/avatar\/c508261c9bb726f239f6caae30854a8c?s=96&d=mm&r=g","contentUrl":"https:\/\/secure.gravatar.com\/avatar\/c508261c9bb726f239f6caae30854a8c?s=96&d=mm&r=g","caption":"wcarigle"}}]}},"_links":{"self":[{"href":"https:\/\/www.carnicasiglesias.com\/fr\/wp-json\/wp\/v2\/posts\/2120","targetHints":{"allow":["GET"]}}],"collection":[{"href":"https:\/\/www.carnicasiglesias.com\/fr\/wp-json\/wp\/v2\/posts"}],"about":[{"href":"https:\/\/www.carnicasiglesias.com\/fr\/wp-json\/wp\/v2\/types\/post"}],"author":[{"embeddable":true,"href":"https:\/\/www.carnicasiglesias.com\/fr\/wp-json\/wp\/v2\/users\/1"}],"replies":[{"embeddable":true,"href":"https:\/\/www.carnicasiglesias.com\/fr\/wp-json\/wp\/v2\/comments?post=2120"}],"version-history":[{"count":1,"href":"https:\/\/www.carnicasiglesias.com\/fr\/wp-json\/wp\/v2\/posts\/2120\/revisions"}],"predecessor-version":[{"id":2122,"href":"https:\/\/www.carnicasiglesias.com\/fr\/wp-json\/wp\/v2\/posts\/2120\/revisions\/2122"}],"wp:featuredmedia":[{"embeddable":true,"href":"https:\/\/www.carnicasiglesias.com\/fr\/wp-json\/wp\/v2\/media\/2065"}],"wp:attachment":[{"href":"https:\/\/www.carnicasiglesias.com\/fr\/wp-json\/wp\/v2\/media?parent=2120"}],"wp:term":[{"taxonomy":"category","embeddable":true,"href":"https:\/\/www.carnicasiglesias.com\/fr\/wp-json\/wp\/v2\/categories?post=2120"},{"taxonomy":"post_tag","embeddable":true,"href":"https:\/\/www.carnicasiglesias.com\/fr\/wp-json\/wp\/v2\/tags?post=2120"}],"curies":[{"name":"wp","href":"https:\/\/api.w.org\/{rel}","templated":true}]}}