{"id":2202,"date":"2020-07-30T14:19:46","date_gmt":"2020-07-30T12:19:46","guid":{"rendered":"https:\/\/www.carnicasiglesias.com\/?p=2202"},"modified":"2020-07-30T14:19:46","modified_gmt":"2020-07-30T12:19:46","slug":"agradecidos-al-ayuntamiento-de-santa-marta-por-el-reconocimiento-al-trabajo-realizado-durante-la-crisis-sanitaria","status":"publish","type":"post","link":"https:\/\/www.carnicasiglesias.com\/fr\/noticias\/agradecidos-al-ayuntamiento-de-santa-marta-por-el-reconocimiento-al-trabajo-realizado-durante-la-crisis-sanitaria\/","title":{"rendered":"Agradecidos al Ayuntamiento de Santa Marta por el reconocimiento al trabajo realizado durante la crisis sanitaria"},"content":{"rendered":"<p>Coincidiendo con la celebraci\u00f3n de la festividad del municipio, el Ayuntamiento de Santa Marta no ha querido olvidarse de los que han estado trabajando durante el estado de alarma decretado para evitar la expansi\u00f3n del virus. Este mi\u00e9rcoles, en el Auditorio Enrique de Sena, se ha reconocido el trabajo de personas y empresas del municipio entre las que nos encontr\u00e1bamos.<\/p>\n<p>El alcalde de Santa Marta, David Mingo, ha destacado el trabajo ejemplar de los homenajeados durante los meses m\u00e1s duros del Covid-19. Desde C\u00e1rnicas Iglesias agradecer este reconocimiento y recordar a todas las personas a las que ha afectado esta pandemia que lleg\u00f3 a nuestras vidas de manera cruel e inesperada. Tambi\u00e9n agradecer, de manera muy especial a todo el personal de la Empresa, su esfuerzo, ayuda y gran trabajo en estos meses tan complicados.<\/p>\n<p>&nbsp;<\/p>\n<div id='gallery-1' class='gallery galleryid-2202 gallery-columns-3 gallery-size-medium'><figure class='gallery-item'>\n\t\t\t<div class='gallery-icon landscape'>\n\t\t\t\t<img loading=\"lazy\" decoding=\"async\" width=\"300\" height=\"200\" src=\"https:\/\/www.carnicasiglesias.com\/wp-content\/uploads\/2020\/07\/salamanca-santamartahomenajecovid-21-300x200.jpg\" class=\"attachment-medium size-medium\" alt=\"\" srcset=\"https:\/\/www.carnicasiglesias.com\/wp-content\/uploads\/2020\/07\/salamanca-santamartahomenajecovid-21-300x200.jpg 300w, https:\/\/www.carnicasiglesias.com\/wp-content\/uploads\/2020\/07\/salamanca-santamartahomenajecovid-21-768x512.jpg 768w, https:\/\/www.carnicasiglesias.com\/wp-content\/uploads\/2020\/07\/salamanca-santamartahomenajecovid-21-1024x683.jpg 1024w, https:\/\/www.carnicasiglesias.com\/wp-content\/uploads\/2020\/07\/salamanca-santamartahomenajecovid-21.jpg 2048w\" sizes=\"auto, 100vw\" \/>\n\t\t\t<\/div><\/figure><figure class='gallery-item'>\n\t\t\t<div class='gallery-icon landscape'>\n\t\t\t\t<img loading=\"lazy\" decoding=\"async\" width=\"300\" height=\"199\" src=\"https:\/\/www.carnicasiglesias.com\/wp-content\/uploads\/2020\/07\/fichero_1127817_20200729-300x199.jpg\" class=\"attachment-medium size-medium\" alt=\"\" srcset=\"https:\/\/www.carnicasiglesias.com\/wp-content\/uploads\/2020\/07\/fichero_1127817_20200729-300x199.jpg 300w, https:\/\/www.carnicasiglesias.com\/wp-content\/uploads\/2020\/07\/fichero_1127817_20200729-768x510.jpg 768w, https:\/\/www.carnicasiglesias.com\/wp-content\/uploads\/2020\/07\/fichero_1127817_20200729.jpg 950w\" sizes=\"auto, 100vw\" \/>\n\t\t\t<\/div><\/figure><figure class='gallery-item'>\n\t\t\t<div class='gallery-icon landscape'>\n\t\t\t\t<img loading=\"lazy\" decoding=\"async\" width=\"300\" height=\"225\" src=\"https:\/\/www.carnicasiglesias.com\/wp-content\/uploads\/2020\/07\/foto-reconocimiento-300x225.jpg\" class=\"attachment-medium size-medium\" alt=\"\" srcset=\"https:\/\/www.carnicasiglesias.com\/wp-content\/uploads\/2020\/07\/foto-reconocimiento-300x225.jpg 300w, https:\/\/www.carnicasiglesias.com\/wp-content\/uploads\/2020\/07\/foto-reconocimiento-768x576.jpg 768w, https:\/\/www.carnicasiglesias.com\/wp-content\/uploads\/2020\/07\/foto-reconocimiento-1024x768.jpg 1024w\" sizes=\"auto, 100vw\" \/>\n\t\t\t<\/div><\/figure>\n\t\t<\/div>\n\n","protected":false},"excerpt":{"rendered":"<p>Coincidiendo con la celebraci\u00f3n de la festividad del municipio, el Ayuntamiento de Santa Marta no ha querido olvidarse de los que han estado trabajando durante el estado de alarma decretado para evitar la expansi\u00f3n del virus. Este mi\u00e9rcoles, en el Auditorio Enrique de Sena, se ha reconocido el trabajo de personas y empresas del municipio &hellip; <\/p>\n<p class=\"link-more\"><a href=\"https:\/\/www.carnicasiglesias.com\/fr\/noticias\/agradecidos-al-ayuntamiento-de-santa-marta-por-el-reconocimiento-al-trabajo-realizado-durante-la-crisis-sanitaria\/\" class=\"more-link\">Continue reading<span class=\"screen-reader-text\"> \u00ab\u00a0Agradecidos al Ayuntamiento de Santa Marta por el reconocimiento al trabajo realizado durante la crisis sanitaria\u00a0\u00bb<\/span><\/a><\/p>\n","protected":false},"author":1,"featured_media":2203,"comment_status":"open","ping_status":"open","sticky":false,"template":"","format":"standard","meta":{"_acf_changed":false,"footnotes":""},"categories":[9],"tags":[],"class_list":["post-2202","post","type-post","status-publish","format-standard","has-post-thumbnail","hentry","category-noticias"],"acf":[],"yoast_head":"<!-- This site is optimized with the Yoast SEO plugin v24.8.1 - https:\/\/yoast.com\/wordpress\/plugins\/seo\/ -->\n<title>Agradecidos al Ayuntamiento de Santa Marta por el reconocimiento al trabajo realizado durante la crisis sanitaria | C\u00e1rnicas Iglesias<\/title>\n<meta name=\"description\" content=\"P\u00e1gina de Agradecidos al Ayuntamiento de Santa Marta por el reconocimiento al trabajo realizado durante la crisis sanitaria en la cual se encuentra la ficha del producto.\" \/>\n<meta name=\"robots\" content=\"index, follow, max-snippet:-1, max-image-preview:large, max-video-preview:-1\" \/>\n<link rel=\"canonical\" href=\"https:\/\/www.carnicasiglesias.com\/noticias\/agradecidos-al-ayuntamiento-de-santa-marta-por-el-reconocimiento-al-trabajo-realizado-durante-la-crisis-sanitaria\/\" \/>\n<meta property=\"og:locale\" content=\"fr_FR\" \/>\n<meta property=\"og:type\" content=\"article\" \/>\n<meta property=\"og:title\" content=\"Agradecidos al Ayuntamiento de Santa Marta por el reconocimiento al trabajo realizado durante la crisis sanitaria | C\u00e1rnicas Iglesias\" \/>\n<meta property=\"og:description\" content=\"P\u00e1gina de Agradecidos al Ayuntamiento de Santa Marta por el reconocimiento al trabajo realizado durante la crisis sanitaria en la cual se encuentra la ficha del producto.\" \/>\n<meta property=\"og:url\" content=\"https:\/\/www.carnicasiglesias.com\/noticias\/agradecidos-al-ayuntamiento-de-santa-marta-por-el-reconocimiento-al-trabajo-realizado-durante-la-crisis-sanitaria\/\" \/>\n<meta property=\"og:site_name\" content=\"C\u00e1rnicas Iglesias\" \/>\n<meta property=\"article:published_time\" content=\"2020-07-30T12:19:46+00:00\" \/>\n<meta property=\"og:image\" content=\"https:\/\/www.carnicasiglesias.com\/wp-content\/uploads\/2020\/07\/fichero_1127817_20200729.jpg\" \/>\n\t<meta property=\"og:image:width\" content=\"950\" \/>\n\t<meta property=\"og:image:height\" content=\"631\" \/>\n\t<meta property=\"og:image:type\" content=\"image\/jpeg\" \/>\n<meta name=\"author\" content=\"wcarigle\" \/>\n<meta name=\"twitter:card\" content=\"summary_large_image\" \/>\n<meta name=\"twitter:label1\" content=\"\u00c9crit par\" \/>\n\t<meta name=\"twitter:data1\" content=\"wcarigle\" \/>\n\t<meta name=\"twitter:label2\" content=\"Dur\u00e9e de lecture estim\u00e9e\" \/>\n\t<meta name=\"twitter:data2\" content=\"1 minute\" \/>\n<script type=\"application\/ld+json\" class=\"yoast-schema-graph\">{\"@context\":\"https:\/\/schema.org\",\"@graph\":[{\"@type\":\"WebPage\",\"@id\":\"https:\/\/www.carnicasiglesias.com\/noticias\/agradecidos-al-ayuntamiento-de-santa-marta-por-el-reconocimiento-al-trabajo-realizado-durante-la-crisis-sanitaria\/\",\"url\":\"https:\/\/www.carnicasiglesias.com\/noticias\/agradecidos-al-ayuntamiento-de-santa-marta-por-el-reconocimiento-al-trabajo-realizado-durante-la-crisis-sanitaria\/\",\"name\":\"Agradecidos al Ayuntamiento de Santa Marta por el reconocimiento al trabajo realizado durante la crisis sanitaria | C\u00e1rnicas Iglesias\",\"isPartOf\":{\"@id\":\"https:\/\/www.carnicasiglesias.com\/#website\"},\"primaryImageOfPage\":{\"@id\":\"https:\/\/www.carnicasiglesias.com\/noticias\/agradecidos-al-ayuntamiento-de-santa-marta-por-el-reconocimiento-al-trabajo-realizado-durante-la-crisis-sanitaria\/#primaryimage\"},\"image\":{\"@id\":\"https:\/\/www.carnicasiglesias.com\/noticias\/agradecidos-al-ayuntamiento-de-santa-marta-por-el-reconocimiento-al-trabajo-realizado-durante-la-crisis-sanitaria\/#primaryimage\"},\"thumbnailUrl\":\"https:\/\/www.carnicasiglesias.com\/wp-content\/uploads\/2020\/07\/fichero_1127817_20200729.jpg\",\"datePublished\":\"2020-07-30T12:19:46+00:00\",\"author\":{\"@id\":\"https:\/\/www.carnicasiglesias.com\/#\/schema\/person\/aaaf7d4dc5dc4bbfeb2f346eb04801eb\"},\"description\":\"P\u00e1gina de Agradecidos al Ayuntamiento de Santa Marta por el reconocimiento al trabajo realizado durante la crisis sanitaria en la cual se encuentra la ficha del producto.\",\"breadcrumb\":{\"@id\":\"https:\/\/www.carnicasiglesias.com\/noticias\/agradecidos-al-ayuntamiento-de-santa-marta-por-el-reconocimiento-al-trabajo-realizado-durante-la-crisis-sanitaria\/#breadcrumb\"},\"inLanguage\":\"fr-FR\",\"potentialAction\":[{\"@type\":\"ReadAction\",\"target\":[\"https:\/\/www.carnicasiglesias.com\/noticias\/agradecidos-al-ayuntamiento-de-santa-marta-por-el-reconocimiento-al-trabajo-realizado-durante-la-crisis-sanitaria\/\"]}]},{\"@type\":\"ImageObject\",\"inLanguage\":\"fr-FR\",\"@id\":\"https:\/\/www.carnicasiglesias.com\/noticias\/agradecidos-al-ayuntamiento-de-santa-marta-por-el-reconocimiento-al-trabajo-realizado-durante-la-crisis-sanitaria\/#primaryimage\",\"url\":\"https:\/\/www.carnicasiglesias.com\/wp-content\/uploads\/2020\/07\/fichero_1127817_20200729.jpg\",\"contentUrl\":\"https:\/\/www.carnicasiglesias.com\/wp-content\/uploads\/2020\/07\/fichero_1127817_20200729.jpg\",\"width\":950,\"height\":631},{\"@type\":\"BreadcrumbList\",\"@id\":\"https:\/\/www.carnicasiglesias.com\/noticias\/agradecidos-al-ayuntamiento-de-santa-marta-por-el-reconocimiento-al-trabajo-realizado-durante-la-crisis-sanitaria\/#breadcrumb\",\"itemListElement\":[{\"@type\":\"ListItem\",\"position\":1,\"name\":\"Portada\",\"item\":\"https:\/\/www.carnicasiglesias.com\/fr\/\"},{\"@type\":\"ListItem\",\"position\":2,\"name\":\"Agradecidos al Ayuntamiento de Santa Marta por el reconocimiento al trabajo realizado durante la crisis sanitaria\"}]},{\"@type\":\"WebSite\",\"@id\":\"https:\/\/www.carnicasiglesias.com\/#website\",\"url\":\"https:\/\/www.carnicasiglesias.com\/\",\"name\":\"C\u00e1rnicas Iglesias\",\"description\":\"P\u00e1gina web de C\u00e1rnicas Iglesias\",\"potentialAction\":[{\"@type\":\"SearchAction\",\"target\":{\"@type\":\"EntryPoint\",\"urlTemplate\":\"https:\/\/www.carnicasiglesias.com\/?s={search_term_string}\"},\"query-input\":{\"@type\":\"PropertyValueSpecification\",\"valueRequired\":true,\"valueName\":\"search_term_string\"}}],\"inLanguage\":\"fr-FR\"},{\"@type\":\"Person\",\"@id\":\"https:\/\/www.carnicasiglesias.com\/#\/schema\/person\/aaaf7d4dc5dc4bbfeb2f346eb04801eb\",\"name\":\"wcarigle\",\"image\":{\"@type\":\"ImageObject\",\"inLanguage\":\"fr-FR\",\"@id\":\"https:\/\/www.carnicasiglesias.com\/#\/schema\/person\/image\/\",\"url\":\"https:\/\/secure.gravatar.com\/avatar\/c508261c9bb726f239f6caae30854a8c?s=96&d=mm&r=g\",\"contentUrl\":\"https:\/\/secure.gravatar.com\/avatar\/c508261c9bb726f239f6caae30854a8c?s=96&d=mm&r=g\",\"caption\":\"wcarigle\"}}]}<\/script>\n<!-- \/ Yoast SEO plugin. -->","yoast_head_json":{"title":"Agradecidos al Ayuntamiento de Santa Marta por el reconocimiento al trabajo realizado durante la crisis sanitaria | C\u00e1rnicas Iglesias","description":"P\u00e1gina de Agradecidos al Ayuntamiento de Santa Marta por el reconocimiento al trabajo realizado durante la crisis sanitaria en la cual se encuentra la ficha del producto.","robots":{"index":"index","follow":"follow","max-snippet":"max-snippet:-1","max-image-preview":"max-image-preview:large","max-video-preview":"max-video-preview:-1"},"canonical":"https:\/\/www.carnicasiglesias.com\/noticias\/agradecidos-al-ayuntamiento-de-santa-marta-por-el-reconocimiento-al-trabajo-realizado-durante-la-crisis-sanitaria\/","og_locale":"fr_FR","og_type":"article","og_title":"Agradecidos al Ayuntamiento de Santa Marta por el reconocimiento al trabajo realizado durante la crisis sanitaria | C\u00e1rnicas Iglesias","og_description":"P\u00e1gina de Agradecidos al Ayuntamiento de Santa Marta por el reconocimiento al trabajo realizado durante la crisis sanitaria en la cual se encuentra la ficha del producto.","og_url":"https:\/\/www.carnicasiglesias.com\/noticias\/agradecidos-al-ayuntamiento-de-santa-marta-por-el-reconocimiento-al-trabajo-realizado-durante-la-crisis-sanitaria\/","og_site_name":"C\u00e1rnicas Iglesias","article_published_time":"2020-07-30T12:19:46+00:00","og_image":[{"width":950,"height":631,"url":"https:\/\/www.carnicasiglesias.com\/wp-content\/uploads\/2020\/07\/fichero_1127817_20200729.jpg","type":"image\/jpeg"}],"author":"wcarigle","twitter_card":"summary_large_image","twitter_misc":{"\u00c9crit par":"wcarigle","Dur\u00e9e de lecture estim\u00e9e":"1 minute"},"schema":{"@context":"https:\/\/schema.org","@graph":[{"@type":"WebPage","@id":"https:\/\/www.carnicasiglesias.com\/noticias\/agradecidos-al-ayuntamiento-de-santa-marta-por-el-reconocimiento-al-trabajo-realizado-durante-la-crisis-sanitaria\/","url":"https:\/\/www.carnicasiglesias.com\/noticias\/agradecidos-al-ayuntamiento-de-santa-marta-por-el-reconocimiento-al-trabajo-realizado-durante-la-crisis-sanitaria\/","name":"Agradecidos al Ayuntamiento de Santa Marta por el reconocimiento al trabajo realizado durante la crisis sanitaria | C\u00e1rnicas Iglesias","isPartOf":{"@id":"https:\/\/www.carnicasiglesias.com\/#website"},"primaryImageOfPage":{"@id":"https:\/\/www.carnicasiglesias.com\/noticias\/agradecidos-al-ayuntamiento-de-santa-marta-por-el-reconocimiento-al-trabajo-realizado-durante-la-crisis-sanitaria\/#primaryimage"},"image":{"@id":"https:\/\/www.carnicasiglesias.com\/noticias\/agradecidos-al-ayuntamiento-de-santa-marta-por-el-reconocimiento-al-trabajo-realizado-durante-la-crisis-sanitaria\/#primaryimage"},"thumbnailUrl":"https:\/\/www.carnicasiglesias.com\/wp-content\/uploads\/2020\/07\/fichero_1127817_20200729.jpg","datePublished":"2020-07-30T12:19:46+00:00","author":{"@id":"https:\/\/www.carnicasiglesias.com\/#\/schema\/person\/aaaf7d4dc5dc4bbfeb2f346eb04801eb"},"description":"P\u00e1gina de Agradecidos al Ayuntamiento de Santa Marta por el reconocimiento al trabajo realizado durante la crisis sanitaria en la cual se encuentra la ficha del producto.","breadcrumb":{"@id":"https:\/\/www.carnicasiglesias.com\/noticias\/agradecidos-al-ayuntamiento-de-santa-marta-por-el-reconocimiento-al-trabajo-realizado-durante-la-crisis-sanitaria\/#breadcrumb"},"inLanguage":"fr-FR","potentialAction":[{"@type":"ReadAction","target":["https:\/\/www.carnicasiglesias.com\/noticias\/agradecidos-al-ayuntamiento-de-santa-marta-por-el-reconocimiento-al-trabajo-realizado-durante-la-crisis-sanitaria\/"]}]},{"@type":"ImageObject","inLanguage":"fr-FR","@id":"https:\/\/www.carnicasiglesias.com\/noticias\/agradecidos-al-ayuntamiento-de-santa-marta-por-el-reconocimiento-al-trabajo-realizado-durante-la-crisis-sanitaria\/#primaryimage","url":"https:\/\/www.carnicasiglesias.com\/wp-content\/uploads\/2020\/07\/fichero_1127817_20200729.jpg","contentUrl":"https:\/\/www.carnicasiglesias.com\/wp-content\/uploads\/2020\/07\/fichero_1127817_20200729.jpg","width":950,"height":631},{"@type":"BreadcrumbList","@id":"https:\/\/www.carnicasiglesias.com\/noticias\/agradecidos-al-ayuntamiento-de-santa-marta-por-el-reconocimiento-al-trabajo-realizado-durante-la-crisis-sanitaria\/#breadcrumb","itemListElement":[{"@type":"ListItem","position":1,"name":"Portada","item":"https:\/\/www.carnicasiglesias.com\/fr\/"},{"@type":"ListItem","position":2,"name":"Agradecidos al Ayuntamiento de Santa Marta por el reconocimiento al trabajo realizado durante la crisis sanitaria"}]},{"@type":"WebSite","@id":"https:\/\/www.carnicasiglesias.com\/#website","url":"https:\/\/www.carnicasiglesias.com\/","name":"C\u00e1rnicas Iglesias","description":"P\u00e1gina web de C\u00e1rnicas Iglesias","potentialAction":[{"@type":"SearchAction","target":{"@type":"EntryPoint","urlTemplate":"https:\/\/www.carnicasiglesias.com\/?s={search_term_string}"},"query-input":{"@type":"PropertyValueSpecification","valueRequired":true,"valueName":"search_term_string"}}],"inLanguage":"fr-FR"},{"@type":"Person","@id":"https:\/\/www.carnicasiglesias.com\/#\/schema\/person\/aaaf7d4dc5dc4bbfeb2f346eb04801eb","name":"wcarigle","image":{"@type":"ImageObject","inLanguage":"fr-FR","@id":"https:\/\/www.carnicasiglesias.com\/#\/schema\/person\/image\/","url":"https:\/\/secure.gravatar.com\/avatar\/c508261c9bb726f239f6caae30854a8c?s=96&d=mm&r=g","contentUrl":"https:\/\/secure.gravatar.com\/avatar\/c508261c9bb726f239f6caae30854a8c?s=96&d=mm&r=g","caption":"wcarigle"}}]}},"_links":{"self":[{"href":"https:\/\/www.carnicasiglesias.com\/fr\/wp-json\/wp\/v2\/posts\/2202","targetHints":{"allow":["GET"]}}],"collection":[{"href":"https:\/\/www.carnicasiglesias.com\/fr\/wp-json\/wp\/v2\/posts"}],"about":[{"href":"https:\/\/www.carnicasiglesias.com\/fr\/wp-json\/wp\/v2\/types\/post"}],"author":[{"embeddable":true,"href":"https:\/\/www.carnicasiglesias.com\/fr\/wp-json\/wp\/v2\/users\/1"}],"replies":[{"embeddable":true,"href":"https:\/\/www.carnicasiglesias.com\/fr\/wp-json\/wp\/v2\/comments?post=2202"}],"version-history":[{"count":2,"href":"https:\/\/www.carnicasiglesias.com\/fr\/wp-json\/wp\/v2\/posts\/2202\/revisions"}],"predecessor-version":[{"id":2449,"href":"https:\/\/www.carnicasiglesias.com\/fr\/wp-json\/wp\/v2\/posts\/2202\/revisions\/2449"}],"wp:featuredmedia":[{"embeddable":true,"href":"https:\/\/www.carnicasiglesias.com\/fr\/wp-json\/wp\/v2\/media\/2203"}],"wp:attachment":[{"href":"https:\/\/www.carnicasiglesias.com\/fr\/wp-json\/wp\/v2\/media?parent=2202"}],"wp:term":[{"taxonomy":"category","embeddable":true,"href":"https:\/\/www.carnicasiglesias.com\/fr\/wp-json\/wp\/v2\/categories?post=2202"},{"taxonomy":"post_tag","embeddable":true,"href":"https:\/\/www.carnicasiglesias.com\/fr\/wp-json\/wp\/v2\/tags?post=2202"}],"curies":[{"name":"wp","href":"https:\/\/api.w.org\/{rel}","templated":true}]}}