{"id":2300,"date":"2020-10-27T13:06:02","date_gmt":"2020-10-27T12:06:02","guid":{"rendered":"https:\/\/www.carnicasiglesias.com\/?p=2300"},"modified":"2020-12-11T08:17:56","modified_gmt":"2020-12-11T07:17:56","slug":"junio-rio-de-la-plata-cabrito-guisado","status":"publish","type":"post","link":"https:\/\/www.carnicasiglesias.com\/fr\/recetas\/junio-rio-de-la-plata-cabrito-guisado\/","title":{"rendered":"JUNIO: R\u00cdO DE LA PLATA \u2013 CABRITO GUISADO"},"content":{"rendered":"<p><strong>INGREDIENTES: 4 PERSONAS<\/strong><\/p>\n<ul>\n<li>1\/2 cabrito<\/li>\n<li>4 patatas medianas<\/li>\n<li>100 g de almendras cruda<\/li>\n<li>Ajo<\/li>\n<li>Laurel<\/li>\n<li>Aceite de oliva<\/li>\n<li>Sal gruesa<\/li>\n<li>Agua<\/li>\n<li>Co\u00f1ac<\/li>\n<\/ul>\n<p><strong>MODO DE PREPARACI\u00d3N:<\/strong><\/p>\n<p>En una cazuela ponemos un chorrito de aceite, a\u00f1adimos el cabrito previamente cortado por las coyunturas, el ajo, el laurel, la sal y un chorrito de co\u00f1ac. Cuando el cabrito est\u00e9 rehogado le a\u00f1adimos agua hasta que lo cubra. Cuando est\u00e9 casi hecho (aprox. 45 minutos) le a\u00f1adimos las patatas partidas en trozos medianos, esperaremos 10 minutos y la patata estar\u00e1 cocida y ya se puede retirar la cazuela del fuego.<br \/>\nPara preparar las almendras tostadas ponemos una sart\u00e9n al fuego con bastante aceite, cuando est\u00e9 caliente a\u00f1adir las almendras y remover continuamente hasta que empiecen a dorarse que es el momento de retirarlas.<br \/>\nEmplatar el cabrito en una fuente y a\u00f1adir las almendras.<\/p>\n","protected":false},"excerpt":{"rendered":"<p>INGREDIENTES: 4 PERSONAS 1\/2 cabrito 4 patatas medianas 100 g de almendras cruda Ajo Laurel Aceite de oliva Sal gruesa Agua Co\u00f1ac MODO DE PREPARACI\u00d3N: En una cazuela ponemos un chorrito de aceite, a\u00f1adimos el cabrito previamente cortado por las coyunturas, el ajo, el laurel, la sal y un chorrito de co\u00f1ac. Cuando el cabrito &hellip; <\/p>\n<p class=\"link-more\"><a href=\"https:\/\/www.carnicasiglesias.com\/fr\/recetas\/junio-rio-de-la-plata-cabrito-guisado\/\" class=\"more-link\">Continue reading<span class=\"screen-reader-text\"> \u00ab\u00a0JUNIO: R\u00cdO DE LA PLATA \u2013 CABRITO GUISADO\u00a0\u00bb<\/span><\/a><\/p>\n","protected":false},"author":1,"featured_media":2330,"comment_status":"open","ping_status":"open","sticky":false,"template":"","format":"standard","meta":{"_acf_changed":false,"footnotes":""},"categories":[25],"tags":[],"class_list":["post-2300","post","type-post","status-publish","format-standard","has-post-thumbnail","hentry","category-recetas"],"acf":[],"yoast_head":"<!-- This site is optimized with the Yoast SEO plugin v24.8.1 - https:\/\/yoast.com\/wordpress\/plugins\/seo\/ -->\n<title>JUNIO: R\u00cdO DE LA PLATA \u2013 CABRITO GUISADO | C\u00e1rnicas Iglesias<\/title>\n<meta name=\"description\" content=\"P\u00e1gina de JUNIO: R\u00cdO DE LA PLATA \u2013 CABRITO GUISADO en la cual se encuentra la ficha del producto.\" \/>\n<meta name=\"robots\" content=\"index, follow, max-snippet:-1, max-image-preview:large, max-video-preview:-1\" \/>\n<link rel=\"canonical\" href=\"https:\/\/www.carnicasiglesias.com\/recetas\/junio-rio-de-la-plata-cabrito-guisado\/\" \/>\n<meta property=\"og:locale\" content=\"fr_FR\" \/>\n<meta property=\"og:type\" content=\"article\" \/>\n<meta property=\"og:title\" content=\"JUNIO: R\u00cdO DE LA PLATA \u2013 CABRITO GUISADO | C\u00e1rnicas Iglesias\" \/>\n<meta property=\"og:description\" content=\"P\u00e1gina de JUNIO: R\u00cdO DE LA PLATA \u2013 CABRITO GUISADO en la cual se encuentra la ficha del producto.\" \/>\n<meta property=\"og:url\" content=\"https:\/\/www.carnicasiglesias.com\/recetas\/junio-rio-de-la-plata-cabrito-guisado\/\" \/>\n<meta property=\"og:site_name\" content=\"C\u00e1rnicas Iglesias\" \/>\n<meta property=\"article:published_time\" content=\"2020-10-27T12:06:02+00:00\" \/>\n<meta property=\"article:modified_time\" content=\"2020-12-11T07:17:56+00:00\" \/>\n<meta property=\"og:image\" content=\"https:\/\/www.carnicasiglesias.com\/wp-content\/uploads\/2020\/10\/CABRITO-GUISADO-RIO-DE-LA-PLATA-3.jpg\" \/>\n\t<meta property=\"og:image:width\" content=\"500\" \/>\n\t<meta property=\"og:image:height\" content=\"332\" \/>\n\t<meta property=\"og:image:type\" content=\"image\/jpeg\" \/>\n<meta name=\"author\" content=\"wcarigle\" \/>\n<meta name=\"twitter:card\" content=\"summary_large_image\" \/>\n<meta name=\"twitter:label1\" content=\"\u00c9crit par\" \/>\n\t<meta name=\"twitter:data1\" content=\"wcarigle\" \/>\n\t<meta name=\"twitter:label2\" content=\"Dur\u00e9e de lecture estim\u00e9e\" \/>\n\t<meta name=\"twitter:data2\" content=\"1 minute\" \/>\n<script type=\"application\/ld+json\" class=\"yoast-schema-graph\">{\"@context\":\"https:\/\/schema.org\",\"@graph\":[{\"@type\":\"WebPage\",\"@id\":\"https:\/\/www.carnicasiglesias.com\/recetas\/junio-rio-de-la-plata-cabrito-guisado\/\",\"url\":\"https:\/\/www.carnicasiglesias.com\/recetas\/junio-rio-de-la-plata-cabrito-guisado\/\",\"name\":\"JUNIO: R\u00cdO DE LA PLATA \u2013 CABRITO GUISADO | C\u00e1rnicas Iglesias\",\"isPartOf\":{\"@id\":\"https:\/\/www.carnicasiglesias.com\/#website\"},\"primaryImageOfPage\":{\"@id\":\"https:\/\/www.carnicasiglesias.com\/recetas\/junio-rio-de-la-plata-cabrito-guisado\/#primaryimage\"},\"image\":{\"@id\":\"https:\/\/www.carnicasiglesias.com\/recetas\/junio-rio-de-la-plata-cabrito-guisado\/#primaryimage\"},\"thumbnailUrl\":\"https:\/\/www.carnicasiglesias.com\/wp-content\/uploads\/2020\/10\/CABRITO-GUISADO-RIO-DE-LA-PLATA-3.jpg\",\"datePublished\":\"2020-10-27T12:06:02+00:00\",\"dateModified\":\"2020-12-11T07:17:56+00:00\",\"author\":{\"@id\":\"https:\/\/www.carnicasiglesias.com\/#\/schema\/person\/aaaf7d4dc5dc4bbfeb2f346eb04801eb\"},\"description\":\"P\u00e1gina de JUNIO: R\u00cdO DE LA PLATA \u2013 CABRITO GUISADO en la cual se encuentra la ficha del producto.\",\"breadcrumb\":{\"@id\":\"https:\/\/www.carnicasiglesias.com\/recetas\/junio-rio-de-la-plata-cabrito-guisado\/#breadcrumb\"},\"inLanguage\":\"fr-FR\",\"potentialAction\":[{\"@type\":\"ReadAction\",\"target\":[\"https:\/\/www.carnicasiglesias.com\/recetas\/junio-rio-de-la-plata-cabrito-guisado\/\"]}]},{\"@type\":\"ImageObject\",\"inLanguage\":\"fr-FR\",\"@id\":\"https:\/\/www.carnicasiglesias.com\/recetas\/junio-rio-de-la-plata-cabrito-guisado\/#primaryimage\",\"url\":\"https:\/\/www.carnicasiglesias.com\/wp-content\/uploads\/2020\/10\/CABRITO-GUISADO-RIO-DE-LA-PLATA-3.jpg\",\"contentUrl\":\"https:\/\/www.carnicasiglesias.com\/wp-content\/uploads\/2020\/10\/CABRITO-GUISADO-RIO-DE-LA-PLATA-3.jpg\",\"width\":500,\"height\":332},{\"@type\":\"BreadcrumbList\",\"@id\":\"https:\/\/www.carnicasiglesias.com\/recetas\/junio-rio-de-la-plata-cabrito-guisado\/#breadcrumb\",\"itemListElement\":[{\"@type\":\"ListItem\",\"position\":1,\"name\":\"Portada\",\"item\":\"https:\/\/www.carnicasiglesias.com\/fr\/\"},{\"@type\":\"ListItem\",\"position\":2,\"name\":\"JUNIO: R\u00cdO DE LA PLATA \u2013 CABRITO GUISADO\"}]},{\"@type\":\"WebSite\",\"@id\":\"https:\/\/www.carnicasiglesias.com\/#website\",\"url\":\"https:\/\/www.carnicasiglesias.com\/\",\"name\":\"C\u00e1rnicas Iglesias\",\"description\":\"P\u00e1gina web de C\u00e1rnicas Iglesias\",\"potentialAction\":[{\"@type\":\"SearchAction\",\"target\":{\"@type\":\"EntryPoint\",\"urlTemplate\":\"https:\/\/www.carnicasiglesias.com\/?s={search_term_string}\"},\"query-input\":{\"@type\":\"PropertyValueSpecification\",\"valueRequired\":true,\"valueName\":\"search_term_string\"}}],\"inLanguage\":\"fr-FR\"},{\"@type\":\"Person\",\"@id\":\"https:\/\/www.carnicasiglesias.com\/#\/schema\/person\/aaaf7d4dc5dc4bbfeb2f346eb04801eb\",\"name\":\"wcarigle\",\"image\":{\"@type\":\"ImageObject\",\"inLanguage\":\"fr-FR\",\"@id\":\"https:\/\/www.carnicasiglesias.com\/#\/schema\/person\/image\/\",\"url\":\"https:\/\/secure.gravatar.com\/avatar\/c508261c9bb726f239f6caae30854a8c?s=96&d=mm&r=g\",\"contentUrl\":\"https:\/\/secure.gravatar.com\/avatar\/c508261c9bb726f239f6caae30854a8c?s=96&d=mm&r=g\",\"caption\":\"wcarigle\"}}]}<\/script>\n<!-- \/ Yoast SEO plugin. -->","yoast_head_json":{"title":"JUNIO: R\u00cdO DE LA PLATA \u2013 CABRITO GUISADO | C\u00e1rnicas Iglesias","description":"P\u00e1gina de JUNIO: R\u00cdO DE LA PLATA \u2013 CABRITO GUISADO en la cual se encuentra la ficha del producto.","robots":{"index":"index","follow":"follow","max-snippet":"max-snippet:-1","max-image-preview":"max-image-preview:large","max-video-preview":"max-video-preview:-1"},"canonical":"https:\/\/www.carnicasiglesias.com\/recetas\/junio-rio-de-la-plata-cabrito-guisado\/","og_locale":"fr_FR","og_type":"article","og_title":"JUNIO: R\u00cdO DE LA PLATA \u2013 CABRITO GUISADO | C\u00e1rnicas Iglesias","og_description":"P\u00e1gina de JUNIO: R\u00cdO DE LA PLATA \u2013 CABRITO GUISADO en la cual se encuentra la ficha del producto.","og_url":"https:\/\/www.carnicasiglesias.com\/recetas\/junio-rio-de-la-plata-cabrito-guisado\/","og_site_name":"C\u00e1rnicas Iglesias","article_published_time":"2020-10-27T12:06:02+00:00","article_modified_time":"2020-12-11T07:17:56+00:00","og_image":[{"width":500,"height":332,"url":"https:\/\/www.carnicasiglesias.com\/wp-content\/uploads\/2020\/10\/CABRITO-GUISADO-RIO-DE-LA-PLATA-3.jpg","type":"image\/jpeg"}],"author":"wcarigle","twitter_card":"summary_large_image","twitter_misc":{"\u00c9crit par":"wcarigle","Dur\u00e9e de lecture estim\u00e9e":"1 minute"},"schema":{"@context":"https:\/\/schema.org","@graph":[{"@type":"WebPage","@id":"https:\/\/www.carnicasiglesias.com\/recetas\/junio-rio-de-la-plata-cabrito-guisado\/","url":"https:\/\/www.carnicasiglesias.com\/recetas\/junio-rio-de-la-plata-cabrito-guisado\/","name":"JUNIO: R\u00cdO DE LA PLATA \u2013 CABRITO GUISADO | C\u00e1rnicas Iglesias","isPartOf":{"@id":"https:\/\/www.carnicasiglesias.com\/#website"},"primaryImageOfPage":{"@id":"https:\/\/www.carnicasiglesias.com\/recetas\/junio-rio-de-la-plata-cabrito-guisado\/#primaryimage"},"image":{"@id":"https:\/\/www.carnicasiglesias.com\/recetas\/junio-rio-de-la-plata-cabrito-guisado\/#primaryimage"},"thumbnailUrl":"https:\/\/www.carnicasiglesias.com\/wp-content\/uploads\/2020\/10\/CABRITO-GUISADO-RIO-DE-LA-PLATA-3.jpg","datePublished":"2020-10-27T12:06:02+00:00","dateModified":"2020-12-11T07:17:56+00:00","author":{"@id":"https:\/\/www.carnicasiglesias.com\/#\/schema\/person\/aaaf7d4dc5dc4bbfeb2f346eb04801eb"},"description":"P\u00e1gina de JUNIO: R\u00cdO DE LA PLATA \u2013 CABRITO GUISADO en la cual se encuentra la ficha del producto.","breadcrumb":{"@id":"https:\/\/www.carnicasiglesias.com\/recetas\/junio-rio-de-la-plata-cabrito-guisado\/#breadcrumb"},"inLanguage":"fr-FR","potentialAction":[{"@type":"ReadAction","target":["https:\/\/www.carnicasiglesias.com\/recetas\/junio-rio-de-la-plata-cabrito-guisado\/"]}]},{"@type":"ImageObject","inLanguage":"fr-FR","@id":"https:\/\/www.carnicasiglesias.com\/recetas\/junio-rio-de-la-plata-cabrito-guisado\/#primaryimage","url":"https:\/\/www.carnicasiglesias.com\/wp-content\/uploads\/2020\/10\/CABRITO-GUISADO-RIO-DE-LA-PLATA-3.jpg","contentUrl":"https:\/\/www.carnicasiglesias.com\/wp-content\/uploads\/2020\/10\/CABRITO-GUISADO-RIO-DE-LA-PLATA-3.jpg","width":500,"height":332},{"@type":"BreadcrumbList","@id":"https:\/\/www.carnicasiglesias.com\/recetas\/junio-rio-de-la-plata-cabrito-guisado\/#breadcrumb","itemListElement":[{"@type":"ListItem","position":1,"name":"Portada","item":"https:\/\/www.carnicasiglesias.com\/fr\/"},{"@type":"ListItem","position":2,"name":"JUNIO: R\u00cdO DE LA PLATA \u2013 CABRITO GUISADO"}]},{"@type":"WebSite","@id":"https:\/\/www.carnicasiglesias.com\/#website","url":"https:\/\/www.carnicasiglesias.com\/","name":"C\u00e1rnicas Iglesias","description":"P\u00e1gina web de C\u00e1rnicas Iglesias","potentialAction":[{"@type":"SearchAction","target":{"@type":"EntryPoint","urlTemplate":"https:\/\/www.carnicasiglesias.com\/?s={search_term_string}"},"query-input":{"@type":"PropertyValueSpecification","valueRequired":true,"valueName":"search_term_string"}}],"inLanguage":"fr-FR"},{"@type":"Person","@id":"https:\/\/www.carnicasiglesias.com\/#\/schema\/person\/aaaf7d4dc5dc4bbfeb2f346eb04801eb","name":"wcarigle","image":{"@type":"ImageObject","inLanguage":"fr-FR","@id":"https:\/\/www.carnicasiglesias.com\/#\/schema\/person\/image\/","url":"https:\/\/secure.gravatar.com\/avatar\/c508261c9bb726f239f6caae30854a8c?s=96&d=mm&r=g","contentUrl":"https:\/\/secure.gravatar.com\/avatar\/c508261c9bb726f239f6caae30854a8c?s=96&d=mm&r=g","caption":"wcarigle"}}]}},"_links":{"self":[{"href":"https:\/\/www.carnicasiglesias.com\/fr\/wp-json\/wp\/v2\/posts\/2300","targetHints":{"allow":["GET"]}}],"collection":[{"href":"https:\/\/www.carnicasiglesias.com\/fr\/wp-json\/wp\/v2\/posts"}],"about":[{"href":"https:\/\/www.carnicasiglesias.com\/fr\/wp-json\/wp\/v2\/types\/post"}],"author":[{"embeddable":true,"href":"https:\/\/www.carnicasiglesias.com\/fr\/wp-json\/wp\/v2\/users\/1"}],"replies":[{"embeddable":true,"href":"https:\/\/www.carnicasiglesias.com\/fr\/wp-json\/wp\/v2\/comments?post=2300"}],"version-history":[{"count":3,"href":"https:\/\/www.carnicasiglesias.com\/fr\/wp-json\/wp\/v2\/posts\/2300\/revisions"}],"predecessor-version":[{"id":2334,"href":"https:\/\/www.carnicasiglesias.com\/fr\/wp-json\/wp\/v2\/posts\/2300\/revisions\/2334"}],"wp:featuredmedia":[{"embeddable":true,"href":"https:\/\/www.carnicasiglesias.com\/fr\/wp-json\/wp\/v2\/media\/2330"}],"wp:attachment":[{"href":"https:\/\/www.carnicasiglesias.com\/fr\/wp-json\/wp\/v2\/media?parent=2300"}],"wp:term":[{"taxonomy":"category","embeddable":true,"href":"https:\/\/www.carnicasiglesias.com\/fr\/wp-json\/wp\/v2\/categories?post=2300"},{"taxonomy":"post_tag","embeddable":true,"href":"https:\/\/www.carnicasiglesias.com\/fr\/wp-json\/wp\/v2\/tags?post=2300"}],"curies":[{"name":"wp","href":"https:\/\/api.w.org\/{rel}","templated":true}]}}