{"id":2581,"date":"2021-07-01T11:10:11","date_gmt":"2021-07-01T09:10:11","guid":{"rendered":"https:\/\/www.carnicasiglesias.com\/?p=2581"},"modified":"2021-07-01T11:17:10","modified_gmt":"2021-07-01T09:17:10","slug":"carnicas-iglesias-desde-1928-tambien-en-tierra-de-sabor","status":"publish","type":"post","link":"https:\/\/www.carnicasiglesias.com\/fr\/noticias\/carnicas-iglesias-desde-1928-tambien-en-tierra-de-sabor\/","title":{"rendered":"C\u00e1rnicas Iglesias, desde 1928, tambi\u00e9n en Tierra de Sabor"},"content":{"rendered":"<table style=\"font-weight: 400;\" width=\"100%\">\n<tbody>\n<tr>\n<td><strong>Mi\u00e9rcoles, 30 de Junio de 2021<\/strong><\/p>\n<p><a target=\"_blank\" href=\"https:\/\/www.hosteleriasalamanca.es\/tierra-de-sabor\/tierra-de-sabor\/carnicas-iglesias-desde-1928-tambien-en-tierra-de-sabor.php\">HosteleriaSalamanca.es<\/a><\/td>\n<\/tr>\n<\/tbody>\n<\/table>\n<p style=\"font-weight: 400;\"><strong>C\u00e1rnicas Iglesias es una empresa familiar creada en 1928, cuya particular historia empez\u00f3 con una peque\u00f1a tienda en el centro de Salamanca, que abri\u00f3 D. Francisco Iglesias Escribano. Este emprendedor supo mantener los valores de una esmerada elaboraci\u00f3n tradicional, lo que le vali\u00f3 la aceptaci\u00f3n de los consumidores desde aquel primer momento de la d\u00e9cada de los veinte.<\/strong><\/p>\n<p><img loading=\"lazy\" decoding=\"async\" class=\"alignnone size-full wp-image-2582\" src=\"https:\/\/www.carnicasiglesias.com\/wp-content\/uploads\/2021\/07\/image001.jpg\" alt=\"\" width=\"814\" height=\"442\" srcset=\"https:\/\/www.carnicasiglesias.com\/wp-content\/uploads\/2021\/07\/image001.jpg 814w, https:\/\/www.carnicasiglesias.com\/wp-content\/uploads\/2021\/07\/image001-300x163.jpg 300w, https:\/\/www.carnicasiglesias.com\/wp-content\/uploads\/2021\/07\/image001-768x417.jpg 768w\" sizes=\"auto, (max-width: 767px) 89vw, (max-width: 1000px) 54vw, (max-width: 1071px) 543px, 580px\" \/><\/p>\n<p>Desde sus comienzos esta empresa salmantina ha puesto especial \u00edmpetu en el respeto por el entorno y por los productos que elabora y comercializa. Otro de\u00a0<b>sus grandes activos es su personal<\/b>, pieza imprescindible de esta gran familia. Todo ello aderezado con la ilusi\u00f3n por su trabajo y el firme prop\u00f3sito de\u00a0<b>no olvidar sus or\u00edgenes pero sin perder de vista el futuro<\/b>.<\/p>\n<p><img loading=\"lazy\" decoding=\"async\" class=\"alignnone size-full wp-image-2586\" src=\"https:\/\/www.carnicasiglesias.com\/wp-content\/uploads\/2021\/07\/unnamed.jpg\" alt=\"\" width=\"820\" height=\"791\" srcset=\"https:\/\/www.carnicasiglesias.com\/wp-content\/uploads\/2021\/07\/unnamed.jpg 820w, https:\/\/www.carnicasiglesias.com\/wp-content\/uploads\/2021\/07\/unnamed-300x289.jpg 300w, https:\/\/www.carnicasiglesias.com\/wp-content\/uploads\/2021\/07\/unnamed-768x741.jpg 768w\" sizes=\"auto, (max-width: 767px) 89vw, (max-width: 1000px) 54vw, (max-width: 1071px) 543px, 580px\" \/><\/p>\n<p style=\"font-weight: 400;\">Tienda de Paco Iglesias abierta en 1928<\/p>\n<p style=\"font-weight: 400;\">Entre los productos que fabrican y comercializan se encuentran\u00a0<strong>jamones, paletas, embuchados, embutidos, loncheados y envasados cortados a cuchillo<\/strong>, todos ellos<a href=\"https:\/\/market.tierradesabor.es\/products?search=iglesias\" data-saferedirecturl=\"https:\/\/www.google.com\/url?q=https:\/\/market.tierradesabor.es\/products?search%3Diglesias&amp;source=gmail&amp;ust=1625214279982000&amp;usg=AFQjCNGO42xlBBI02kZrkdi8r_0EZdVz3A\"><strong>disponibles en el Market Tierra de Sabor<\/strong><\/a>, marca a la que est\u00e1n adheridos desde sus inicios. Tambi\u00e9n los distribuyen tanto a peque\u00f1os como grandes clientes, entre ellos supermercados e hipermercados como Eroski, Lupa, E.Leclerc, Carrefour y Caprabo.<\/p>\n<p style=\"font-weight: 400;\">La venta internacional tiene tambi\u00e9n peso en\u00a0<strong>C\u00e1rnicas Iglesias<\/strong>, sus principales mercados de exportaci\u00f3n son\u00a0<strong>Reino Unido, Francia, Portugal y Grecia<\/strong>. De hecho en el primer trimestre del a\u00f1o esta empresa salmantina ha\u00a0<strong>incrementado un 50% sus ventas de chorizo<\/strong>\u00a0en el mercado internacional respecto a los datos del 2020, un crecimiento que triplica las expectativas generadas en un principio. Y es que\u00a0<strong>su chorizo artesano, 100% natural y sin aditivos<\/strong>, en cualquiera de sus presentaciones -cular, sarta, vela y loncheado- es el rey de la Casa.<\/p>\n<p><img loading=\"lazy\" decoding=\"async\" class=\"alignnone size-full wp-image-2590\" src=\"https:\/\/www.carnicasiglesias.com\/wp-content\/uploads\/2021\/07\/unnamed-1.jpg\" alt=\"\" width=\"1200\" height=\"800\" srcset=\"https:\/\/www.carnicasiglesias.com\/wp-content\/uploads\/2021\/07\/unnamed-1.jpg 1200w, https:\/\/www.carnicasiglesias.com\/wp-content\/uploads\/2021\/07\/unnamed-1-300x200.jpg 300w, https:\/\/www.carnicasiglesias.com\/wp-content\/uploads\/2021\/07\/unnamed-1-768x512.jpg 768w, https:\/\/www.carnicasiglesias.com\/wp-content\/uploads\/2021\/07\/unnamed-1-1024x683.jpg 1024w\" sizes=\"auto, (max-width: 767px) 89vw, (max-width: 1000px) 54vw, (max-width: 1071px) 543px, 580px\" \/><\/p>\n<p>Chorizo artesano de C\u00e1rnicas Iglesias, tambi\u00e9n \u00a0en venta el el Market de Tierra de Sabor<\/p>\n<p style=\"font-weight: 400;\">En la actualidad\u00a0<strong>C\u00e1rnicas Iglesias cuenta con 85 empleados distribuidos en sus dos plantas<\/strong>: la principal\u00a0<strong>en Santa Marta de Tormes,<\/strong>\u00a0que alberga las oficinas centrales y las secciones de fabricaci\u00f3n de embutidos, embuchados, sala de deshuese, envasado, loncheados (m\u00e1s de 35.000 packs diarios) y expedici\u00f3n de pedidos. La otra planta, situada\u00a0<strong>en Mor\u00ed\u00f1igo\u00a0<\/strong>e inaugurada en 2007, se destina en exclusiva a la producci\u00f3n de jamones y paletas. Es una de las m\u00e1s modernas y avanzadas del sector, gracias a su elevado nivel tecnol\u00f3gico, que le permite producir m\u00e1s de 250.000 piezasanuales. A ellos se suma el Matadero Salamanca ubicado en Moz\u00e1rbez, que impuls\u00f3 hace a\u00f1os junto a otras dos empresas c\u00e1rnicas.<\/p>\n<p style=\"font-weight: 400;\">Seg\u00fan\u00a0<strong>Paco Iglesias<\/strong>, encargado del desarrollo del negocio y cuarta generaci\u00f3n familiar en la empresa: \u201c<strong>Pertenecer a Tierra de Sabor es un privilegio<\/strong>\u00a0por estar junto a numerosas empresas relevantes y l\u00edderes de Castilla y Le\u00f3n. Tierra de Sabor es muy proactivo e invierte mucho en promoci\u00f3n, sobre todo a trav\u00e9s de la asistencia a ferias nacionales como Sal\u00f3n del Gourmet o Alimentaria. Es una satisfacci\u00f3n poder compartir con nuestros compa\u00f1eros promoci\u00f3n, encuentros, ferias y congresos. Adem\u00e1s, tener una marca detr\u00e1s como es Tierra de Sabor nos ayuda en la exportaci\u00f3n, pues est\u00e1 muy bien considerada fuera y aporta empaque a nuestros productos. En definitiva;\u00a0<strong>presumimos de pertenecer a Tierra de Sabor<\/strong>.\u00a0\u00bb<\/p>\n<p><img loading=\"lazy\" decoding=\"async\" class=\"alignnone size-full wp-image-2594\" src=\"https:\/\/www.carnicasiglesias.com\/wp-content\/uploads\/2021\/07\/unnamed-2.jpg\" alt=\"\" width=\"867\" height=\"581\" srcset=\"https:\/\/www.carnicasiglesias.com\/wp-content\/uploads\/2021\/07\/unnamed-2.jpg 867w, https:\/\/www.carnicasiglesias.com\/wp-content\/uploads\/2021\/07\/unnamed-2-300x201.jpg 300w, https:\/\/www.carnicasiglesias.com\/wp-content\/uploads\/2021\/07\/unnamed-2-768x515.jpg 768w\" sizes=\"auto, (max-width: 767px) 89vw, (max-width: 1000px) 54vw, (max-width: 1071px) 543px, 580px\" \/><\/p>\n<p>Paco Iglesias, cuarta generaci\u00f3n de C\u00e1rnicas Iglesias, recogiendo un reconocimiento que le entreg\u00f3 al Ayuntamiento de Salamanca por su vinculaci\u00f3n y aportaci\u00f3n al municipio<\/p>\n<p style=\"font-weight: 400;\">Pero en C\u00e1rnicas Iglesias tambi\u00e9n se acuerdan de los m\u00e1s necesitados y es por ello que siempre que pueden\u00a0<strong>colaboran con iniciativas solidarias de su entorno<\/strong>. Una de ellas fue la aportaci\u00f3n, junto al Club de F\u00fatbol UD Santa Marta, de 2.500 productos de primera necesidad a 200 familias de la localidad que vivieron situaciones muy complicadas durante el confinamiento. Tambi\u00e9n han sido relevantes sus colaboraciones y acuerdos con otras entidades como el Hospital Cl\u00ednico de Salamanca y Aspace.<\/p>\n<p><iframe loading=\"lazy\" title=\"YouTube video player\" src=\"https:\/\/www.youtube.com\/embed\/Z43kK5hPauA\" width=\"560\" height=\"315\" frameborder=\"0\" allowfullscreen=\"allowfullscreen\"><\/iframe><\/p>\n","protected":false},"excerpt":{"rendered":"<p>Mi\u00e9rcoles, 30 de Junio de 2021 HosteleriaSalamanca.es C\u00e1rnicas Iglesias es una empresa familiar creada en 1928, cuya particular historia empez\u00f3 con una peque\u00f1a tienda en el centro de Salamanca, que abri\u00f3 D. Francisco Iglesias Escribano. Este emprendedor supo mantener los valores de una esmerada elaboraci\u00f3n tradicional, lo que le vali\u00f3 la aceptaci\u00f3n de los consumidores &hellip; <\/p>\n<p class=\"link-more\"><a href=\"https:\/\/www.carnicasiglesias.com\/fr\/noticias\/carnicas-iglesias-desde-1928-tambien-en-tierra-de-sabor\/\" class=\"more-link\">Continue reading<span class=\"screen-reader-text\"> \u00ab\u00a0C\u00e1rnicas Iglesias, desde 1928, tambi\u00e9n en Tierra de Sabor\u00a0\u00bb<\/span><\/a><\/p>\n","protected":false},"author":1,"featured_media":2582,"comment_status":"open","ping_status":"open","sticky":false,"template":"","format":"standard","meta":{"_acf_changed":false,"footnotes":""},"categories":[9],"tags":[],"class_list":["post-2581","post","type-post","status-publish","format-standard","has-post-thumbnail","hentry","category-noticias"],"acf":[],"yoast_head":"<!-- This site is optimized with the Yoast SEO plugin v24.8.1 - https:\/\/yoast.com\/wordpress\/plugins\/seo\/ -->\n<title>C\u00e1rnicas Iglesias, desde 1928, tambi\u00e9n en Tierra de Sabor | C\u00e1rnicas Iglesias<\/title>\n<meta name=\"description\" content=\"P\u00e1gina de C\u00e1rnicas Iglesias, desde 1928, tambi\u00e9n en Tierra de Sabor en la cual se encuentra la ficha del producto.\" \/>\n<meta name=\"robots\" content=\"index, follow, max-snippet:-1, max-image-preview:large, max-video-preview:-1\" \/>\n<link rel=\"canonical\" href=\"https:\/\/www.carnicasiglesias.com\/noticias\/carnicas-iglesias-desde-1928-tambien-en-tierra-de-sabor\/\" \/>\n<meta property=\"og:locale\" content=\"fr_FR\" \/>\n<meta property=\"og:type\" content=\"article\" \/>\n<meta property=\"og:title\" content=\"C\u00e1rnicas Iglesias, desde 1928, tambi\u00e9n en Tierra de Sabor | C\u00e1rnicas Iglesias\" \/>\n<meta property=\"og:description\" content=\"P\u00e1gina de C\u00e1rnicas Iglesias, desde 1928, tambi\u00e9n en Tierra de Sabor en la cual se encuentra la ficha del producto.\" \/>\n<meta property=\"og:url\" content=\"https:\/\/www.carnicasiglesias.com\/noticias\/carnicas-iglesias-desde-1928-tambien-en-tierra-de-sabor\/\" \/>\n<meta property=\"og:site_name\" content=\"C\u00e1rnicas Iglesias\" \/>\n<meta property=\"article:published_time\" content=\"2021-07-01T09:10:11+00:00\" \/>\n<meta property=\"article:modified_time\" content=\"2021-07-01T09:17:10+00:00\" \/>\n<meta property=\"og:image\" content=\"https:\/\/www.carnicasiglesias.com\/wp-content\/uploads\/2021\/07\/image001.jpg\" \/>\n\t<meta property=\"og:image:width\" content=\"814\" \/>\n\t<meta property=\"og:image:height\" content=\"442\" \/>\n\t<meta property=\"og:image:type\" content=\"image\/jpeg\" \/>\n<meta name=\"author\" content=\"wcarigle\" \/>\n<meta name=\"twitter:card\" content=\"summary_large_image\" \/>\n<meta name=\"twitter:label1\" content=\"\u00c9crit par\" \/>\n\t<meta name=\"twitter:data1\" content=\"wcarigle\" \/>\n\t<meta name=\"twitter:label2\" content=\"Dur\u00e9e de lecture estim\u00e9e\" \/>\n\t<meta name=\"twitter:data2\" content=\"3 minutes\" \/>\n<script type=\"application\/ld+json\" class=\"yoast-schema-graph\">{\"@context\":\"https:\/\/schema.org\",\"@graph\":[{\"@type\":\"WebPage\",\"@id\":\"https:\/\/www.carnicasiglesias.com\/noticias\/carnicas-iglesias-desde-1928-tambien-en-tierra-de-sabor\/\",\"url\":\"https:\/\/www.carnicasiglesias.com\/noticias\/carnicas-iglesias-desde-1928-tambien-en-tierra-de-sabor\/\",\"name\":\"C\u00e1rnicas Iglesias, desde 1928, tambi\u00e9n en Tierra de Sabor | C\u00e1rnicas Iglesias\",\"isPartOf\":{\"@id\":\"https:\/\/www.carnicasiglesias.com\/#website\"},\"primaryImageOfPage\":{\"@id\":\"https:\/\/www.carnicasiglesias.com\/noticias\/carnicas-iglesias-desde-1928-tambien-en-tierra-de-sabor\/#primaryimage\"},\"image\":{\"@id\":\"https:\/\/www.carnicasiglesias.com\/noticias\/carnicas-iglesias-desde-1928-tambien-en-tierra-de-sabor\/#primaryimage\"},\"thumbnailUrl\":\"https:\/\/www.carnicasiglesias.com\/wp-content\/uploads\/2021\/07\/image001.jpg\",\"datePublished\":\"2021-07-01T09:10:11+00:00\",\"dateModified\":\"2021-07-01T09:17:10+00:00\",\"author\":{\"@id\":\"https:\/\/www.carnicasiglesias.com\/#\/schema\/person\/aaaf7d4dc5dc4bbfeb2f346eb04801eb\"},\"description\":\"P\u00e1gina de C\u00e1rnicas Iglesias, desde 1928, tambi\u00e9n en Tierra de Sabor en la cual se encuentra la ficha del producto.\",\"breadcrumb\":{\"@id\":\"https:\/\/www.carnicasiglesias.com\/noticias\/carnicas-iglesias-desde-1928-tambien-en-tierra-de-sabor\/#breadcrumb\"},\"inLanguage\":\"fr-FR\",\"potentialAction\":[{\"@type\":\"ReadAction\",\"target\":[\"https:\/\/www.carnicasiglesias.com\/noticias\/carnicas-iglesias-desde-1928-tambien-en-tierra-de-sabor\/\"]}]},{\"@type\":\"ImageObject\",\"inLanguage\":\"fr-FR\",\"@id\":\"https:\/\/www.carnicasiglesias.com\/noticias\/carnicas-iglesias-desde-1928-tambien-en-tierra-de-sabor\/#primaryimage\",\"url\":\"https:\/\/www.carnicasiglesias.com\/wp-content\/uploads\/2021\/07\/image001.jpg\",\"contentUrl\":\"https:\/\/www.carnicasiglesias.com\/wp-content\/uploads\/2021\/07\/image001.jpg\",\"width\":814,\"height\":442},{\"@type\":\"BreadcrumbList\",\"@id\":\"https:\/\/www.carnicasiglesias.com\/noticias\/carnicas-iglesias-desde-1928-tambien-en-tierra-de-sabor\/#breadcrumb\",\"itemListElement\":[{\"@type\":\"ListItem\",\"position\":1,\"name\":\"Portada\",\"item\":\"https:\/\/www.carnicasiglesias.com\/fr\/\"},{\"@type\":\"ListItem\",\"position\":2,\"name\":\"C\u00e1rnicas Iglesias, desde 1928, tambi\u00e9n en Tierra de Sabor\"}]},{\"@type\":\"WebSite\",\"@id\":\"https:\/\/www.carnicasiglesias.com\/#website\",\"url\":\"https:\/\/www.carnicasiglesias.com\/\",\"name\":\"C\u00e1rnicas Iglesias\",\"description\":\"P\u00e1gina web de C\u00e1rnicas Iglesias\",\"potentialAction\":[{\"@type\":\"SearchAction\",\"target\":{\"@type\":\"EntryPoint\",\"urlTemplate\":\"https:\/\/www.carnicasiglesias.com\/?s={search_term_string}\"},\"query-input\":{\"@type\":\"PropertyValueSpecification\",\"valueRequired\":true,\"valueName\":\"search_term_string\"}}],\"inLanguage\":\"fr-FR\"},{\"@type\":\"Person\",\"@id\":\"https:\/\/www.carnicasiglesias.com\/#\/schema\/person\/aaaf7d4dc5dc4bbfeb2f346eb04801eb\",\"name\":\"wcarigle\",\"image\":{\"@type\":\"ImageObject\",\"inLanguage\":\"fr-FR\",\"@id\":\"https:\/\/www.carnicasiglesias.com\/#\/schema\/person\/image\/\",\"url\":\"https:\/\/secure.gravatar.com\/avatar\/c508261c9bb726f239f6caae30854a8c?s=96&d=mm&r=g\",\"contentUrl\":\"https:\/\/secure.gravatar.com\/avatar\/c508261c9bb726f239f6caae30854a8c?s=96&d=mm&r=g\",\"caption\":\"wcarigle\"}}]}<\/script>\n<!-- \/ Yoast SEO plugin. -->","yoast_head_json":{"title":"C\u00e1rnicas Iglesias, desde 1928, tambi\u00e9n en Tierra de Sabor | C\u00e1rnicas Iglesias","description":"P\u00e1gina de C\u00e1rnicas Iglesias, desde 1928, tambi\u00e9n en Tierra de Sabor en la cual se encuentra la ficha del producto.","robots":{"index":"index","follow":"follow","max-snippet":"max-snippet:-1","max-image-preview":"max-image-preview:large","max-video-preview":"max-video-preview:-1"},"canonical":"https:\/\/www.carnicasiglesias.com\/noticias\/carnicas-iglesias-desde-1928-tambien-en-tierra-de-sabor\/","og_locale":"fr_FR","og_type":"article","og_title":"C\u00e1rnicas Iglesias, desde 1928, tambi\u00e9n en Tierra de Sabor | C\u00e1rnicas Iglesias","og_description":"P\u00e1gina de C\u00e1rnicas Iglesias, desde 1928, tambi\u00e9n en Tierra de Sabor en la cual se encuentra la ficha del producto.","og_url":"https:\/\/www.carnicasiglesias.com\/noticias\/carnicas-iglesias-desde-1928-tambien-en-tierra-de-sabor\/","og_site_name":"C\u00e1rnicas Iglesias","article_published_time":"2021-07-01T09:10:11+00:00","article_modified_time":"2021-07-01T09:17:10+00:00","og_image":[{"width":814,"height":442,"url":"https:\/\/www.carnicasiglesias.com\/wp-content\/uploads\/2021\/07\/image001.jpg","type":"image\/jpeg"}],"author":"wcarigle","twitter_card":"summary_large_image","twitter_misc":{"\u00c9crit par":"wcarigle","Dur\u00e9e de lecture estim\u00e9e":"3 minutes"},"schema":{"@context":"https:\/\/schema.org","@graph":[{"@type":"WebPage","@id":"https:\/\/www.carnicasiglesias.com\/noticias\/carnicas-iglesias-desde-1928-tambien-en-tierra-de-sabor\/","url":"https:\/\/www.carnicasiglesias.com\/noticias\/carnicas-iglesias-desde-1928-tambien-en-tierra-de-sabor\/","name":"C\u00e1rnicas Iglesias, desde 1928, tambi\u00e9n en Tierra de Sabor | C\u00e1rnicas Iglesias","isPartOf":{"@id":"https:\/\/www.carnicasiglesias.com\/#website"},"primaryImageOfPage":{"@id":"https:\/\/www.carnicasiglesias.com\/noticias\/carnicas-iglesias-desde-1928-tambien-en-tierra-de-sabor\/#primaryimage"},"image":{"@id":"https:\/\/www.carnicasiglesias.com\/noticias\/carnicas-iglesias-desde-1928-tambien-en-tierra-de-sabor\/#primaryimage"},"thumbnailUrl":"https:\/\/www.carnicasiglesias.com\/wp-content\/uploads\/2021\/07\/image001.jpg","datePublished":"2021-07-01T09:10:11+00:00","dateModified":"2021-07-01T09:17:10+00:00","author":{"@id":"https:\/\/www.carnicasiglesias.com\/#\/schema\/person\/aaaf7d4dc5dc4bbfeb2f346eb04801eb"},"description":"P\u00e1gina de C\u00e1rnicas Iglesias, desde 1928, tambi\u00e9n en Tierra de Sabor en la cual se encuentra la ficha del producto.","breadcrumb":{"@id":"https:\/\/www.carnicasiglesias.com\/noticias\/carnicas-iglesias-desde-1928-tambien-en-tierra-de-sabor\/#breadcrumb"},"inLanguage":"fr-FR","potentialAction":[{"@type":"ReadAction","target":["https:\/\/www.carnicasiglesias.com\/noticias\/carnicas-iglesias-desde-1928-tambien-en-tierra-de-sabor\/"]}]},{"@type":"ImageObject","inLanguage":"fr-FR","@id":"https:\/\/www.carnicasiglesias.com\/noticias\/carnicas-iglesias-desde-1928-tambien-en-tierra-de-sabor\/#primaryimage","url":"https:\/\/www.carnicasiglesias.com\/wp-content\/uploads\/2021\/07\/image001.jpg","contentUrl":"https:\/\/www.carnicasiglesias.com\/wp-content\/uploads\/2021\/07\/image001.jpg","width":814,"height":442},{"@type":"BreadcrumbList","@id":"https:\/\/www.carnicasiglesias.com\/noticias\/carnicas-iglesias-desde-1928-tambien-en-tierra-de-sabor\/#breadcrumb","itemListElement":[{"@type":"ListItem","position":1,"name":"Portada","item":"https:\/\/www.carnicasiglesias.com\/fr\/"},{"@type":"ListItem","position":2,"name":"C\u00e1rnicas Iglesias, desde 1928, tambi\u00e9n en Tierra de Sabor"}]},{"@type":"WebSite","@id":"https:\/\/www.carnicasiglesias.com\/#website","url":"https:\/\/www.carnicasiglesias.com\/","name":"C\u00e1rnicas Iglesias","description":"P\u00e1gina web de C\u00e1rnicas Iglesias","potentialAction":[{"@type":"SearchAction","target":{"@type":"EntryPoint","urlTemplate":"https:\/\/www.carnicasiglesias.com\/?s={search_term_string}"},"query-input":{"@type":"PropertyValueSpecification","valueRequired":true,"valueName":"search_term_string"}}],"inLanguage":"fr-FR"},{"@type":"Person","@id":"https:\/\/www.carnicasiglesias.com\/#\/schema\/person\/aaaf7d4dc5dc4bbfeb2f346eb04801eb","name":"wcarigle","image":{"@type":"ImageObject","inLanguage":"fr-FR","@id":"https:\/\/www.carnicasiglesias.com\/#\/schema\/person\/image\/","url":"https:\/\/secure.gravatar.com\/avatar\/c508261c9bb726f239f6caae30854a8c?s=96&d=mm&r=g","contentUrl":"https:\/\/secure.gravatar.com\/avatar\/c508261c9bb726f239f6caae30854a8c?s=96&d=mm&r=g","caption":"wcarigle"}}]}},"_links":{"self":[{"href":"https:\/\/www.carnicasiglesias.com\/fr\/wp-json\/wp\/v2\/posts\/2581","targetHints":{"allow":["GET"]}}],"collection":[{"href":"https:\/\/www.carnicasiglesias.com\/fr\/wp-json\/wp\/v2\/posts"}],"about":[{"href":"https:\/\/www.carnicasiglesias.com\/fr\/wp-json\/wp\/v2\/types\/post"}],"author":[{"embeddable":true,"href":"https:\/\/www.carnicasiglesias.com\/fr\/wp-json\/wp\/v2\/users\/1"}],"replies":[{"embeddable":true,"href":"https:\/\/www.carnicasiglesias.com\/fr\/wp-json\/wp\/v2\/comments?post=2581"}],"version-history":[{"count":3,"href":"https:\/\/www.carnicasiglesias.com\/fr\/wp-json\/wp\/v2\/posts\/2581\/revisions"}],"predecessor-version":[{"id":2601,"href":"https:\/\/www.carnicasiglesias.com\/fr\/wp-json\/wp\/v2\/posts\/2581\/revisions\/2601"}],"wp:featuredmedia":[{"embeddable":true,"href":"https:\/\/www.carnicasiglesias.com\/fr\/wp-json\/wp\/v2\/media\/2582"}],"wp:attachment":[{"href":"https:\/\/www.carnicasiglesias.com\/fr\/wp-json\/wp\/v2\/media?parent=2581"}],"wp:term":[{"taxonomy":"category","embeddable":true,"href":"https:\/\/www.carnicasiglesias.com\/fr\/wp-json\/wp\/v2\/categories?post=2581"},{"taxonomy":"post_tag","embeddable":true,"href":"https:\/\/www.carnicasiglesias.com\/fr\/wp-json\/wp\/v2\/tags?post=2581"}],"curies":[{"name":"wp","href":"https:\/\/api.w.org\/{rel}","templated":true}]}}