{"id":2724,"date":"2021-12-02T11:20:07","date_gmt":"2021-12-02T10:20:07","guid":{"rendered":"https:\/\/www.carnicasiglesias.com\/?p=2724"},"modified":"2021-12-02T12:34:24","modified_gmt":"2021-12-02T11:34:24","slug":"noviembre-papada-iberica","status":"publish","type":"post","link":"https:\/\/www.carnicasiglesias.com\/fr\/recetas\/noviembre-papada-iberica\/","title":{"rendered":"NOVIEMBRE: PAPADA IB\u00c9RICA"},"content":{"rendered":"<p>La papada de cerdo ib\u00e9rico, es una\u00a0<strong>pieza que se consigue de la parte inferior de la cabeza<\/strong>, se diferencia de los dem\u00e1s tocinos por tener un fino entreverado de carne. Se puede consumir de diferentes formas: fresco, fresco adobado, o de estas dos formas pero a\u00f1adiendo un proceso de curaci\u00f3n.<\/p>\n","protected":false},"excerpt":{"rendered":"<p>La papada de cerdo ib\u00e9rico, es una\u00a0pieza que se consigue de la parte inferior de la cabeza, se diferencia de los dem\u00e1s tocinos por tener un fino entreverado de carne. Se puede consumir de diferentes formas: fresco, fresco adobado, o de estas dos formas pero a\u00f1adiendo un proceso de curaci\u00f3n.<\/p>\n","protected":false},"author":1,"featured_media":2725,"comment_status":"open","ping_status":"open","sticky":false,"template":"","format":"standard","meta":{"_acf_changed":false,"footnotes":""},"categories":[25],"tags":[],"class_list":["post-2724","post","type-post","status-publish","format-standard","has-post-thumbnail","hentry","category-recetas"],"acf":[],"yoast_head":"<!-- This site is optimized with the Yoast SEO plugin v24.8.1 - https:\/\/yoast.com\/wordpress\/plugins\/seo\/ -->\n<title>NOVIEMBRE: PAPADA IB\u00c9RICA | C\u00e1rnicas Iglesias<\/title>\n<meta name=\"description\" content=\"P\u00e1gina de NOVIEMBRE: PAPADA IB\u00c9RICA en la cual se encuentra la ficha del producto.\" \/>\n<meta name=\"robots\" content=\"index, follow, max-snippet:-1, max-image-preview:large, max-video-preview:-1\" \/>\n<link rel=\"canonical\" href=\"https:\/\/www.carnicasiglesias.com\/recetas\/noviembre-papada-iberica\/\" \/>\n<meta property=\"og:locale\" content=\"fr_FR\" \/>\n<meta property=\"og:type\" content=\"article\" \/>\n<meta property=\"og:title\" content=\"NOVIEMBRE: PAPADA IB\u00c9RICA | C\u00e1rnicas Iglesias\" \/>\n<meta property=\"og:description\" content=\"P\u00e1gina de NOVIEMBRE: PAPADA IB\u00c9RICA en la cual se encuentra la ficha del producto.\" \/>\n<meta property=\"og:url\" content=\"https:\/\/www.carnicasiglesias.com\/recetas\/noviembre-papada-iberica\/\" \/>\n<meta property=\"og:site_name\" content=\"C\u00e1rnicas Iglesias\" \/>\n<meta property=\"article:published_time\" content=\"2021-12-02T10:20:07+00:00\" \/>\n<meta property=\"article:modified_time\" content=\"2021-12-02T11:34:24+00:00\" \/>\n<meta property=\"og:image\" content=\"https:\/\/www.carnicasiglesias.com\/wp-content\/uploads\/2021\/10\/PAPADA.jpg\" \/>\n\t<meta property=\"og:image:width\" content=\"1500\" \/>\n\t<meta property=\"og:image:height\" content=\"1000\" \/>\n\t<meta property=\"og:image:type\" content=\"image\/jpeg\" \/>\n<meta name=\"author\" content=\"wcarigle\" \/>\n<meta name=\"twitter:card\" content=\"summary_large_image\" \/>\n<meta name=\"twitter:label1\" content=\"\u00c9crit par\" \/>\n\t<meta name=\"twitter:data1\" content=\"wcarigle\" \/>\n<script type=\"application\/ld+json\" class=\"yoast-schema-graph\">{\"@context\":\"https:\/\/schema.org\",\"@graph\":[{\"@type\":\"WebPage\",\"@id\":\"https:\/\/www.carnicasiglesias.com\/recetas\/noviembre-papada-iberica\/\",\"url\":\"https:\/\/www.carnicasiglesias.com\/recetas\/noviembre-papada-iberica\/\",\"name\":\"NOVIEMBRE: PAPADA IB\u00c9RICA | C\u00e1rnicas Iglesias\",\"isPartOf\":{\"@id\":\"https:\/\/www.carnicasiglesias.com\/#website\"},\"primaryImageOfPage\":{\"@id\":\"https:\/\/www.carnicasiglesias.com\/recetas\/noviembre-papada-iberica\/#primaryimage\"},\"image\":{\"@id\":\"https:\/\/www.carnicasiglesias.com\/recetas\/noviembre-papada-iberica\/#primaryimage\"},\"thumbnailUrl\":\"https:\/\/www.carnicasiglesias.com\/wp-content\/uploads\/2021\/10\/PAPADA.jpg\",\"datePublished\":\"2021-12-02T10:20:07+00:00\",\"dateModified\":\"2021-12-02T11:34:24+00:00\",\"author\":{\"@id\":\"https:\/\/www.carnicasiglesias.com\/#\/schema\/person\/aaaf7d4dc5dc4bbfeb2f346eb04801eb\"},\"description\":\"P\u00e1gina de NOVIEMBRE: PAPADA IB\u00c9RICA en la cual se encuentra la ficha del producto.\",\"breadcrumb\":{\"@id\":\"https:\/\/www.carnicasiglesias.com\/recetas\/noviembre-papada-iberica\/#breadcrumb\"},\"inLanguage\":\"fr-FR\",\"potentialAction\":[{\"@type\":\"ReadAction\",\"target\":[\"https:\/\/www.carnicasiglesias.com\/recetas\/noviembre-papada-iberica\/\"]}]},{\"@type\":\"ImageObject\",\"inLanguage\":\"fr-FR\",\"@id\":\"https:\/\/www.carnicasiglesias.com\/recetas\/noviembre-papada-iberica\/#primaryimage\",\"url\":\"https:\/\/www.carnicasiglesias.com\/wp-content\/uploads\/2021\/10\/PAPADA.jpg\",\"contentUrl\":\"https:\/\/www.carnicasiglesias.com\/wp-content\/uploads\/2021\/10\/PAPADA.jpg\",\"width\":1500,\"height\":1000},{\"@type\":\"BreadcrumbList\",\"@id\":\"https:\/\/www.carnicasiglesias.com\/recetas\/noviembre-papada-iberica\/#breadcrumb\",\"itemListElement\":[{\"@type\":\"ListItem\",\"position\":1,\"name\":\"Portada\",\"item\":\"https:\/\/www.carnicasiglesias.com\/fr\/\"},{\"@type\":\"ListItem\",\"position\":2,\"name\":\"NOVIEMBRE: PAPADA IB\u00c9RICA\"}]},{\"@type\":\"WebSite\",\"@id\":\"https:\/\/www.carnicasiglesias.com\/#website\",\"url\":\"https:\/\/www.carnicasiglesias.com\/\",\"name\":\"C\u00e1rnicas Iglesias\",\"description\":\"P\u00e1gina web de C\u00e1rnicas Iglesias\",\"potentialAction\":[{\"@type\":\"SearchAction\",\"target\":{\"@type\":\"EntryPoint\",\"urlTemplate\":\"https:\/\/www.carnicasiglesias.com\/?s={search_term_string}\"},\"query-input\":{\"@type\":\"PropertyValueSpecification\",\"valueRequired\":true,\"valueName\":\"search_term_string\"}}],\"inLanguage\":\"fr-FR\"},{\"@type\":\"Person\",\"@id\":\"https:\/\/www.carnicasiglesias.com\/#\/schema\/person\/aaaf7d4dc5dc4bbfeb2f346eb04801eb\",\"name\":\"wcarigle\",\"image\":{\"@type\":\"ImageObject\",\"inLanguage\":\"fr-FR\",\"@id\":\"https:\/\/www.carnicasiglesias.com\/#\/schema\/person\/image\/\",\"url\":\"https:\/\/secure.gravatar.com\/avatar\/c508261c9bb726f239f6caae30854a8c?s=96&d=mm&r=g\",\"contentUrl\":\"https:\/\/secure.gravatar.com\/avatar\/c508261c9bb726f239f6caae30854a8c?s=96&d=mm&r=g\",\"caption\":\"wcarigle\"}}]}<\/script>\n<!-- \/ Yoast SEO plugin. -->","yoast_head_json":{"title":"NOVIEMBRE: PAPADA IB\u00c9RICA | C\u00e1rnicas Iglesias","description":"P\u00e1gina de NOVIEMBRE: PAPADA IB\u00c9RICA en la cual se encuentra la ficha del producto.","robots":{"index":"index","follow":"follow","max-snippet":"max-snippet:-1","max-image-preview":"max-image-preview:large","max-video-preview":"max-video-preview:-1"},"canonical":"https:\/\/www.carnicasiglesias.com\/recetas\/noviembre-papada-iberica\/","og_locale":"fr_FR","og_type":"article","og_title":"NOVIEMBRE: PAPADA IB\u00c9RICA | C\u00e1rnicas Iglesias","og_description":"P\u00e1gina de NOVIEMBRE: PAPADA IB\u00c9RICA en la cual se encuentra la ficha del producto.","og_url":"https:\/\/www.carnicasiglesias.com\/recetas\/noviembre-papada-iberica\/","og_site_name":"C\u00e1rnicas Iglesias","article_published_time":"2021-12-02T10:20:07+00:00","article_modified_time":"2021-12-02T11:34:24+00:00","og_image":[{"width":1500,"height":1000,"url":"https:\/\/www.carnicasiglesias.com\/wp-content\/uploads\/2021\/10\/PAPADA.jpg","type":"image\/jpeg"}],"author":"wcarigle","twitter_card":"summary_large_image","twitter_misc":{"\u00c9crit par":"wcarigle"},"schema":{"@context":"https:\/\/schema.org","@graph":[{"@type":"WebPage","@id":"https:\/\/www.carnicasiglesias.com\/recetas\/noviembre-papada-iberica\/","url":"https:\/\/www.carnicasiglesias.com\/recetas\/noviembre-papada-iberica\/","name":"NOVIEMBRE: PAPADA IB\u00c9RICA | C\u00e1rnicas Iglesias","isPartOf":{"@id":"https:\/\/www.carnicasiglesias.com\/#website"},"primaryImageOfPage":{"@id":"https:\/\/www.carnicasiglesias.com\/recetas\/noviembre-papada-iberica\/#primaryimage"},"image":{"@id":"https:\/\/www.carnicasiglesias.com\/recetas\/noviembre-papada-iberica\/#primaryimage"},"thumbnailUrl":"https:\/\/www.carnicasiglesias.com\/wp-content\/uploads\/2021\/10\/PAPADA.jpg","datePublished":"2021-12-02T10:20:07+00:00","dateModified":"2021-12-02T11:34:24+00:00","author":{"@id":"https:\/\/www.carnicasiglesias.com\/#\/schema\/person\/aaaf7d4dc5dc4bbfeb2f346eb04801eb"},"description":"P\u00e1gina de NOVIEMBRE: PAPADA IB\u00c9RICA en la cual se encuentra la ficha del producto.","breadcrumb":{"@id":"https:\/\/www.carnicasiglesias.com\/recetas\/noviembre-papada-iberica\/#breadcrumb"},"inLanguage":"fr-FR","potentialAction":[{"@type":"ReadAction","target":["https:\/\/www.carnicasiglesias.com\/recetas\/noviembre-papada-iberica\/"]}]},{"@type":"ImageObject","inLanguage":"fr-FR","@id":"https:\/\/www.carnicasiglesias.com\/recetas\/noviembre-papada-iberica\/#primaryimage","url":"https:\/\/www.carnicasiglesias.com\/wp-content\/uploads\/2021\/10\/PAPADA.jpg","contentUrl":"https:\/\/www.carnicasiglesias.com\/wp-content\/uploads\/2021\/10\/PAPADA.jpg","width":1500,"height":1000},{"@type":"BreadcrumbList","@id":"https:\/\/www.carnicasiglesias.com\/recetas\/noviembre-papada-iberica\/#breadcrumb","itemListElement":[{"@type":"ListItem","position":1,"name":"Portada","item":"https:\/\/www.carnicasiglesias.com\/fr\/"},{"@type":"ListItem","position":2,"name":"NOVIEMBRE: PAPADA IB\u00c9RICA"}]},{"@type":"WebSite","@id":"https:\/\/www.carnicasiglesias.com\/#website","url":"https:\/\/www.carnicasiglesias.com\/","name":"C\u00e1rnicas Iglesias","description":"P\u00e1gina web de C\u00e1rnicas Iglesias","potentialAction":[{"@type":"SearchAction","target":{"@type":"EntryPoint","urlTemplate":"https:\/\/www.carnicasiglesias.com\/?s={search_term_string}"},"query-input":{"@type":"PropertyValueSpecification","valueRequired":true,"valueName":"search_term_string"}}],"inLanguage":"fr-FR"},{"@type":"Person","@id":"https:\/\/www.carnicasiglesias.com\/#\/schema\/person\/aaaf7d4dc5dc4bbfeb2f346eb04801eb","name":"wcarigle","image":{"@type":"ImageObject","inLanguage":"fr-FR","@id":"https:\/\/www.carnicasiglesias.com\/#\/schema\/person\/image\/","url":"https:\/\/secure.gravatar.com\/avatar\/c508261c9bb726f239f6caae30854a8c?s=96&d=mm&r=g","contentUrl":"https:\/\/secure.gravatar.com\/avatar\/c508261c9bb726f239f6caae30854a8c?s=96&d=mm&r=g","caption":"wcarigle"}}]}},"_links":{"self":[{"href":"https:\/\/www.carnicasiglesias.com\/fr\/wp-json\/wp\/v2\/posts\/2724","targetHints":{"allow":["GET"]}}],"collection":[{"href":"https:\/\/www.carnicasiglesias.com\/fr\/wp-json\/wp\/v2\/posts"}],"about":[{"href":"https:\/\/www.carnicasiglesias.com\/fr\/wp-json\/wp\/v2\/types\/post"}],"author":[{"embeddable":true,"href":"https:\/\/www.carnicasiglesias.com\/fr\/wp-json\/wp\/v2\/users\/1"}],"replies":[{"embeddable":true,"href":"https:\/\/www.carnicasiglesias.com\/fr\/wp-json\/wp\/v2\/comments?post=2724"}],"version-history":[{"count":3,"href":"https:\/\/www.carnicasiglesias.com\/fr\/wp-json\/wp\/v2\/posts\/2724\/revisions"}],"predecessor-version":[{"id":2802,"href":"https:\/\/www.carnicasiglesias.com\/fr\/wp-json\/wp\/v2\/posts\/2724\/revisions\/2802"}],"wp:featuredmedia":[{"embeddable":true,"href":"https:\/\/www.carnicasiglesias.com\/fr\/wp-json\/wp\/v2\/media\/2725"}],"wp:attachment":[{"href":"https:\/\/www.carnicasiglesias.com\/fr\/wp-json\/wp\/v2\/media?parent=2724"}],"wp:term":[{"taxonomy":"category","embeddable":true,"href":"https:\/\/www.carnicasiglesias.com\/fr\/wp-json\/wp\/v2\/categories?post=2724"},{"taxonomy":"post_tag","embeddable":true,"href":"https:\/\/www.carnicasiglesias.com\/fr\/wp-json\/wp\/v2\/tags?post=2724"}],"curies":[{"name":"wp","href":"https:\/\/api.w.org\/{rel}","templated":true}]}}