{"id":2760,"date":"2021-12-02T11:26:01","date_gmt":"2021-12-02T10:26:01","guid":{"rendered":"https:\/\/www.carnicasiglesias.com\/?p=2760"},"modified":"2021-12-02T12:33:44","modified_gmt":"2021-12-02T11:33:44","slug":"mayo-abanicos-ibericos","status":"publish","type":"post","link":"https:\/\/www.carnicasiglesias.com\/fr\/recetas\/mayo-abanicos-ibericos\/","title":{"rendered":"MAYO: ABANICOS IB\u00c9RICOS"},"content":{"rendered":"<p>El abanico ib\u00e9rico es la\u00a0<strong>parte que envuelve las costillas por el exterior<\/strong>. Se trata de una pieza fina rica en vetas de grasa, lo que hace que sea perfecta para la barbacoa y que quede sabrosa, jugosa y crujiente. El nombre de este corte de carne viene de su forma, ya que cogido con la mano puede darse un aire parecido.<\/p>\n","protected":false},"excerpt":{"rendered":"<p>El abanico ib\u00e9rico es la\u00a0parte que envuelve las costillas por el exterior. Se trata de una pieza fina rica en vetas de grasa, lo que hace que sea perfecta para la barbacoa y que quede sabrosa, jugosa y crujiente. El nombre de este corte de carne viene de su forma, ya que cogido con la &hellip; <\/p>\n<p class=\"link-more\"><a href=\"https:\/\/www.carnicasiglesias.com\/fr\/recetas\/mayo-abanicos-ibericos\/\" class=\"more-link\">Continue reading<span class=\"screen-reader-text\"> \u00ab\u00a0MAYO: ABANICOS IB\u00c9RICOS\u00a0\u00bb<\/span><\/a><\/p>\n","protected":false},"author":1,"featured_media":2761,"comment_status":"open","ping_status":"open","sticky":false,"template":"","format":"standard","meta":{"_acf_changed":false,"footnotes":""},"categories":[25],"tags":[],"class_list":["post-2760","post","type-post","status-publish","format-standard","has-post-thumbnail","hentry","category-recetas"],"acf":[],"yoast_head":"<!-- This site is optimized with the Yoast SEO plugin v24.8.1 - https:\/\/yoast.com\/wordpress\/plugins\/seo\/ -->\n<title>MAYO: ABANICOS IB\u00c9RICOS | C\u00e1rnicas Iglesias<\/title>\n<meta name=\"description\" content=\"P\u00e1gina de MAYO: ABANICOS IB\u00c9RICOS en la cual se encuentra la ficha del producto.\" \/>\n<meta name=\"robots\" content=\"index, follow, max-snippet:-1, max-image-preview:large, max-video-preview:-1\" \/>\n<link rel=\"canonical\" href=\"https:\/\/www.carnicasiglesias.com\/fr\/recettes\/mayo-abanicos-ibericos\/\" \/>\n<meta property=\"og:locale\" content=\"fr_FR\" \/>\n<meta property=\"og:type\" content=\"article\" \/>\n<meta property=\"og:title\" content=\"MAYO: ABANICOS IB\u00c9RICOS | C\u00e1rnicas Iglesias\" \/>\n<meta property=\"og:description\" content=\"P\u00e1gina de MAYO: ABANICOS IB\u00c9RICOS en la cual se encuentra la ficha del producto.\" \/>\n<meta property=\"og:url\" content=\"https:\/\/www.carnicasiglesias.com\/fr\/recettes\/mayo-abanicos-ibericos\/\" \/>\n<meta property=\"og:site_name\" content=\"C\u00e1rnicas Iglesias\" \/>\n<meta property=\"article:published_time\" content=\"2021-12-02T10:26:01+00:00\" \/>\n<meta property=\"article:modified_time\" content=\"2021-12-02T11:33:44+00:00\" \/>\n<meta property=\"og:image\" content=\"https:\/\/www.carnicasiglesias.com\/wp-content\/uploads\/2021\/10\/ABANICO.jpg\" \/>\n\t<meta property=\"og:image:width\" content=\"1500\" \/>\n\t<meta property=\"og:image:height\" content=\"1000\" \/>\n\t<meta property=\"og:image:type\" content=\"image\/jpeg\" \/>\n<meta name=\"author\" content=\"wcarigle\" \/>\n<meta name=\"twitter:card\" content=\"summary_large_image\" \/>\n<meta name=\"twitter:label1\" content=\"\u00c9crit par\" \/>\n\t<meta name=\"twitter:data1\" content=\"wcarigle\" \/>\n<script type=\"application\/ld+json\" class=\"yoast-schema-graph\">{\"@context\":\"https:\/\/schema.org\",\"@graph\":[{\"@type\":\"WebPage\",\"@id\":\"https:\/\/www.carnicasiglesias.com\/fr\/recettes\/mayo-abanicos-ibericos\/\",\"url\":\"https:\/\/www.carnicasiglesias.com\/fr\/recettes\/mayo-abanicos-ibericos\/\",\"name\":\"MAYO: ABANICOS IB\u00c9RICOS | C\u00e1rnicas Iglesias\",\"isPartOf\":{\"@id\":\"https:\/\/www.carnicasiglesias.com\/#website\"},\"primaryImageOfPage\":{\"@id\":\"https:\/\/www.carnicasiglesias.com\/fr\/recettes\/mayo-abanicos-ibericos\/#primaryimage\"},\"image\":{\"@id\":\"https:\/\/www.carnicasiglesias.com\/fr\/recettes\/mayo-abanicos-ibericos\/#primaryimage\"},\"thumbnailUrl\":\"https:\/\/www.carnicasiglesias.com\/wp-content\/uploads\/2021\/10\/ABANICO.jpg\",\"datePublished\":\"2021-12-02T10:26:01+00:00\",\"dateModified\":\"2021-12-02T11:33:44+00:00\",\"author\":{\"@id\":\"https:\/\/www.carnicasiglesias.com\/#\/schema\/person\/aaaf7d4dc5dc4bbfeb2f346eb04801eb\"},\"description\":\"P\u00e1gina de MAYO: ABANICOS IB\u00c9RICOS en la cual se encuentra la ficha del producto.\",\"breadcrumb\":{\"@id\":\"https:\/\/www.carnicasiglesias.com\/fr\/recettes\/mayo-abanicos-ibericos\/#breadcrumb\"},\"inLanguage\":\"fr-FR\",\"potentialAction\":[{\"@type\":\"ReadAction\",\"target\":[\"https:\/\/www.carnicasiglesias.com\/fr\/recettes\/mayo-abanicos-ibericos\/\"]}]},{\"@type\":\"ImageObject\",\"inLanguage\":\"fr-FR\",\"@id\":\"https:\/\/www.carnicasiglesias.com\/fr\/recettes\/mayo-abanicos-ibericos\/#primaryimage\",\"url\":\"https:\/\/www.carnicasiglesias.com\/wp-content\/uploads\/2021\/10\/ABANICO.jpg\",\"contentUrl\":\"https:\/\/www.carnicasiglesias.com\/wp-content\/uploads\/2021\/10\/ABANICO.jpg\",\"width\":1500,\"height\":1000},{\"@type\":\"BreadcrumbList\",\"@id\":\"https:\/\/www.carnicasiglesias.com\/fr\/recettes\/mayo-abanicos-ibericos\/#breadcrumb\",\"itemListElement\":[{\"@type\":\"ListItem\",\"position\":1,\"name\":\"Portada\",\"item\":\"https:\/\/www.carnicasiglesias.com\/fr\/\"},{\"@type\":\"ListItem\",\"position\":2,\"name\":\"MAYO: ABANICOS IB\u00c9RICOS\"}]},{\"@type\":\"WebSite\",\"@id\":\"https:\/\/www.carnicasiglesias.com\/#website\",\"url\":\"https:\/\/www.carnicasiglesias.com\/\",\"name\":\"C\u00e1rnicas Iglesias\",\"description\":\"P\u00e1gina web de C\u00e1rnicas Iglesias\",\"potentialAction\":[{\"@type\":\"SearchAction\",\"target\":{\"@type\":\"EntryPoint\",\"urlTemplate\":\"https:\/\/www.carnicasiglesias.com\/?s={search_term_string}\"},\"query-input\":{\"@type\":\"PropertyValueSpecification\",\"valueRequired\":true,\"valueName\":\"search_term_string\"}}],\"inLanguage\":\"fr-FR\"},{\"@type\":\"Person\",\"@id\":\"https:\/\/www.carnicasiglesias.com\/#\/schema\/person\/aaaf7d4dc5dc4bbfeb2f346eb04801eb\",\"name\":\"wcarigle\",\"image\":{\"@type\":\"ImageObject\",\"inLanguage\":\"fr-FR\",\"@id\":\"https:\/\/www.carnicasiglesias.com\/#\/schema\/person\/image\/\",\"url\":\"https:\/\/secure.gravatar.com\/avatar\/c508261c9bb726f239f6caae30854a8c?s=96&d=mm&r=g\",\"contentUrl\":\"https:\/\/secure.gravatar.com\/avatar\/c508261c9bb726f239f6caae30854a8c?s=96&d=mm&r=g\",\"caption\":\"wcarigle\"}}]}<\/script>\n<!-- \/ Yoast SEO plugin. -->","yoast_head_json":{"title":"MAYO: ABANICOS IB\u00c9RICOS | C\u00e1rnicas Iglesias","description":"P\u00e1gina de MAYO: ABANICOS IB\u00c9RICOS en la cual se encuentra la ficha del producto.","robots":{"index":"index","follow":"follow","max-snippet":"max-snippet:-1","max-image-preview":"max-image-preview:large","max-video-preview":"max-video-preview:-1"},"canonical":"https:\/\/www.carnicasiglesias.com\/fr\/recettes\/mayo-abanicos-ibericos\/","og_locale":"fr_FR","og_type":"article","og_title":"MAYO: ABANICOS IB\u00c9RICOS | C\u00e1rnicas Iglesias","og_description":"P\u00e1gina de MAYO: ABANICOS IB\u00c9RICOS en la cual se encuentra la ficha del producto.","og_url":"https:\/\/www.carnicasiglesias.com\/fr\/recettes\/mayo-abanicos-ibericos\/","og_site_name":"C\u00e1rnicas Iglesias","article_published_time":"2021-12-02T10:26:01+00:00","article_modified_time":"2021-12-02T11:33:44+00:00","og_image":[{"width":1500,"height":1000,"url":"https:\/\/www.carnicasiglesias.com\/wp-content\/uploads\/2021\/10\/ABANICO.jpg","type":"image\/jpeg"}],"author":"wcarigle","twitter_card":"summary_large_image","twitter_misc":{"\u00c9crit par":"wcarigle"},"schema":{"@context":"https:\/\/schema.org","@graph":[{"@type":"WebPage","@id":"https:\/\/www.carnicasiglesias.com\/fr\/recettes\/mayo-abanicos-ibericos\/","url":"https:\/\/www.carnicasiglesias.com\/fr\/recettes\/mayo-abanicos-ibericos\/","name":"MAYO: ABANICOS IB\u00c9RICOS | C\u00e1rnicas Iglesias","isPartOf":{"@id":"https:\/\/www.carnicasiglesias.com\/#website"},"primaryImageOfPage":{"@id":"https:\/\/www.carnicasiglesias.com\/fr\/recettes\/mayo-abanicos-ibericos\/#primaryimage"},"image":{"@id":"https:\/\/www.carnicasiglesias.com\/fr\/recettes\/mayo-abanicos-ibericos\/#primaryimage"},"thumbnailUrl":"https:\/\/www.carnicasiglesias.com\/wp-content\/uploads\/2021\/10\/ABANICO.jpg","datePublished":"2021-12-02T10:26:01+00:00","dateModified":"2021-12-02T11:33:44+00:00","author":{"@id":"https:\/\/www.carnicasiglesias.com\/#\/schema\/person\/aaaf7d4dc5dc4bbfeb2f346eb04801eb"},"description":"P\u00e1gina de MAYO: ABANICOS IB\u00c9RICOS en la cual se encuentra la ficha del producto.","breadcrumb":{"@id":"https:\/\/www.carnicasiglesias.com\/fr\/recettes\/mayo-abanicos-ibericos\/#breadcrumb"},"inLanguage":"fr-FR","potentialAction":[{"@type":"ReadAction","target":["https:\/\/www.carnicasiglesias.com\/fr\/recettes\/mayo-abanicos-ibericos\/"]}]},{"@type":"ImageObject","inLanguage":"fr-FR","@id":"https:\/\/www.carnicasiglesias.com\/fr\/recettes\/mayo-abanicos-ibericos\/#primaryimage","url":"https:\/\/www.carnicasiglesias.com\/wp-content\/uploads\/2021\/10\/ABANICO.jpg","contentUrl":"https:\/\/www.carnicasiglesias.com\/wp-content\/uploads\/2021\/10\/ABANICO.jpg","width":1500,"height":1000},{"@type":"BreadcrumbList","@id":"https:\/\/www.carnicasiglesias.com\/fr\/recettes\/mayo-abanicos-ibericos\/#breadcrumb","itemListElement":[{"@type":"ListItem","position":1,"name":"Portada","item":"https:\/\/www.carnicasiglesias.com\/fr\/"},{"@type":"ListItem","position":2,"name":"MAYO: ABANICOS IB\u00c9RICOS"}]},{"@type":"WebSite","@id":"https:\/\/www.carnicasiglesias.com\/#website","url":"https:\/\/www.carnicasiglesias.com\/","name":"C\u00e1rnicas Iglesias","description":"P\u00e1gina web de C\u00e1rnicas Iglesias","potentialAction":[{"@type":"SearchAction","target":{"@type":"EntryPoint","urlTemplate":"https:\/\/www.carnicasiglesias.com\/?s={search_term_string}"},"query-input":{"@type":"PropertyValueSpecification","valueRequired":true,"valueName":"search_term_string"}}],"inLanguage":"fr-FR"},{"@type":"Person","@id":"https:\/\/www.carnicasiglesias.com\/#\/schema\/person\/aaaf7d4dc5dc4bbfeb2f346eb04801eb","name":"wcarigle","image":{"@type":"ImageObject","inLanguage":"fr-FR","@id":"https:\/\/www.carnicasiglesias.com\/#\/schema\/person\/image\/","url":"https:\/\/secure.gravatar.com\/avatar\/c508261c9bb726f239f6caae30854a8c?s=96&d=mm&r=g","contentUrl":"https:\/\/secure.gravatar.com\/avatar\/c508261c9bb726f239f6caae30854a8c?s=96&d=mm&r=g","caption":"wcarigle"}}]}},"_links":{"self":[{"href":"https:\/\/www.carnicasiglesias.com\/fr\/wp-json\/wp\/v2\/posts\/2760","targetHints":{"allow":["GET"]}}],"collection":[{"href":"https:\/\/www.carnicasiglesias.com\/fr\/wp-json\/wp\/v2\/posts"}],"about":[{"href":"https:\/\/www.carnicasiglesias.com\/fr\/wp-json\/wp\/v2\/types\/post"}],"author":[{"embeddable":true,"href":"https:\/\/www.carnicasiglesias.com\/fr\/wp-json\/wp\/v2\/users\/1"}],"replies":[{"embeddable":true,"href":"https:\/\/www.carnicasiglesias.com\/fr\/wp-json\/wp\/v2\/comments?post=2760"}],"version-history":[{"count":2,"href":"https:\/\/www.carnicasiglesias.com\/fr\/wp-json\/wp\/v2\/posts\/2760\/revisions"}],"predecessor-version":[{"id":2794,"href":"https:\/\/www.carnicasiglesias.com\/fr\/wp-json\/wp\/v2\/posts\/2760\/revisions\/2794"}],"wp:featuredmedia":[{"embeddable":true,"href":"https:\/\/www.carnicasiglesias.com\/fr\/wp-json\/wp\/v2\/media\/2761"}],"wp:attachment":[{"href":"https:\/\/www.carnicasiglesias.com\/fr\/wp-json\/wp\/v2\/media?parent=2760"}],"wp:term":[{"taxonomy":"category","embeddable":true,"href":"https:\/\/www.carnicasiglesias.com\/fr\/wp-json\/wp\/v2\/categories?post=2760"},{"taxonomy":"post_tag","embeddable":true,"href":"https:\/\/www.carnicasiglesias.com\/fr\/wp-json\/wp\/v2\/tags?post=2760"}],"curies":[{"name":"wp","href":"https:\/\/api.w.org\/{rel}","templated":true}]}}