{"id":2849,"date":"2022-03-16T10:05:10","date_gmt":"2022-03-16T09:05:10","guid":{"rendered":"https:\/\/www.carnicasiglesias.com\/?p=2849"},"modified":"2022-03-16T10:22:46","modified_gmt":"2022-03-16T09:22:46","slug":"carnicas-iglesias-lleva-el-emprendimiento-a-los-alumnos-del-colegio-ceip-la-ladera","status":"publish","type":"post","link":"https:\/\/www.carnicasiglesias.com\/fr\/noticias\/carnicas-iglesias-lleva-el-emprendimiento-a-los-alumnos-del-colegio-ceip-la-ladera\/","title":{"rendered":"C\u00c1RNICAS IGLESIAS LLEVA EL EMPRENDIMIENTO A LOS ALUMNOS DEL COLEGIO CEIP LA LADERA"},"content":{"rendered":"<p>El programa de fomento del emprendimiento \u201cEmpresa Familiar en las aulas\u201d impulsado por Empresa Familiar de Castilla y Le\u00f3n (EFCL) con la Consejer\u00eda de Educaci\u00f3n ha continuado esta semana con sus actividades en Salamanca, con la charla ofrecida por Francisco Iglesias Gil, directivo de la empresa familiar salmantina C\u00e1rnicas Iglesias, en el CEIP La Ladera el martes 15 de marzo.<\/p>\n<p>En ella, el empresario traslad\u00f3 a estudiantes de 5\u00ba y 6\u00ba de Primaria la importancia de valores como el emprendimiento, el esfuerzo, el compromiso y el arraigo a trav\u00e9s del ejemplo de la larga trayectoria de la empresa de su familia.<\/p>\n<p>Como continuaci\u00f3n del programa y para completar la actividad, los alumnos del Colegio CEIP La Ladera podr\u00e1n visitar a finales de mes la f\u00e1brica de C\u00e1rnicas Iglesias en Mor\u00ed\u00f1igo, donde podr\u00e1n conocer en persona la forma de trabajo de esta empresa.<\/p>\n<div id='gallery-1' class='gallery galleryid-2849 gallery-columns-3 gallery-size-full'><figure class='gallery-item'>\n\t\t\t<div class='gallery-icon landscape'>\n\t\t\t\t<img loading=\"lazy\" decoding=\"async\" width=\"1400\" height=\"1050\" src=\"https:\/\/www.carnicasiglesias.com\/wp-content\/uploads\/2022\/03\/paco1.jpg\" class=\"attachment-full size-full\" alt=\"\" srcset=\"https:\/\/www.carnicasiglesias.com\/wp-content\/uploads\/2022\/03\/paco1.jpg 1400w, https:\/\/www.carnicasiglesias.com\/wp-content\/uploads\/2022\/03\/paco1-300x225.jpg 300w, https:\/\/www.carnicasiglesias.com\/wp-content\/uploads\/2022\/03\/paco1-768x576.jpg 768w, https:\/\/www.carnicasiglesias.com\/wp-content\/uploads\/2022\/03\/paco1-1024x768.jpg 1024w\" sizes=\"auto, 100vw\" \/>\n\t\t\t<\/div><\/figure><figure class='gallery-item'>\n\t\t\t<div class='gallery-icon landscape'>\n\t\t\t\t<img loading=\"lazy\" decoding=\"async\" width=\"1400\" height=\"1050\" src=\"https:\/\/www.carnicasiglesias.com\/wp-content\/uploads\/2022\/03\/paco-2.jpg\" class=\"attachment-full size-full\" alt=\"\" srcset=\"https:\/\/www.carnicasiglesias.com\/wp-content\/uploads\/2022\/03\/paco-2.jpg 1400w, https:\/\/www.carnicasiglesias.com\/wp-content\/uploads\/2022\/03\/paco-2-300x225.jpg 300w, https:\/\/www.carnicasiglesias.com\/wp-content\/uploads\/2022\/03\/paco-2-768x576.jpg 768w, https:\/\/www.carnicasiglesias.com\/wp-content\/uploads\/2022\/03\/paco-2-1024x768.jpg 1024w\" sizes=\"auto, 100vw\" \/>\n\t\t\t<\/div><\/figure><figure class='gallery-item'>\n\t\t\t<div class='gallery-icon landscape'>\n\t\t\t\t<img loading=\"lazy\" decoding=\"async\" width=\"1400\" height=\"1050\" src=\"https:\/\/www.carnicasiglesias.com\/wp-content\/uploads\/2022\/03\/paco3.jpg\" class=\"attachment-full size-full\" alt=\"\" srcset=\"https:\/\/www.carnicasiglesias.com\/wp-content\/uploads\/2022\/03\/paco3.jpg 1400w, https:\/\/www.carnicasiglesias.com\/wp-content\/uploads\/2022\/03\/paco3-300x225.jpg 300w, https:\/\/www.carnicasiglesias.com\/wp-content\/uploads\/2022\/03\/paco3-768x576.jpg 768w, https:\/\/www.carnicasiglesias.com\/wp-content\/uploads\/2022\/03\/paco3-1024x768.jpg 1024w\" sizes=\"auto, 100vw\" \/>\n\t\t\t<\/div><\/figure><figure class='gallery-item'>\n\t\t\t<div class='gallery-icon landscape'>\n\t\t\t\t<img loading=\"lazy\" decoding=\"async\" width=\"1400\" height=\"1050\" src=\"https:\/\/www.carnicasiglesias.com\/wp-content\/uploads\/2022\/03\/paco-4.jpg\" class=\"attachment-full size-full\" alt=\"\" srcset=\"https:\/\/www.carnicasiglesias.com\/wp-content\/uploads\/2022\/03\/paco-4.jpg 1400w, https:\/\/www.carnicasiglesias.com\/wp-content\/uploads\/2022\/03\/paco-4-300x225.jpg 300w, https:\/\/www.carnicasiglesias.com\/wp-content\/uploads\/2022\/03\/paco-4-768x576.jpg 768w, https:\/\/www.carnicasiglesias.com\/wp-content\/uploads\/2022\/03\/paco-4-1024x768.jpg 1024w\" sizes=\"auto, 100vw\" \/>\n\t\t\t<\/div><\/figure><figure class='gallery-item'>\n\t\t\t<div class='gallery-icon landscape'>\n\t\t\t\t<img loading=\"lazy\" decoding=\"async\" width=\"1400\" height=\"1050\" src=\"https:\/\/www.carnicasiglesias.com\/wp-content\/uploads\/2022\/03\/paco5.jpg\" class=\"attachment-full size-full\" alt=\"\" srcset=\"https:\/\/www.carnicasiglesias.com\/wp-content\/uploads\/2022\/03\/paco5.jpg 1400w, https:\/\/www.carnicasiglesias.com\/wp-content\/uploads\/2022\/03\/paco5-300x225.jpg 300w, https:\/\/www.carnicasiglesias.com\/wp-content\/uploads\/2022\/03\/paco5-768x576.jpg 768w, https:\/\/www.carnicasiglesias.com\/wp-content\/uploads\/2022\/03\/paco5-1024x768.jpg 1024w\" sizes=\"auto, 100vw\" \/>\n\t\t\t<\/div><\/figure>\n\t\t<\/div>\n\n","protected":false},"excerpt":{"rendered":"<p>El programa de fomento del emprendimiento \u201cEmpresa Familiar en las aulas\u201d impulsado por Empresa Familiar de Castilla y Le\u00f3n (EFCL) con la Consejer\u00eda de Educaci\u00f3n ha continuado esta semana con sus actividades en Salamanca, con la charla ofrecida por Francisco Iglesias Gil, directivo de la empresa familiar salmantina C\u00e1rnicas Iglesias, en el CEIP La Ladera &hellip; <\/p>\n<p class=\"link-more\"><a href=\"https:\/\/www.carnicasiglesias.com\/fr\/noticias\/carnicas-iglesias-lleva-el-emprendimiento-a-los-alumnos-del-colegio-ceip-la-ladera\/\" class=\"more-link\">Continue reading<span class=\"screen-reader-text\"> \u00ab\u00a0C\u00c1RNICAS IGLESIAS LLEVA EL EMPRENDIMIENTO A LOS ALUMNOS DEL COLEGIO CEIP LA LADERA\u00a0\u00bb<\/span><\/a><\/p>\n","protected":false},"author":1,"featured_media":2850,"comment_status":"open","ping_status":"open","sticky":false,"template":"","format":"standard","meta":{"_acf_changed":false,"footnotes":""},"categories":[9],"tags":[],"class_list":["post-2849","post","type-post","status-publish","format-standard","has-post-thumbnail","hentry","category-noticias"],"acf":[],"yoast_head":"<!-- This site is optimized with the Yoast SEO plugin v24.8.1 - https:\/\/yoast.com\/wordpress\/plugins\/seo\/ -->\n<title>C\u00c1RNICAS IGLESIAS LLEVA EL EMPRENDIMIENTO A LOS ALUMNOS DEL COLEGIO CEIP LA LADERA | C\u00e1rnicas Iglesias<\/title>\n<meta name=\"description\" content=\"P\u00e1gina de C\u00c1RNICAS IGLESIAS LLEVA EL EMPRENDIMIENTO A LOS ALUMNOS DEL COLEGIO CEIP LA LADERA en la cual se encuentra la ficha del producto.\" \/>\n<meta name=\"robots\" content=\"index, follow, max-snippet:-1, max-image-preview:large, max-video-preview:-1\" \/>\n<link rel=\"canonical\" href=\"https:\/\/www.carnicasiglesias.com\/en\/news\/carnicas-iglesias-lleva-el-emprendimiento-a-los-alumnos-del-colegio-ceip-la-ladera\/\" \/>\n<meta property=\"og:locale\" content=\"fr_FR\" \/>\n<meta property=\"og:type\" content=\"article\" \/>\n<meta property=\"og:title\" content=\"C\u00c1RNICAS IGLESIAS LLEVA EL EMPRENDIMIENTO A LOS ALUMNOS DEL COLEGIO CEIP LA LADERA | C\u00e1rnicas Iglesias\" \/>\n<meta property=\"og:description\" content=\"P\u00e1gina de C\u00c1RNICAS IGLESIAS LLEVA EL EMPRENDIMIENTO A LOS ALUMNOS DEL COLEGIO CEIP LA LADERA en la cual se encuentra la ficha del producto.\" \/>\n<meta property=\"og:url\" content=\"https:\/\/www.carnicasiglesias.com\/en\/news\/carnicas-iglesias-lleva-el-emprendimiento-a-los-alumnos-del-colegio-ceip-la-ladera\/\" \/>\n<meta property=\"og:site_name\" content=\"C\u00e1rnicas Iglesias\" \/>\n<meta property=\"article:published_time\" content=\"2022-03-16T09:05:10+00:00\" \/>\n<meta property=\"article:modified_time\" content=\"2022-03-16T09:22:46+00:00\" \/>\n<meta property=\"og:image\" content=\"https:\/\/www.carnicasiglesias.com\/wp-content\/uploads\/2022\/03\/paco.jpg\" \/>\n\t<meta property=\"og:image:width\" content=\"1400\" \/>\n\t<meta property=\"og:image:height\" content=\"1050\" \/>\n\t<meta property=\"og:image:type\" content=\"image\/jpeg\" \/>\n<meta name=\"author\" content=\"wcarigle\" \/>\n<meta name=\"twitter:card\" content=\"summary_large_image\" \/>\n<meta name=\"twitter:label1\" content=\"\u00c9crit par\" \/>\n\t<meta name=\"twitter:data1\" content=\"wcarigle\" \/>\n\t<meta name=\"twitter:label2\" content=\"Dur\u00e9e de lecture estim\u00e9e\" \/>\n\t<meta name=\"twitter:data2\" content=\"1 minute\" \/>\n<script type=\"application\/ld+json\" class=\"yoast-schema-graph\">{\"@context\":\"https:\/\/schema.org\",\"@graph\":[{\"@type\":\"WebPage\",\"@id\":\"https:\/\/www.carnicasiglesias.com\/en\/news\/carnicas-iglesias-lleva-el-emprendimiento-a-los-alumnos-del-colegio-ceip-la-ladera\/\",\"url\":\"https:\/\/www.carnicasiglesias.com\/en\/news\/carnicas-iglesias-lleva-el-emprendimiento-a-los-alumnos-del-colegio-ceip-la-ladera\/\",\"name\":\"C\u00c1RNICAS IGLESIAS LLEVA EL EMPRENDIMIENTO A LOS ALUMNOS DEL COLEGIO CEIP LA LADERA | C\u00e1rnicas Iglesias\",\"isPartOf\":{\"@id\":\"https:\/\/www.carnicasiglesias.com\/#website\"},\"primaryImageOfPage\":{\"@id\":\"https:\/\/www.carnicasiglesias.com\/en\/news\/carnicas-iglesias-lleva-el-emprendimiento-a-los-alumnos-del-colegio-ceip-la-ladera\/#primaryimage\"},\"image\":{\"@id\":\"https:\/\/www.carnicasiglesias.com\/en\/news\/carnicas-iglesias-lleva-el-emprendimiento-a-los-alumnos-del-colegio-ceip-la-ladera\/#primaryimage\"},\"thumbnailUrl\":\"https:\/\/www.carnicasiglesias.com\/wp-content\/uploads\/2022\/03\/paco.jpg\",\"datePublished\":\"2022-03-16T09:05:10+00:00\",\"dateModified\":\"2022-03-16T09:22:46+00:00\",\"author\":{\"@id\":\"https:\/\/www.carnicasiglesias.com\/#\/schema\/person\/aaaf7d4dc5dc4bbfeb2f346eb04801eb\"},\"description\":\"P\u00e1gina de C\u00c1RNICAS IGLESIAS LLEVA EL EMPRENDIMIENTO A LOS ALUMNOS DEL COLEGIO CEIP LA LADERA en la cual se encuentra la ficha del producto.\",\"breadcrumb\":{\"@id\":\"https:\/\/www.carnicasiglesias.com\/en\/news\/carnicas-iglesias-lleva-el-emprendimiento-a-los-alumnos-del-colegio-ceip-la-ladera\/#breadcrumb\"},\"inLanguage\":\"fr-FR\",\"potentialAction\":[{\"@type\":\"ReadAction\",\"target\":[\"https:\/\/www.carnicasiglesias.com\/en\/news\/carnicas-iglesias-lleva-el-emprendimiento-a-los-alumnos-del-colegio-ceip-la-ladera\/\"]}]},{\"@type\":\"ImageObject\",\"inLanguage\":\"fr-FR\",\"@id\":\"https:\/\/www.carnicasiglesias.com\/en\/news\/carnicas-iglesias-lleva-el-emprendimiento-a-los-alumnos-del-colegio-ceip-la-ladera\/#primaryimage\",\"url\":\"https:\/\/www.carnicasiglesias.com\/wp-content\/uploads\/2022\/03\/paco.jpg\",\"contentUrl\":\"https:\/\/www.carnicasiglesias.com\/wp-content\/uploads\/2022\/03\/paco.jpg\",\"width\":1400,\"height\":1050},{\"@type\":\"BreadcrumbList\",\"@id\":\"https:\/\/www.carnicasiglesias.com\/en\/news\/carnicas-iglesias-lleva-el-emprendimiento-a-los-alumnos-del-colegio-ceip-la-ladera\/#breadcrumb\",\"itemListElement\":[{\"@type\":\"ListItem\",\"position\":1,\"name\":\"Portada\",\"item\":\"https:\/\/www.carnicasiglesias.com\/fr\/\"},{\"@type\":\"ListItem\",\"position\":2,\"name\":\"C\u00c1RNICAS IGLESIAS LLEVA EL EMPRENDIMIENTO A LOS ALUMNOS DEL COLEGIO CEIP LA LADERA\"}]},{\"@type\":\"WebSite\",\"@id\":\"https:\/\/www.carnicasiglesias.com\/#website\",\"url\":\"https:\/\/www.carnicasiglesias.com\/\",\"name\":\"C\u00e1rnicas Iglesias\",\"description\":\"P\u00e1gina web de C\u00e1rnicas Iglesias\",\"potentialAction\":[{\"@type\":\"SearchAction\",\"target\":{\"@type\":\"EntryPoint\",\"urlTemplate\":\"https:\/\/www.carnicasiglesias.com\/?s={search_term_string}\"},\"query-input\":{\"@type\":\"PropertyValueSpecification\",\"valueRequired\":true,\"valueName\":\"search_term_string\"}}],\"inLanguage\":\"fr-FR\"},{\"@type\":\"Person\",\"@id\":\"https:\/\/www.carnicasiglesias.com\/#\/schema\/person\/aaaf7d4dc5dc4bbfeb2f346eb04801eb\",\"name\":\"wcarigle\",\"image\":{\"@type\":\"ImageObject\",\"inLanguage\":\"fr-FR\",\"@id\":\"https:\/\/www.carnicasiglesias.com\/#\/schema\/person\/image\/\",\"url\":\"https:\/\/secure.gravatar.com\/avatar\/c508261c9bb726f239f6caae30854a8c?s=96&d=mm&r=g\",\"contentUrl\":\"https:\/\/secure.gravatar.com\/avatar\/c508261c9bb726f239f6caae30854a8c?s=96&d=mm&r=g\",\"caption\":\"wcarigle\"}}]}<\/script>\n<!-- \/ Yoast SEO plugin. -->","yoast_head_json":{"title":"C\u00c1RNICAS IGLESIAS LLEVA EL EMPRENDIMIENTO A LOS ALUMNOS DEL COLEGIO CEIP LA LADERA | C\u00e1rnicas Iglesias","description":"P\u00e1gina de C\u00c1RNICAS IGLESIAS LLEVA EL EMPRENDIMIENTO A LOS ALUMNOS DEL COLEGIO CEIP LA LADERA en la cual se encuentra la ficha del producto.","robots":{"index":"index","follow":"follow","max-snippet":"max-snippet:-1","max-image-preview":"max-image-preview:large","max-video-preview":"max-video-preview:-1"},"canonical":"https:\/\/www.carnicasiglesias.com\/en\/news\/carnicas-iglesias-lleva-el-emprendimiento-a-los-alumnos-del-colegio-ceip-la-ladera\/","og_locale":"fr_FR","og_type":"article","og_title":"C\u00c1RNICAS IGLESIAS LLEVA EL EMPRENDIMIENTO A LOS ALUMNOS DEL COLEGIO CEIP LA LADERA | C\u00e1rnicas Iglesias","og_description":"P\u00e1gina de C\u00c1RNICAS IGLESIAS LLEVA EL EMPRENDIMIENTO A LOS ALUMNOS DEL COLEGIO CEIP LA LADERA en la cual se encuentra la ficha del producto.","og_url":"https:\/\/www.carnicasiglesias.com\/en\/news\/carnicas-iglesias-lleva-el-emprendimiento-a-los-alumnos-del-colegio-ceip-la-ladera\/","og_site_name":"C\u00e1rnicas Iglesias","article_published_time":"2022-03-16T09:05:10+00:00","article_modified_time":"2022-03-16T09:22:46+00:00","og_image":[{"width":1400,"height":1050,"url":"https:\/\/www.carnicasiglesias.com\/wp-content\/uploads\/2022\/03\/paco.jpg","type":"image\/jpeg"}],"author":"wcarigle","twitter_card":"summary_large_image","twitter_misc":{"\u00c9crit par":"wcarigle","Dur\u00e9e de lecture estim\u00e9e":"1 minute"},"schema":{"@context":"https:\/\/schema.org","@graph":[{"@type":"WebPage","@id":"https:\/\/www.carnicasiglesias.com\/en\/news\/carnicas-iglesias-lleva-el-emprendimiento-a-los-alumnos-del-colegio-ceip-la-ladera\/","url":"https:\/\/www.carnicasiglesias.com\/en\/news\/carnicas-iglesias-lleva-el-emprendimiento-a-los-alumnos-del-colegio-ceip-la-ladera\/","name":"C\u00c1RNICAS IGLESIAS LLEVA EL EMPRENDIMIENTO A LOS ALUMNOS DEL COLEGIO CEIP LA LADERA | C\u00e1rnicas Iglesias","isPartOf":{"@id":"https:\/\/www.carnicasiglesias.com\/#website"},"primaryImageOfPage":{"@id":"https:\/\/www.carnicasiglesias.com\/en\/news\/carnicas-iglesias-lleva-el-emprendimiento-a-los-alumnos-del-colegio-ceip-la-ladera\/#primaryimage"},"image":{"@id":"https:\/\/www.carnicasiglesias.com\/en\/news\/carnicas-iglesias-lleva-el-emprendimiento-a-los-alumnos-del-colegio-ceip-la-ladera\/#primaryimage"},"thumbnailUrl":"https:\/\/www.carnicasiglesias.com\/wp-content\/uploads\/2022\/03\/paco.jpg","datePublished":"2022-03-16T09:05:10+00:00","dateModified":"2022-03-16T09:22:46+00:00","author":{"@id":"https:\/\/www.carnicasiglesias.com\/#\/schema\/person\/aaaf7d4dc5dc4bbfeb2f346eb04801eb"},"description":"P\u00e1gina de C\u00c1RNICAS IGLESIAS LLEVA EL EMPRENDIMIENTO A LOS ALUMNOS DEL COLEGIO CEIP LA LADERA en la cual se encuentra la ficha del producto.","breadcrumb":{"@id":"https:\/\/www.carnicasiglesias.com\/en\/news\/carnicas-iglesias-lleva-el-emprendimiento-a-los-alumnos-del-colegio-ceip-la-ladera\/#breadcrumb"},"inLanguage":"fr-FR","potentialAction":[{"@type":"ReadAction","target":["https:\/\/www.carnicasiglesias.com\/en\/news\/carnicas-iglesias-lleva-el-emprendimiento-a-los-alumnos-del-colegio-ceip-la-ladera\/"]}]},{"@type":"ImageObject","inLanguage":"fr-FR","@id":"https:\/\/www.carnicasiglesias.com\/en\/news\/carnicas-iglesias-lleva-el-emprendimiento-a-los-alumnos-del-colegio-ceip-la-ladera\/#primaryimage","url":"https:\/\/www.carnicasiglesias.com\/wp-content\/uploads\/2022\/03\/paco.jpg","contentUrl":"https:\/\/www.carnicasiglesias.com\/wp-content\/uploads\/2022\/03\/paco.jpg","width":1400,"height":1050},{"@type":"BreadcrumbList","@id":"https:\/\/www.carnicasiglesias.com\/en\/news\/carnicas-iglesias-lleva-el-emprendimiento-a-los-alumnos-del-colegio-ceip-la-ladera\/#breadcrumb","itemListElement":[{"@type":"ListItem","position":1,"name":"Portada","item":"https:\/\/www.carnicasiglesias.com\/fr\/"},{"@type":"ListItem","position":2,"name":"C\u00c1RNICAS IGLESIAS LLEVA EL EMPRENDIMIENTO A LOS ALUMNOS DEL COLEGIO CEIP LA LADERA"}]},{"@type":"WebSite","@id":"https:\/\/www.carnicasiglesias.com\/#website","url":"https:\/\/www.carnicasiglesias.com\/","name":"C\u00e1rnicas Iglesias","description":"P\u00e1gina web de C\u00e1rnicas Iglesias","potentialAction":[{"@type":"SearchAction","target":{"@type":"EntryPoint","urlTemplate":"https:\/\/www.carnicasiglesias.com\/?s={search_term_string}"},"query-input":{"@type":"PropertyValueSpecification","valueRequired":true,"valueName":"search_term_string"}}],"inLanguage":"fr-FR"},{"@type":"Person","@id":"https:\/\/www.carnicasiglesias.com\/#\/schema\/person\/aaaf7d4dc5dc4bbfeb2f346eb04801eb","name":"wcarigle","image":{"@type":"ImageObject","inLanguage":"fr-FR","@id":"https:\/\/www.carnicasiglesias.com\/#\/schema\/person\/image\/","url":"https:\/\/secure.gravatar.com\/avatar\/c508261c9bb726f239f6caae30854a8c?s=96&d=mm&r=g","contentUrl":"https:\/\/secure.gravatar.com\/avatar\/c508261c9bb726f239f6caae30854a8c?s=96&d=mm&r=g","caption":"wcarigle"}}]}},"_links":{"self":[{"href":"https:\/\/www.carnicasiglesias.com\/fr\/wp-json\/wp\/v2\/posts\/2849","targetHints":{"allow":["GET"]}}],"collection":[{"href":"https:\/\/www.carnicasiglesias.com\/fr\/wp-json\/wp\/v2\/posts"}],"about":[{"href":"https:\/\/www.carnicasiglesias.com\/fr\/wp-json\/wp\/v2\/types\/post"}],"author":[{"embeddable":true,"href":"https:\/\/www.carnicasiglesias.com\/fr\/wp-json\/wp\/v2\/users\/1"}],"replies":[{"embeddable":true,"href":"https:\/\/www.carnicasiglesias.com\/fr\/wp-json\/wp\/v2\/comments?post=2849"}],"version-history":[{"count":2,"href":"https:\/\/www.carnicasiglesias.com\/fr\/wp-json\/wp\/v2\/posts\/2849\/revisions"}],"predecessor-version":[{"id":2875,"href":"https:\/\/www.carnicasiglesias.com\/fr\/wp-json\/wp\/v2\/posts\/2849\/revisions\/2875"}],"wp:featuredmedia":[{"embeddable":true,"href":"https:\/\/www.carnicasiglesias.com\/fr\/wp-json\/wp\/v2\/media\/2850"}],"wp:attachment":[{"href":"https:\/\/www.carnicasiglesias.com\/fr\/wp-json\/wp\/v2\/media?parent=2849"}],"wp:term":[{"taxonomy":"category","embeddable":true,"href":"https:\/\/www.carnicasiglesias.com\/fr\/wp-json\/wp\/v2\/categories?post=2849"},{"taxonomy":"post_tag","embeddable":true,"href":"https:\/\/www.carnicasiglesias.com\/fr\/wp-json\/wp\/v2\/tags?post=2849"}],"curies":[{"name":"wp","href":"https:\/\/api.w.org\/{rel}","templated":true}]}}