{"id":2877,"date":"2022-03-31T10:21:13","date_gmt":"2022-03-31T08:21:13","guid":{"rendered":"https:\/\/www.carnicasiglesias.com\/?p=2877"},"modified":"2022-09-05T12:05:15","modified_gmt":"2022-09-05T10:05:15","slug":"programa-empresa-familiar-en-las-aulas-carnicas-iglesias-abre-las-puertas-del-emprendimiento-a-mas-de-un-centenar-alumnos-salmantinos","status":"publish","type":"post","link":"https:\/\/www.carnicasiglesias.com\/fr\/noticias\/programa-empresa-familiar-en-las-aulas-carnicas-iglesias-abre-las-puertas-del-emprendimiento-a-mas-de-un-centenar-alumnos-salmantinos\/","title":{"rendered":"PROGRAMA \u201cEMPRESA FAMILIAR EN LAS AULAS\u201d: C\u00c1RNICAS IGLESIAS ABRE LAS PUERTAS DEL EMPRENDIMIENTO A M\u00c1S DE UN CENTENAR ALUMNOS SALMANTINOS"},"content":{"rendered":"<p>Alrededor de <strong>120 estudiantes salmantinos<\/strong> han participado junto a la empresa C\u00e1rnicas Iglesias en la cuarta edici\u00f3n del <strong>Programa \u201cEmpresa Familiar en las aulas\u201d<\/strong>, impulsado por la asociaci\u00f3n Empresa Familiar de Castilla y Le\u00f3n (EFCL) con la colaboraci\u00f3n de la Consejer\u00eda de Educaci\u00f3n.<\/p>\n<p>Los estudiantes, pertenecientes a <strong>tres centros educativos de la provincia<\/strong>, han podido conocer de este modo la historia y valores de la compa\u00f1\u00eda gracias a las actividades que contempla esta iniciativa, cuyo objetivo es fomentar el emprendimiento entre los estudiantes de la Comunidad a trav\u00e9s del ejemplo de la empresa familiar.<\/p>\n<p>En sendas charlas ofrecidas en el CEIP La Ladera de Carbajosa de la Sagrada y el en Colegio Calasanz de Salamanca los d\u00edas 15 y 23 de marzo, el directivo de C\u00e1rnicas Iglesias, <strong>Francisco Iglesias Gil<\/strong>, narr\u00f3 a cerca de un centenar de estudiantes de 5\u00ba y 6\u00ba de Primaria la historia de su empresa familiar, fundada en 1928 por su bisabuelo, <strong>Francisco Iglesias Escribano<\/strong>, y que actualmente se encuentra en cuarta generaci\u00f3n.<\/p>\n<p>Destac\u00f3 la importancia que han tenido en esta larga trayectoria valores como el emprendimiento, el esfuerzo, el compromiso, la calidad, la innovaci\u00f3n y el arraigo, lo que se demuestra en la apuesta de la empresa por <strong>continuar con su actividad en su localidad de origen, Santa Marta de Tormes<\/strong>, donde sigue dedicada desde entonces a la fabricaci\u00f3n, comercializaci\u00f3n y distribuci\u00f3n de productos elaborados derivados del cerdo.<\/p>\n<p>Adem\u00e1s, C\u00e1rnicas Iglesias tambi\u00e9n tiene otra moderna f\u00e1brica en la localidad de Mor\u00ed\u00f1igo dedicada en exclusiva a la producci\u00f3n de jamones y paletas y cuyas <strong>instalaciones<\/strong> conocieron los alumnos esta semana en sendas visitas para comprobar en persona la forma de trabajo de esta empresa.<\/p>\n<p>&nbsp;<\/p>\n<p><img loading=\"lazy\" decoding=\"async\" class=\"alignnone size-full \" src=\"https:\/\/www.carnicasiglesias.com\/wp-content\/uploads\/2022\/03\/foto1.jpg\" alt=\"\" width=\"1140\" height=\"856\" \/><\/p>\n<p><img loading=\"lazy\" decoding=\"async\" class=\"alignnone size-full \" src=\"https:\/\/www.carnicasiglesias.com\/wp-content\/uploads\/2022\/03\/foto2.jpg\" alt=\"\" width=\"1140\" height=\"856\" \/><\/p>\n<p><img loading=\"lazy\" decoding=\"async\" class=\"alignnone size-full wp-image-2929\" src=\"https:\/\/www.carnicasiglesias.com\/wp-content\/uploads\/2022\/03\/foto3.jpg\" alt=\"\" width=\"1140\" height=\"857\" srcset=\"https:\/\/www.carnicasiglesias.com\/wp-content\/uploads\/2022\/03\/foto3.jpg 1140w, https:\/\/www.carnicasiglesias.com\/wp-content\/uploads\/2022\/03\/foto3-300x226.jpg 300w, https:\/\/www.carnicasiglesias.com\/wp-content\/uploads\/2022\/03\/foto3-768x577.jpg 768w, https:\/\/www.carnicasiglesias.com\/wp-content\/uploads\/2022\/03\/foto3-1024x770.jpg 1024w\" sizes=\"auto, (max-width: 767px) 89vw, (max-width: 1000px) 54vw, (max-width: 1071px) 543px, 580px\" \/><\/p>\n<p><img loading=\"lazy\" decoding=\"async\" class=\"alignnone size-full wp-image-2934\" src=\"https:\/\/www.carnicasiglesias.com\/wp-content\/uploads\/2022\/03\/foto4.jpg\" alt=\"\" width=\"1140\" height=\"854\" srcset=\"https:\/\/www.carnicasiglesias.com\/wp-content\/uploads\/2022\/03\/foto4.jpg 1140w, https:\/\/www.carnicasiglesias.com\/wp-content\/uploads\/2022\/03\/foto4-300x225.jpg 300w, https:\/\/www.carnicasiglesias.com\/wp-content\/uploads\/2022\/03\/foto4-768x575.jpg 768w, https:\/\/www.carnicasiglesias.com\/wp-content\/uploads\/2022\/03\/foto4-1024x767.jpg 1024w\" sizes=\"auto, (max-width: 767px) 89vw, (max-width: 1000px) 54vw, (max-width: 1071px) 543px, 580px\" \/><\/p>\n<p><img loading=\"lazy\" decoding=\"async\" class=\"alignnone size-full wp-image-2939\" src=\"https:\/\/www.carnicasiglesias.com\/wp-content\/uploads\/2022\/03\/foto5.jpg\" alt=\"\" width=\"1140\" height=\"855\" srcset=\"https:\/\/www.carnicasiglesias.com\/wp-content\/uploads\/2022\/03\/foto5.jpg 1140w, https:\/\/www.carnicasiglesias.com\/wp-content\/uploads\/2022\/03\/foto5-300x225.jpg 300w, https:\/\/www.carnicasiglesias.com\/wp-content\/uploads\/2022\/03\/foto5-768x576.jpg 768w, https:\/\/www.carnicasiglesias.com\/wp-content\/uploads\/2022\/03\/foto5-1024x768.jpg 1024w\" sizes=\"auto, (max-width: 767px) 89vw, (max-width: 1000px) 54vw, (max-width: 1071px) 543px, 580px\" \/><\/p>\n<p><img loading=\"lazy\" decoding=\"async\" class=\"alignnone size-full wp-image-2902\" src=\"https:\/\/www.carnicasiglesias.com\/wp-content\/uploads\/2022\/03\/calasanza.jpg\" alt=\"\" width=\"2048\" height=\"1537\" srcset=\"https:\/\/www.carnicasiglesias.com\/wp-content\/uploads\/2022\/03\/calasanza.jpg 2048w, https:\/\/www.carnicasiglesias.com\/wp-content\/uploads\/2022\/03\/calasanza-300x225.jpg 300w, https:\/\/www.carnicasiglesias.com\/wp-content\/uploads\/2022\/03\/calasanza-768x576.jpg 768w, https:\/\/www.carnicasiglesias.com\/wp-content\/uploads\/2022\/03\/calasanza-1024x769.jpg 1024w\" sizes=\"auto, (max-width: 767px) 89vw, (max-width: 1000px) 54vw, (max-width: 1071px) 543px, 580px\" \/><\/p>\n<p><img loading=\"lazy\" decoding=\"async\" class=\"alignnone size-full wp-image-2898\" src=\"https:\/\/www.carnicasiglesias.com\/wp-content\/uploads\/2022\/03\/calasanz1.jpg\" alt=\"\" width=\"2048\" height=\"1537\" srcset=\"https:\/\/www.carnicasiglesias.com\/wp-content\/uploads\/2022\/03\/calasanz1.jpg 2048w, https:\/\/www.carnicasiglesias.com\/wp-content\/uploads\/2022\/03\/calasanz1-300x225.jpg 300w, https:\/\/www.carnicasiglesias.com\/wp-content\/uploads\/2022\/03\/calasanz1-768x576.jpg 768w, https:\/\/www.carnicasiglesias.com\/wp-content\/uploads\/2022\/03\/calasanz1-1024x769.jpg 1024w\" sizes=\"auto, (max-width: 767px) 89vw, (max-width: 1000px) 54vw, (max-width: 1071px) 543px, 580px\" \/><\/p>\n","protected":false},"excerpt":{"rendered":"<p>Alrededor de 120 estudiantes salmantinos han participado junto a la empresa C\u00e1rnicas Iglesias en la cuarta edici\u00f3n del Programa \u201cEmpresa Familiar en las aulas\u201d, impulsado por la asociaci\u00f3n Empresa Familiar de Castilla y Le\u00f3n (EFCL) con la colaboraci\u00f3n de la Consejer\u00eda de Educaci\u00f3n. Los estudiantes, pertenecientes a tres centros educativos de la provincia, han podido &hellip; <\/p>\n<p class=\"link-more\"><a href=\"https:\/\/www.carnicasiglesias.com\/fr\/noticias\/programa-empresa-familiar-en-las-aulas-carnicas-iglesias-abre-las-puertas-del-emprendimiento-a-mas-de-un-centenar-alumnos-salmantinos\/\" class=\"more-link\">Continue reading<span class=\"screen-reader-text\"> \u00ab\u00a0PROGRAMA \u201cEMPRESA FAMILIAR EN LAS AULAS\u201d: C\u00c1RNICAS IGLESIAS ABRE LAS PUERTAS DEL EMPRENDIMIENTO A M\u00c1S DE UN CENTENAR ALUMNOS SALMANTINOS\u00a0\u00bb<\/span><\/a><\/p>\n","protected":false},"author":1,"featured_media":2906,"comment_status":"open","ping_status":"open","sticky":false,"template":"","format":"standard","meta":{"_acf_changed":false,"footnotes":""},"categories":[9],"tags":[],"class_list":["post-2877","post","type-post","status-publish","format-standard","has-post-thumbnail","hentry","category-noticias"],"acf":[],"yoast_head":"<!-- This site is optimized with the Yoast SEO plugin v24.8.1 - https:\/\/yoast.com\/wordpress\/plugins\/seo\/ -->\n<title>PROGRAMA \u201cEMPRESA FAMILIAR EN LAS AULAS\u201d: C\u00c1RNICAS IGLESIAS ABRE LAS PUERTAS DEL EMPRENDIMIENTO A M\u00c1S DE UN CENTENAR ALUMNOS SALMANTINOS | C\u00e1rnicas Iglesias<\/title>\n<meta name=\"description\" content=\"P\u00e1gina de PROGRAMA \u201cEMPRESA FAMILIAR EN LAS AULAS\u201d: C\u00c1RNICAS IGLESIAS ABRE LAS PUERTAS DEL EMPRENDIMIENTO A M\u00c1S DE UN CENTENAR ALUMNOS SALMANTINOS en la cual se encuentra la ficha del producto.\" \/>\n<meta name=\"robots\" content=\"index, follow, max-snippet:-1, max-image-preview:large, max-video-preview:-1\" \/>\n<link rel=\"canonical\" href=\"https:\/\/www.carnicasiglesias.com\/noticias\/programa-empresa-familiar-en-las-aulas-carnicas-iglesias-abre-las-puertas-del-emprendimiento-a-mas-de-un-centenar-alumnos-salmantinos\/\" \/>\n<meta property=\"og:locale\" content=\"fr_FR\" \/>\n<meta property=\"og:type\" content=\"article\" \/>\n<meta property=\"og:title\" content=\"PROGRAMA \u201cEMPRESA FAMILIAR EN LAS AULAS\u201d: C\u00c1RNICAS IGLESIAS ABRE LAS PUERTAS DEL EMPRENDIMIENTO A M\u00c1S DE UN CENTENAR ALUMNOS SALMANTINOS | C\u00e1rnicas Iglesias\" \/>\n<meta property=\"og:description\" content=\"P\u00e1gina de PROGRAMA \u201cEMPRESA FAMILIAR EN LAS AULAS\u201d: C\u00c1RNICAS IGLESIAS ABRE LAS PUERTAS DEL EMPRENDIMIENTO A M\u00c1S DE UN CENTENAR ALUMNOS SALMANTINOS en la cual se encuentra la ficha del producto.\" \/>\n<meta property=\"og:url\" content=\"https:\/\/www.carnicasiglesias.com\/noticias\/programa-empresa-familiar-en-las-aulas-carnicas-iglesias-abre-las-puertas-del-emprendimiento-a-mas-de-un-centenar-alumnos-salmantinos\/\" \/>\n<meta property=\"og:site_name\" content=\"C\u00e1rnicas Iglesias\" \/>\n<meta property=\"article:published_time\" content=\"2022-03-31T08:21:13+00:00\" \/>\n<meta property=\"article:modified_time\" content=\"2022-09-05T10:05:15+00:00\" \/>\n<meta property=\"og:image\" content=\"https:\/\/www.carnicasiglesias.com\/wp-content\/uploads\/2022\/03\/IMG_2394.jpg\" \/>\n\t<meta property=\"og:image:width\" content=\"4032\" \/>\n\t<meta property=\"og:image:height\" content=\"3024\" \/>\n\t<meta property=\"og:image:type\" content=\"image\/jpeg\" \/>\n<meta name=\"author\" content=\"wcarigle\" \/>\n<meta name=\"twitter:card\" content=\"summary_large_image\" \/>\n<meta name=\"twitter:label1\" content=\"\u00c9crit par\" \/>\n\t<meta name=\"twitter:data1\" content=\"wcarigle\" \/>\n\t<meta name=\"twitter:label2\" content=\"Dur\u00e9e de lecture estim\u00e9e\" \/>\n\t<meta name=\"twitter:data2\" content=\"1 minute\" \/>\n<script type=\"application\/ld+json\" class=\"yoast-schema-graph\">{\"@context\":\"https:\/\/schema.org\",\"@graph\":[{\"@type\":\"WebPage\",\"@id\":\"https:\/\/www.carnicasiglesias.com\/noticias\/programa-empresa-familiar-en-las-aulas-carnicas-iglesias-abre-las-puertas-del-emprendimiento-a-mas-de-un-centenar-alumnos-salmantinos\/\",\"url\":\"https:\/\/www.carnicasiglesias.com\/noticias\/programa-empresa-familiar-en-las-aulas-carnicas-iglesias-abre-las-puertas-del-emprendimiento-a-mas-de-un-centenar-alumnos-salmantinos\/\",\"name\":\"PROGRAMA \u201cEMPRESA FAMILIAR EN LAS AULAS\u201d: C\u00c1RNICAS IGLESIAS ABRE LAS PUERTAS DEL EMPRENDIMIENTO A M\u00c1S DE UN CENTENAR ALUMNOS SALMANTINOS | C\u00e1rnicas Iglesias\",\"isPartOf\":{\"@id\":\"https:\/\/www.carnicasiglesias.com\/#website\"},\"primaryImageOfPage\":{\"@id\":\"https:\/\/www.carnicasiglesias.com\/noticias\/programa-empresa-familiar-en-las-aulas-carnicas-iglesias-abre-las-puertas-del-emprendimiento-a-mas-de-un-centenar-alumnos-salmantinos\/#primaryimage\"},\"image\":{\"@id\":\"https:\/\/www.carnicasiglesias.com\/noticias\/programa-empresa-familiar-en-las-aulas-carnicas-iglesias-abre-las-puertas-del-emprendimiento-a-mas-de-un-centenar-alumnos-salmantinos\/#primaryimage\"},\"thumbnailUrl\":\"https:\/\/www.carnicasiglesias.com\/wp-content\/uploads\/2022\/03\/IMG_2394.jpg\",\"datePublished\":\"2022-03-31T08:21:13+00:00\",\"dateModified\":\"2022-09-05T10:05:15+00:00\",\"author\":{\"@id\":\"https:\/\/www.carnicasiglesias.com\/#\/schema\/person\/aaaf7d4dc5dc4bbfeb2f346eb04801eb\"},\"description\":\"P\u00e1gina de PROGRAMA \u201cEMPRESA FAMILIAR EN LAS AULAS\u201d: C\u00c1RNICAS IGLESIAS ABRE LAS PUERTAS DEL EMPRENDIMIENTO A M\u00c1S DE UN CENTENAR ALUMNOS SALMANTINOS en la cual se encuentra la ficha del producto.\",\"breadcrumb\":{\"@id\":\"https:\/\/www.carnicasiglesias.com\/noticias\/programa-empresa-familiar-en-las-aulas-carnicas-iglesias-abre-las-puertas-del-emprendimiento-a-mas-de-un-centenar-alumnos-salmantinos\/#breadcrumb\"},\"inLanguage\":\"fr-FR\",\"potentialAction\":[{\"@type\":\"ReadAction\",\"target\":[\"https:\/\/www.carnicasiglesias.com\/noticias\/programa-empresa-familiar-en-las-aulas-carnicas-iglesias-abre-las-puertas-del-emprendimiento-a-mas-de-un-centenar-alumnos-salmantinos\/\"]}]},{\"@type\":\"ImageObject\",\"inLanguage\":\"fr-FR\",\"@id\":\"https:\/\/www.carnicasiglesias.com\/noticias\/programa-empresa-familiar-en-las-aulas-carnicas-iglesias-abre-las-puertas-del-emprendimiento-a-mas-de-un-centenar-alumnos-salmantinos\/#primaryimage\",\"url\":\"https:\/\/www.carnicasiglesias.com\/wp-content\/uploads\/2022\/03\/IMG_2394.jpg\",\"contentUrl\":\"https:\/\/www.carnicasiglesias.com\/wp-content\/uploads\/2022\/03\/IMG_2394.jpg\",\"width\":4032,\"height\":3024},{\"@type\":\"BreadcrumbList\",\"@id\":\"https:\/\/www.carnicasiglesias.com\/noticias\/programa-empresa-familiar-en-las-aulas-carnicas-iglesias-abre-las-puertas-del-emprendimiento-a-mas-de-un-centenar-alumnos-salmantinos\/#breadcrumb\",\"itemListElement\":[{\"@type\":\"ListItem\",\"position\":1,\"name\":\"Portada\",\"item\":\"https:\/\/www.carnicasiglesias.com\/fr\/\"},{\"@type\":\"ListItem\",\"position\":2,\"name\":\"PROGRAMA \u201cEMPRESA FAMILIAR EN LAS AULAS\u201d: C\u00c1RNICAS IGLESIAS ABRE LAS PUERTAS DEL EMPRENDIMIENTO A M\u00c1S DE UN CENTENAR ALUMNOS SALMANTINOS\"}]},{\"@type\":\"WebSite\",\"@id\":\"https:\/\/www.carnicasiglesias.com\/#website\",\"url\":\"https:\/\/www.carnicasiglesias.com\/\",\"name\":\"C\u00e1rnicas Iglesias\",\"description\":\"P\u00e1gina web de C\u00e1rnicas Iglesias\",\"potentialAction\":[{\"@type\":\"SearchAction\",\"target\":{\"@type\":\"EntryPoint\",\"urlTemplate\":\"https:\/\/www.carnicasiglesias.com\/?s={search_term_string}\"},\"query-input\":{\"@type\":\"PropertyValueSpecification\",\"valueRequired\":true,\"valueName\":\"search_term_string\"}}],\"inLanguage\":\"fr-FR\"},{\"@type\":\"Person\",\"@id\":\"https:\/\/www.carnicasiglesias.com\/#\/schema\/person\/aaaf7d4dc5dc4bbfeb2f346eb04801eb\",\"name\":\"wcarigle\",\"image\":{\"@type\":\"ImageObject\",\"inLanguage\":\"fr-FR\",\"@id\":\"https:\/\/www.carnicasiglesias.com\/#\/schema\/person\/image\/\",\"url\":\"https:\/\/secure.gravatar.com\/avatar\/c508261c9bb726f239f6caae30854a8c?s=96&d=mm&r=g\",\"contentUrl\":\"https:\/\/secure.gravatar.com\/avatar\/c508261c9bb726f239f6caae30854a8c?s=96&d=mm&r=g\",\"caption\":\"wcarigle\"}}]}<\/script>\n<!-- \/ Yoast SEO plugin. -->","yoast_head_json":{"title":"PROGRAMA \u201cEMPRESA FAMILIAR EN LAS AULAS\u201d: C\u00c1RNICAS IGLESIAS ABRE LAS PUERTAS DEL EMPRENDIMIENTO A M\u00c1S DE UN CENTENAR ALUMNOS SALMANTINOS | C\u00e1rnicas Iglesias","description":"P\u00e1gina de PROGRAMA \u201cEMPRESA FAMILIAR EN LAS AULAS\u201d: C\u00c1RNICAS IGLESIAS ABRE LAS PUERTAS DEL EMPRENDIMIENTO A M\u00c1S DE UN CENTENAR ALUMNOS SALMANTINOS en la cual se encuentra la ficha del producto.","robots":{"index":"index","follow":"follow","max-snippet":"max-snippet:-1","max-image-preview":"max-image-preview:large","max-video-preview":"max-video-preview:-1"},"canonical":"https:\/\/www.carnicasiglesias.com\/noticias\/programa-empresa-familiar-en-las-aulas-carnicas-iglesias-abre-las-puertas-del-emprendimiento-a-mas-de-un-centenar-alumnos-salmantinos\/","og_locale":"fr_FR","og_type":"article","og_title":"PROGRAMA \u201cEMPRESA FAMILIAR EN LAS AULAS\u201d: C\u00c1RNICAS IGLESIAS ABRE LAS PUERTAS DEL EMPRENDIMIENTO A M\u00c1S DE UN CENTENAR ALUMNOS SALMANTINOS | C\u00e1rnicas Iglesias","og_description":"P\u00e1gina de PROGRAMA \u201cEMPRESA FAMILIAR EN LAS AULAS\u201d: C\u00c1RNICAS IGLESIAS ABRE LAS PUERTAS DEL EMPRENDIMIENTO A M\u00c1S DE UN CENTENAR ALUMNOS SALMANTINOS en la cual se encuentra la ficha del producto.","og_url":"https:\/\/www.carnicasiglesias.com\/noticias\/programa-empresa-familiar-en-las-aulas-carnicas-iglesias-abre-las-puertas-del-emprendimiento-a-mas-de-un-centenar-alumnos-salmantinos\/","og_site_name":"C\u00e1rnicas Iglesias","article_published_time":"2022-03-31T08:21:13+00:00","article_modified_time":"2022-09-05T10:05:15+00:00","og_image":[{"width":4032,"height":3024,"url":"https:\/\/www.carnicasiglesias.com\/wp-content\/uploads\/2022\/03\/IMG_2394.jpg","type":"image\/jpeg"}],"author":"wcarigle","twitter_card":"summary_large_image","twitter_misc":{"\u00c9crit par":"wcarigle","Dur\u00e9e de lecture estim\u00e9e":"1 minute"},"schema":{"@context":"https:\/\/schema.org","@graph":[{"@type":"WebPage","@id":"https:\/\/www.carnicasiglesias.com\/noticias\/programa-empresa-familiar-en-las-aulas-carnicas-iglesias-abre-las-puertas-del-emprendimiento-a-mas-de-un-centenar-alumnos-salmantinos\/","url":"https:\/\/www.carnicasiglesias.com\/noticias\/programa-empresa-familiar-en-las-aulas-carnicas-iglesias-abre-las-puertas-del-emprendimiento-a-mas-de-un-centenar-alumnos-salmantinos\/","name":"PROGRAMA \u201cEMPRESA FAMILIAR EN LAS AULAS\u201d: C\u00c1RNICAS IGLESIAS ABRE LAS PUERTAS DEL EMPRENDIMIENTO A M\u00c1S DE UN CENTENAR ALUMNOS SALMANTINOS | C\u00e1rnicas Iglesias","isPartOf":{"@id":"https:\/\/www.carnicasiglesias.com\/#website"},"primaryImageOfPage":{"@id":"https:\/\/www.carnicasiglesias.com\/noticias\/programa-empresa-familiar-en-las-aulas-carnicas-iglesias-abre-las-puertas-del-emprendimiento-a-mas-de-un-centenar-alumnos-salmantinos\/#primaryimage"},"image":{"@id":"https:\/\/www.carnicasiglesias.com\/noticias\/programa-empresa-familiar-en-las-aulas-carnicas-iglesias-abre-las-puertas-del-emprendimiento-a-mas-de-un-centenar-alumnos-salmantinos\/#primaryimage"},"thumbnailUrl":"https:\/\/www.carnicasiglesias.com\/wp-content\/uploads\/2022\/03\/IMG_2394.jpg","datePublished":"2022-03-31T08:21:13+00:00","dateModified":"2022-09-05T10:05:15+00:00","author":{"@id":"https:\/\/www.carnicasiglesias.com\/#\/schema\/person\/aaaf7d4dc5dc4bbfeb2f346eb04801eb"},"description":"P\u00e1gina de PROGRAMA \u201cEMPRESA FAMILIAR EN LAS AULAS\u201d: C\u00c1RNICAS IGLESIAS ABRE LAS PUERTAS DEL EMPRENDIMIENTO A M\u00c1S DE UN CENTENAR ALUMNOS SALMANTINOS en la cual se encuentra la ficha del producto.","breadcrumb":{"@id":"https:\/\/www.carnicasiglesias.com\/noticias\/programa-empresa-familiar-en-las-aulas-carnicas-iglesias-abre-las-puertas-del-emprendimiento-a-mas-de-un-centenar-alumnos-salmantinos\/#breadcrumb"},"inLanguage":"fr-FR","potentialAction":[{"@type":"ReadAction","target":["https:\/\/www.carnicasiglesias.com\/noticias\/programa-empresa-familiar-en-las-aulas-carnicas-iglesias-abre-las-puertas-del-emprendimiento-a-mas-de-un-centenar-alumnos-salmantinos\/"]}]},{"@type":"ImageObject","inLanguage":"fr-FR","@id":"https:\/\/www.carnicasiglesias.com\/noticias\/programa-empresa-familiar-en-las-aulas-carnicas-iglesias-abre-las-puertas-del-emprendimiento-a-mas-de-un-centenar-alumnos-salmantinos\/#primaryimage","url":"https:\/\/www.carnicasiglesias.com\/wp-content\/uploads\/2022\/03\/IMG_2394.jpg","contentUrl":"https:\/\/www.carnicasiglesias.com\/wp-content\/uploads\/2022\/03\/IMG_2394.jpg","width":4032,"height":3024},{"@type":"BreadcrumbList","@id":"https:\/\/www.carnicasiglesias.com\/noticias\/programa-empresa-familiar-en-las-aulas-carnicas-iglesias-abre-las-puertas-del-emprendimiento-a-mas-de-un-centenar-alumnos-salmantinos\/#breadcrumb","itemListElement":[{"@type":"ListItem","position":1,"name":"Portada","item":"https:\/\/www.carnicasiglesias.com\/fr\/"},{"@type":"ListItem","position":2,"name":"PROGRAMA \u201cEMPRESA FAMILIAR EN LAS AULAS\u201d: C\u00c1RNICAS IGLESIAS ABRE LAS PUERTAS DEL EMPRENDIMIENTO A M\u00c1S DE UN CENTENAR ALUMNOS SALMANTINOS"}]},{"@type":"WebSite","@id":"https:\/\/www.carnicasiglesias.com\/#website","url":"https:\/\/www.carnicasiglesias.com\/","name":"C\u00e1rnicas Iglesias","description":"P\u00e1gina web de C\u00e1rnicas Iglesias","potentialAction":[{"@type":"SearchAction","target":{"@type":"EntryPoint","urlTemplate":"https:\/\/www.carnicasiglesias.com\/?s={search_term_string}"},"query-input":{"@type":"PropertyValueSpecification","valueRequired":true,"valueName":"search_term_string"}}],"inLanguage":"fr-FR"},{"@type":"Person","@id":"https:\/\/www.carnicasiglesias.com\/#\/schema\/person\/aaaf7d4dc5dc4bbfeb2f346eb04801eb","name":"wcarigle","image":{"@type":"ImageObject","inLanguage":"fr-FR","@id":"https:\/\/www.carnicasiglesias.com\/#\/schema\/person\/image\/","url":"https:\/\/secure.gravatar.com\/avatar\/c508261c9bb726f239f6caae30854a8c?s=96&d=mm&r=g","contentUrl":"https:\/\/secure.gravatar.com\/avatar\/c508261c9bb726f239f6caae30854a8c?s=96&d=mm&r=g","caption":"wcarigle"}}]}},"_links":{"self":[{"href":"https:\/\/www.carnicasiglesias.com\/fr\/wp-json\/wp\/v2\/posts\/2877","targetHints":{"allow":["GET"]}}],"collection":[{"href":"https:\/\/www.carnicasiglesias.com\/fr\/wp-json\/wp\/v2\/posts"}],"about":[{"href":"https:\/\/www.carnicasiglesias.com\/fr\/wp-json\/wp\/v2\/types\/post"}],"author":[{"embeddable":true,"href":"https:\/\/www.carnicasiglesias.com\/fr\/wp-json\/wp\/v2\/users\/1"}],"replies":[{"embeddable":true,"href":"https:\/\/www.carnicasiglesias.com\/fr\/wp-json\/wp\/v2\/comments?post=2877"}],"version-history":[{"count":17,"href":"https:\/\/www.carnicasiglesias.com\/fr\/wp-json\/wp\/v2\/posts\/2877\/revisions"}],"predecessor-version":[{"id":3009,"href":"https:\/\/www.carnicasiglesias.com\/fr\/wp-json\/wp\/v2\/posts\/2877\/revisions\/3009"}],"wp:featuredmedia":[{"embeddable":true,"href":"https:\/\/www.carnicasiglesias.com\/fr\/wp-json\/wp\/v2\/media\/2906"}],"wp:attachment":[{"href":"https:\/\/www.carnicasiglesias.com\/fr\/wp-json\/wp\/v2\/media?parent=2877"}],"wp:term":[{"taxonomy":"category","embeddable":true,"href":"https:\/\/www.carnicasiglesias.com\/fr\/wp-json\/wp\/v2\/categories?post=2877"},{"taxonomy":"post_tag","embeddable":true,"href":"https:\/\/www.carnicasiglesias.com\/fr\/wp-json\/wp\/v2\/tags?post=2877"}],"curies":[{"name":"wp","href":"https:\/\/api.w.org\/{rel}","templated":true}]}}