{"id":3171,"date":"2023-04-13T10:46:12","date_gmt":"2023-04-13T08:46:12","guid":{"rendered":"https:\/\/www.carnicasiglesias.com\/?p=3171"},"modified":"2023-04-13T10:50:22","modified_gmt":"2023-04-13T08:50:22","slug":"carnicas-iglesias-lleva-el-emprendimiento-a-los-alumnos-del-colegio-calasanz-de-salamanca","status":"publish","type":"post","link":"https:\/\/www.carnicasiglesias.com\/fr\/noticias\/carnicas-iglesias-lleva-el-emprendimiento-a-los-alumnos-del-colegio-calasanz-de-salamanca\/","title":{"rendered":"C\u00c1RNICAS IGLESIAS LLEVA EL EMPRENDIMIENTO A LOS ALUMNOS DEL COLEGIO CALASANZ DE SALAMANCA"},"content":{"rendered":"<p>El programa de fomento del emprendimiento \u201cEmpresa Familiar en las aulas\u201d impulsado por Empresa Familiar de Castilla y Le\u00f3n (EFCL) con la Consejer\u00eda de Educaci\u00f3n ha continuado este y el pasado mes con sus actividades en Salamanca, primero con la charla ofrecida por \u00c1lvaro Iglesias Gil, en el Colegio Calasanz el pasado 29 de marzo.<\/p>\n<p>En ella, el empresario traslad\u00f3 a estudiantes de 6\u00ba de Primaria la importancia de valores como el emprendimiento, el esfuerzo, el compromiso y el arraigo a trav\u00e9s del ejemplo de la larga trayectoria de la empresa de su familia.<\/p>\n<p>Como continuaci\u00f3n del programa y para completar la actividad, los alumnos del Colegio Calasanz visitaron ayer mi\u00e9rcoles 12 de abril la f\u00e1brica de C\u00e1rnicas Iglesias en Mor\u00ed\u00f1igo, donde pudieron conocer en persona la forma de trabajo de la empresa.<\/p>\n<p><img loading=\"lazy\" decoding=\"async\" src=\"https:\/\/www.carnicasiglesias.com\/wp-content\/uploads\/2023\/04\/79075dce-edb7-4bf0-8c1c-30e2850ffdef.jpg\" alt=\"\" width=\"1600\" height=\"1201\" class=\"alignnone size-full wp-image-3172\" srcset=\"https:\/\/www.carnicasiglesias.com\/wp-content\/uploads\/2023\/04\/79075dce-edb7-4bf0-8c1c-30e2850ffdef.jpg 1600w, https:\/\/www.carnicasiglesias.com\/wp-content\/uploads\/2023\/04\/79075dce-edb7-4bf0-8c1c-30e2850ffdef-300x225.jpg 300w, https:\/\/www.carnicasiglesias.com\/wp-content\/uploads\/2023\/04\/79075dce-edb7-4bf0-8c1c-30e2850ffdef-768x576.jpg 768w, https:\/\/www.carnicasiglesias.com\/wp-content\/uploads\/2023\/04\/79075dce-edb7-4bf0-8c1c-30e2850ffdef-1024x769.jpg 1024w\" sizes=\"auto, (max-width: 767px) 89vw, (max-width: 1000px) 54vw, (max-width: 1071px) 543px, 580px\" \/><br \/>\n<img loading=\"lazy\" decoding=\"async\" src=\"https:\/\/www.carnicasiglesias.com\/wp-content\/uploads\/2023\/04\/afbea9c9-24e2-456c-b648-50655cc76f9a.jpg\" alt=\"\" width=\"1600\" height=\"1197\" class=\"alignnone size-full wp-image-3176\" srcset=\"https:\/\/www.carnicasiglesias.com\/wp-content\/uploads\/2023\/04\/afbea9c9-24e2-456c-b648-50655cc76f9a.jpg 1600w, https:\/\/www.carnicasiglesias.com\/wp-content\/uploads\/2023\/04\/afbea9c9-24e2-456c-b648-50655cc76f9a-300x224.jpg 300w, https:\/\/www.carnicasiglesias.com\/wp-content\/uploads\/2023\/04\/afbea9c9-24e2-456c-b648-50655cc76f9a-768x575.jpg 768w, https:\/\/www.carnicasiglesias.com\/wp-content\/uploads\/2023\/04\/afbea9c9-24e2-456c-b648-50655cc76f9a-1024x766.jpg 1024w\" sizes=\"auto, (max-width: 767px) 89vw, (max-width: 1000px) 54vw, (max-width: 1071px) 543px, 580px\" \/><br \/>\n<img loading=\"lazy\" decoding=\"async\" src=\"https:\/\/www.carnicasiglesias.com\/wp-content\/uploads\/2023\/04\/e3ee73c1-362a-4c88-b4f1-640b289ec7d5.jpg\" alt=\"\" width=\"1600\" height=\"1197\" class=\"alignnone size-full wp-image-3184\" srcset=\"https:\/\/www.carnicasiglesias.com\/wp-content\/uploads\/2023\/04\/e3ee73c1-362a-4c88-b4f1-640b289ec7d5.jpg 1600w, https:\/\/www.carnicasiglesias.com\/wp-content\/uploads\/2023\/04\/e3ee73c1-362a-4c88-b4f1-640b289ec7d5-300x224.jpg 300w, https:\/\/www.carnicasiglesias.com\/wp-content\/uploads\/2023\/04\/e3ee73c1-362a-4c88-b4f1-640b289ec7d5-768x575.jpg 768w, https:\/\/www.carnicasiglesias.com\/wp-content\/uploads\/2023\/04\/e3ee73c1-362a-4c88-b4f1-640b289ec7d5-1024x766.jpg 1024w\" sizes=\"auto, (max-width: 767px) 89vw, (max-width: 1000px) 54vw, (max-width: 1071px) 543px, 580px\" \/><br \/>\n<img loading=\"lazy\" decoding=\"async\" src=\"https:\/\/www.carnicasiglesias.com\/wp-content\/uploads\/2023\/04\/e743405f-0f89-4ee9-bc4b-4a3a76dce661.jpg\" alt=\"\" width=\"1536\" height=\"2048\" class=\"alignnone size-full wp-image-3188\" srcset=\"https:\/\/www.carnicasiglesias.com\/wp-content\/uploads\/2023\/04\/e743405f-0f89-4ee9-bc4b-4a3a76dce661.jpg 1536w, https:\/\/www.carnicasiglesias.com\/wp-content\/uploads\/2023\/04\/e743405f-0f89-4ee9-bc4b-4a3a76dce661-225x300.jpg 225w, https:\/\/www.carnicasiglesias.com\/wp-content\/uploads\/2023\/04\/e743405f-0f89-4ee9-bc4b-4a3a76dce661-768x1024.jpg 768w\" sizes=\"auto, (max-width: 767px) 89vw, (max-width: 1000px) 54vw, (max-width: 1071px) 543px, 580px\" \/><br \/>\n<img loading=\"lazy\" decoding=\"async\" src=\"https:\/\/www.carnicasiglesias.com\/wp-content\/uploads\/2023\/04\/0b612135-5fce-4be1-a255-f958657cc6fb.jpg\" alt=\"\" width=\"1500\" height=\"2000\" class=\"alignnone size-full wp-image-3192\" srcset=\"https:\/\/www.carnicasiglesias.com\/wp-content\/uploads\/2023\/04\/0b612135-5fce-4be1-a255-f958657cc6fb.jpg 1500w, https:\/\/www.carnicasiglesias.com\/wp-content\/uploads\/2023\/04\/0b612135-5fce-4be1-a255-f958657cc6fb-225x300.jpg 225w, https:\/\/www.carnicasiglesias.com\/wp-content\/uploads\/2023\/04\/0b612135-5fce-4be1-a255-f958657cc6fb-768x1024.jpg 768w\" sizes=\"auto, (max-width: 767px) 89vw, (max-width: 1000px) 54vw, (max-width: 1071px) 543px, 580px\" \/><br \/>\n<img loading=\"lazy\" decoding=\"async\" src=\"https:\/\/www.carnicasiglesias.com\/wp-content\/uploads\/2023\/04\/26f1156c-95fe-4120-b39c-defd56cfe991.jpg\" alt=\"\" width=\"1600\" height=\"1197\" class=\"alignnone size-full wp-image-3196\" srcset=\"https:\/\/www.carnicasiglesias.com\/wp-content\/uploads\/2023\/04\/26f1156c-95fe-4120-b39c-defd56cfe991.jpg 1600w, https:\/\/www.carnicasiglesias.com\/wp-content\/uploads\/2023\/04\/26f1156c-95fe-4120-b39c-defd56cfe991-300x224.jpg 300w, https:\/\/www.carnicasiglesias.com\/wp-content\/uploads\/2023\/04\/26f1156c-95fe-4120-b39c-defd56cfe991-768x575.jpg 768w, https:\/\/www.carnicasiglesias.com\/wp-content\/uploads\/2023\/04\/26f1156c-95fe-4120-b39c-defd56cfe991-1024x766.jpg 1024w\" sizes=\"auto, (max-width: 767px) 89vw, (max-width: 1000px) 54vw, (max-width: 1071px) 543px, 580px\" \/><br \/>\n<img loading=\"lazy\" decoding=\"async\" src=\"https:\/\/www.carnicasiglesias.com\/wp-content\/uploads\/2023\/04\/928f8c61-ee5f-4c3b-bef8-f0511571d68d.jpg\" alt=\"\" width=\"2048\" height=\"1536\" class=\"alignnone size-full wp-image-3200\" srcset=\"https:\/\/www.carnicasiglesias.com\/wp-content\/uploads\/2023\/04\/928f8c61-ee5f-4c3b-bef8-f0511571d68d.jpg 2048w, https:\/\/www.carnicasiglesias.com\/wp-content\/uploads\/2023\/04\/928f8c61-ee5f-4c3b-bef8-f0511571d68d-300x225.jpg 300w, https:\/\/www.carnicasiglesias.com\/wp-content\/uploads\/2023\/04\/928f8c61-ee5f-4c3b-bef8-f0511571d68d-768x576.jpg 768w, https:\/\/www.carnicasiglesias.com\/wp-content\/uploads\/2023\/04\/928f8c61-ee5f-4c3b-bef8-f0511571d68d-1024x768.jpg 1024w\" sizes=\"auto, (max-width: 767px) 89vw, (max-width: 1000px) 54vw, (max-width: 1071px) 543px, 580px\" \/><\/p>\n","protected":false},"excerpt":{"rendered":"<p>El programa de fomento del emprendimiento \u201cEmpresa Familiar en las aulas\u201d impulsado por Empresa Familiar de Castilla y Le\u00f3n (EFCL) con la Consejer\u00eda de Educaci\u00f3n ha continuado este y el pasado mes con sus actividades en Salamanca, primero con la charla ofrecida por \u00c1lvaro Iglesias Gil, en el Colegio Calasanz el pasado 29 de marzo. &hellip; <\/p>\n<p class=\"link-more\"><a href=\"https:\/\/www.carnicasiglesias.com\/fr\/noticias\/carnicas-iglesias-lleva-el-emprendimiento-a-los-alumnos-del-colegio-calasanz-de-salamanca\/\" class=\"more-link\">Continue reading<span class=\"screen-reader-text\"> \u00ab\u00a0C\u00c1RNICAS IGLESIAS LLEVA EL EMPRENDIMIENTO A LOS ALUMNOS DEL COLEGIO CALASANZ DE SALAMANCA\u00a0\u00bb<\/span><\/a><\/p>\n","protected":false},"author":1,"featured_media":3180,"comment_status":"open","ping_status":"open","sticky":false,"template":"","format":"standard","meta":{"_acf_changed":false,"footnotes":""},"categories":[9],"tags":[],"class_list":["post-3171","post","type-post","status-publish","format-standard","has-post-thumbnail","hentry","category-noticias"],"acf":[],"yoast_head":"<!-- This site is optimized with the Yoast SEO plugin v24.8.1 - https:\/\/yoast.com\/wordpress\/plugins\/seo\/ -->\n<title>C\u00c1RNICAS IGLESIAS LLEVA EL EMPRENDIMIENTO A LOS ALUMNOS DEL COLEGIO CALASANZ DE SALAMANCA | C\u00e1rnicas Iglesias<\/title>\n<meta name=\"description\" content=\"P\u00e1gina de C\u00c1RNICAS IGLESIAS LLEVA EL EMPRENDIMIENTO A LOS ALUMNOS DEL COLEGIO CALASANZ DE SALAMANCA en la cual se encuentra la ficha del producto.\" \/>\n<meta name=\"robots\" content=\"index, follow, max-snippet:-1, max-image-preview:large, max-video-preview:-1\" \/>\n<link rel=\"canonical\" href=\"https:\/\/www.carnicasiglesias.com\/zh-hant\/\u65b0\u805e\/carnicas-iglesias-lleva-el-emprendimiento-a-los-alumnos-del-colegio-calasanz-de-salamanca\/\" \/>\n<meta property=\"og:locale\" content=\"fr_FR\" \/>\n<meta property=\"og:type\" content=\"article\" \/>\n<meta property=\"og:title\" content=\"C\u00c1RNICAS IGLESIAS LLEVA EL EMPRENDIMIENTO A LOS ALUMNOS DEL COLEGIO CALASANZ DE SALAMANCA | C\u00e1rnicas Iglesias\" \/>\n<meta property=\"og:description\" content=\"P\u00e1gina de C\u00c1RNICAS IGLESIAS LLEVA EL EMPRENDIMIENTO A LOS ALUMNOS DEL COLEGIO CALASANZ DE SALAMANCA en la cual se encuentra la ficha del producto.\" \/>\n<meta property=\"og:url\" content=\"https:\/\/www.carnicasiglesias.com\/zh-hant\/\u65b0\u805e\/carnicas-iglesias-lleva-el-emprendimiento-a-los-alumnos-del-colegio-calasanz-de-salamanca\/\" \/>\n<meta property=\"og:site_name\" content=\"C\u00e1rnicas Iglesias\" \/>\n<meta property=\"article:published_time\" content=\"2023-04-13T08:46:12+00:00\" \/>\n<meta property=\"article:modified_time\" content=\"2023-04-13T08:50:22+00:00\" \/>\n<meta property=\"og:image\" content=\"https:\/\/www.carnicasiglesias.com\/wp-content\/uploads\/2023\/04\/b8c88aa6-4ded-4484-a91e-8ddbc470e2d6.jpg\" \/>\n\t<meta property=\"og:image:width\" content=\"1763\" \/>\n\t<meta property=\"og:image:height\" content=\"1280\" \/>\n\t<meta property=\"og:image:type\" content=\"image\/jpeg\" \/>\n<meta name=\"author\" content=\"wcarigle\" \/>\n<meta name=\"twitter:card\" content=\"summary_large_image\" \/>\n<meta name=\"twitter:label1\" content=\"\u00c9crit par\" \/>\n\t<meta name=\"twitter:data1\" content=\"wcarigle\" \/>\n\t<meta name=\"twitter:label2\" content=\"Dur\u00e9e de lecture estim\u00e9e\" \/>\n\t<meta name=\"twitter:data2\" content=\"1 minute\" \/>\n<script type=\"application\/ld+json\" class=\"yoast-schema-graph\">{\"@context\":\"https:\/\/schema.org\",\"@graph\":[{\"@type\":\"WebPage\",\"@id\":\"https:\/\/www.carnicasiglesias.com\/zh-hant\/%e6%96%b0%e8%81%9e\/carnicas-iglesias-lleva-el-emprendimiento-a-los-alumnos-del-colegio-calasanz-de-salamanca\/\",\"url\":\"https:\/\/www.carnicasiglesias.com\/zh-hant\/%e6%96%b0%e8%81%9e\/carnicas-iglesias-lleva-el-emprendimiento-a-los-alumnos-del-colegio-calasanz-de-salamanca\/\",\"name\":\"C\u00c1RNICAS IGLESIAS LLEVA EL EMPRENDIMIENTO A LOS ALUMNOS DEL COLEGIO CALASANZ DE SALAMANCA | C\u00e1rnicas Iglesias\",\"isPartOf\":{\"@id\":\"https:\/\/www.carnicasiglesias.com\/#website\"},\"primaryImageOfPage\":{\"@id\":\"https:\/\/www.carnicasiglesias.com\/zh-hant\/%e6%96%b0%e8%81%9e\/carnicas-iglesias-lleva-el-emprendimiento-a-los-alumnos-del-colegio-calasanz-de-salamanca\/#primaryimage\"},\"image\":{\"@id\":\"https:\/\/www.carnicasiglesias.com\/zh-hant\/%e6%96%b0%e8%81%9e\/carnicas-iglesias-lleva-el-emprendimiento-a-los-alumnos-del-colegio-calasanz-de-salamanca\/#primaryimage\"},\"thumbnailUrl\":\"https:\/\/www.carnicasiglesias.com\/wp-content\/uploads\/2023\/04\/b8c88aa6-4ded-4484-a91e-8ddbc470e2d6.jpg\",\"datePublished\":\"2023-04-13T08:46:12+00:00\",\"dateModified\":\"2023-04-13T08:50:22+00:00\",\"author\":{\"@id\":\"https:\/\/www.carnicasiglesias.com\/#\/schema\/person\/aaaf7d4dc5dc4bbfeb2f346eb04801eb\"},\"description\":\"P\u00e1gina de C\u00c1RNICAS IGLESIAS LLEVA EL EMPRENDIMIENTO A LOS ALUMNOS DEL COLEGIO CALASANZ DE SALAMANCA en la cual se encuentra la ficha del producto.\",\"breadcrumb\":{\"@id\":\"https:\/\/www.carnicasiglesias.com\/zh-hant\/%e6%96%b0%e8%81%9e\/carnicas-iglesias-lleva-el-emprendimiento-a-los-alumnos-del-colegio-calasanz-de-salamanca\/#breadcrumb\"},\"inLanguage\":\"fr-FR\",\"potentialAction\":[{\"@type\":\"ReadAction\",\"target\":[\"https:\/\/www.carnicasiglesias.com\/zh-hant\/%e6%96%b0%e8%81%9e\/carnicas-iglesias-lleva-el-emprendimiento-a-los-alumnos-del-colegio-calasanz-de-salamanca\/\"]}]},{\"@type\":\"ImageObject\",\"inLanguage\":\"fr-FR\",\"@id\":\"https:\/\/www.carnicasiglesias.com\/zh-hant\/%e6%96%b0%e8%81%9e\/carnicas-iglesias-lleva-el-emprendimiento-a-los-alumnos-del-colegio-calasanz-de-salamanca\/#primaryimage\",\"url\":\"https:\/\/www.carnicasiglesias.com\/wp-content\/uploads\/2023\/04\/b8c88aa6-4ded-4484-a91e-8ddbc470e2d6.jpg\",\"contentUrl\":\"https:\/\/www.carnicasiglesias.com\/wp-content\/uploads\/2023\/04\/b8c88aa6-4ded-4484-a91e-8ddbc470e2d6.jpg\",\"width\":1763,\"height\":1280},{\"@type\":\"BreadcrumbList\",\"@id\":\"https:\/\/www.carnicasiglesias.com\/zh-hant\/%e6%96%b0%e8%81%9e\/carnicas-iglesias-lleva-el-emprendimiento-a-los-alumnos-del-colegio-calasanz-de-salamanca\/#breadcrumb\",\"itemListElement\":[{\"@type\":\"ListItem\",\"position\":1,\"name\":\"Portada\",\"item\":\"https:\/\/www.carnicasiglesias.com\/fr\/\"},{\"@type\":\"ListItem\",\"position\":2,\"name\":\"C\u00c1RNICAS IGLESIAS LLEVA EL EMPRENDIMIENTO A LOS ALUMNOS DEL COLEGIO CALASANZ DE SALAMANCA\"}]},{\"@type\":\"WebSite\",\"@id\":\"https:\/\/www.carnicasiglesias.com\/#website\",\"url\":\"https:\/\/www.carnicasiglesias.com\/\",\"name\":\"C\u00e1rnicas Iglesias\",\"description\":\"P\u00e1gina web de C\u00e1rnicas Iglesias\",\"potentialAction\":[{\"@type\":\"SearchAction\",\"target\":{\"@type\":\"EntryPoint\",\"urlTemplate\":\"https:\/\/www.carnicasiglesias.com\/?s={search_term_string}\"},\"query-input\":{\"@type\":\"PropertyValueSpecification\",\"valueRequired\":true,\"valueName\":\"search_term_string\"}}],\"inLanguage\":\"fr-FR\"},{\"@type\":\"Person\",\"@id\":\"https:\/\/www.carnicasiglesias.com\/#\/schema\/person\/aaaf7d4dc5dc4bbfeb2f346eb04801eb\",\"name\":\"wcarigle\",\"image\":{\"@type\":\"ImageObject\",\"inLanguage\":\"fr-FR\",\"@id\":\"https:\/\/www.carnicasiglesias.com\/#\/schema\/person\/image\/\",\"url\":\"https:\/\/secure.gravatar.com\/avatar\/c508261c9bb726f239f6caae30854a8c?s=96&d=mm&r=g\",\"contentUrl\":\"https:\/\/secure.gravatar.com\/avatar\/c508261c9bb726f239f6caae30854a8c?s=96&d=mm&r=g\",\"caption\":\"wcarigle\"}}]}<\/script>\n<!-- \/ Yoast SEO plugin. -->","yoast_head_json":{"title":"C\u00c1RNICAS IGLESIAS LLEVA EL EMPRENDIMIENTO A LOS ALUMNOS DEL COLEGIO CALASANZ DE SALAMANCA | C\u00e1rnicas Iglesias","description":"P\u00e1gina de C\u00c1RNICAS IGLESIAS LLEVA EL EMPRENDIMIENTO A LOS ALUMNOS DEL COLEGIO CALASANZ DE SALAMANCA en la cual se encuentra la ficha del producto.","robots":{"index":"index","follow":"follow","max-snippet":"max-snippet:-1","max-image-preview":"max-image-preview:large","max-video-preview":"max-video-preview:-1"},"canonical":"https:\/\/www.carnicasiglesias.com\/zh-hant\/\u65b0\u805e\/carnicas-iglesias-lleva-el-emprendimiento-a-los-alumnos-del-colegio-calasanz-de-salamanca\/","og_locale":"fr_FR","og_type":"article","og_title":"C\u00c1RNICAS IGLESIAS LLEVA EL EMPRENDIMIENTO A LOS ALUMNOS DEL COLEGIO CALASANZ DE SALAMANCA | C\u00e1rnicas Iglesias","og_description":"P\u00e1gina de C\u00c1RNICAS IGLESIAS LLEVA EL EMPRENDIMIENTO A LOS ALUMNOS DEL COLEGIO CALASANZ DE SALAMANCA en la cual se encuentra la ficha del producto.","og_url":"https:\/\/www.carnicasiglesias.com\/zh-hant\/\u65b0\u805e\/carnicas-iglesias-lleva-el-emprendimiento-a-los-alumnos-del-colegio-calasanz-de-salamanca\/","og_site_name":"C\u00e1rnicas Iglesias","article_published_time":"2023-04-13T08:46:12+00:00","article_modified_time":"2023-04-13T08:50:22+00:00","og_image":[{"width":1763,"height":1280,"url":"https:\/\/www.carnicasiglesias.com\/wp-content\/uploads\/2023\/04\/b8c88aa6-4ded-4484-a91e-8ddbc470e2d6.jpg","type":"image\/jpeg"}],"author":"wcarigle","twitter_card":"summary_large_image","twitter_misc":{"\u00c9crit par":"wcarigle","Dur\u00e9e de lecture estim\u00e9e":"1 minute"},"schema":{"@context":"https:\/\/schema.org","@graph":[{"@type":"WebPage","@id":"https:\/\/www.carnicasiglesias.com\/zh-hant\/%e6%96%b0%e8%81%9e\/carnicas-iglesias-lleva-el-emprendimiento-a-los-alumnos-del-colegio-calasanz-de-salamanca\/","url":"https:\/\/www.carnicasiglesias.com\/zh-hant\/%e6%96%b0%e8%81%9e\/carnicas-iglesias-lleva-el-emprendimiento-a-los-alumnos-del-colegio-calasanz-de-salamanca\/","name":"C\u00c1RNICAS IGLESIAS LLEVA EL EMPRENDIMIENTO A LOS ALUMNOS DEL COLEGIO CALASANZ DE SALAMANCA | C\u00e1rnicas Iglesias","isPartOf":{"@id":"https:\/\/www.carnicasiglesias.com\/#website"},"primaryImageOfPage":{"@id":"https:\/\/www.carnicasiglesias.com\/zh-hant\/%e6%96%b0%e8%81%9e\/carnicas-iglesias-lleva-el-emprendimiento-a-los-alumnos-del-colegio-calasanz-de-salamanca\/#primaryimage"},"image":{"@id":"https:\/\/www.carnicasiglesias.com\/zh-hant\/%e6%96%b0%e8%81%9e\/carnicas-iglesias-lleva-el-emprendimiento-a-los-alumnos-del-colegio-calasanz-de-salamanca\/#primaryimage"},"thumbnailUrl":"https:\/\/www.carnicasiglesias.com\/wp-content\/uploads\/2023\/04\/b8c88aa6-4ded-4484-a91e-8ddbc470e2d6.jpg","datePublished":"2023-04-13T08:46:12+00:00","dateModified":"2023-04-13T08:50:22+00:00","author":{"@id":"https:\/\/www.carnicasiglesias.com\/#\/schema\/person\/aaaf7d4dc5dc4bbfeb2f346eb04801eb"},"description":"P\u00e1gina de C\u00c1RNICAS IGLESIAS LLEVA EL EMPRENDIMIENTO A LOS ALUMNOS DEL COLEGIO CALASANZ DE SALAMANCA en la cual se encuentra la ficha del producto.","breadcrumb":{"@id":"https:\/\/www.carnicasiglesias.com\/zh-hant\/%e6%96%b0%e8%81%9e\/carnicas-iglesias-lleva-el-emprendimiento-a-los-alumnos-del-colegio-calasanz-de-salamanca\/#breadcrumb"},"inLanguage":"fr-FR","potentialAction":[{"@type":"ReadAction","target":["https:\/\/www.carnicasiglesias.com\/zh-hant\/%e6%96%b0%e8%81%9e\/carnicas-iglesias-lleva-el-emprendimiento-a-los-alumnos-del-colegio-calasanz-de-salamanca\/"]}]},{"@type":"ImageObject","inLanguage":"fr-FR","@id":"https:\/\/www.carnicasiglesias.com\/zh-hant\/%e6%96%b0%e8%81%9e\/carnicas-iglesias-lleva-el-emprendimiento-a-los-alumnos-del-colegio-calasanz-de-salamanca\/#primaryimage","url":"https:\/\/www.carnicasiglesias.com\/wp-content\/uploads\/2023\/04\/b8c88aa6-4ded-4484-a91e-8ddbc470e2d6.jpg","contentUrl":"https:\/\/www.carnicasiglesias.com\/wp-content\/uploads\/2023\/04\/b8c88aa6-4ded-4484-a91e-8ddbc470e2d6.jpg","width":1763,"height":1280},{"@type":"BreadcrumbList","@id":"https:\/\/www.carnicasiglesias.com\/zh-hant\/%e6%96%b0%e8%81%9e\/carnicas-iglesias-lleva-el-emprendimiento-a-los-alumnos-del-colegio-calasanz-de-salamanca\/#breadcrumb","itemListElement":[{"@type":"ListItem","position":1,"name":"Portada","item":"https:\/\/www.carnicasiglesias.com\/fr\/"},{"@type":"ListItem","position":2,"name":"C\u00c1RNICAS IGLESIAS LLEVA EL EMPRENDIMIENTO A LOS ALUMNOS DEL COLEGIO CALASANZ DE SALAMANCA"}]},{"@type":"WebSite","@id":"https:\/\/www.carnicasiglesias.com\/#website","url":"https:\/\/www.carnicasiglesias.com\/","name":"C\u00e1rnicas Iglesias","description":"P\u00e1gina web de C\u00e1rnicas Iglesias","potentialAction":[{"@type":"SearchAction","target":{"@type":"EntryPoint","urlTemplate":"https:\/\/www.carnicasiglesias.com\/?s={search_term_string}"},"query-input":{"@type":"PropertyValueSpecification","valueRequired":true,"valueName":"search_term_string"}}],"inLanguage":"fr-FR"},{"@type":"Person","@id":"https:\/\/www.carnicasiglesias.com\/#\/schema\/person\/aaaf7d4dc5dc4bbfeb2f346eb04801eb","name":"wcarigle","image":{"@type":"ImageObject","inLanguage":"fr-FR","@id":"https:\/\/www.carnicasiglesias.com\/#\/schema\/person\/image\/","url":"https:\/\/secure.gravatar.com\/avatar\/c508261c9bb726f239f6caae30854a8c?s=96&d=mm&r=g","contentUrl":"https:\/\/secure.gravatar.com\/avatar\/c508261c9bb726f239f6caae30854a8c?s=96&d=mm&r=g","caption":"wcarigle"}}]}},"_links":{"self":[{"href":"https:\/\/www.carnicasiglesias.com\/fr\/wp-json\/wp\/v2\/posts\/3171","targetHints":{"allow":["GET"]}}],"collection":[{"href":"https:\/\/www.carnicasiglesias.com\/fr\/wp-json\/wp\/v2\/posts"}],"about":[{"href":"https:\/\/www.carnicasiglesias.com\/fr\/wp-json\/wp\/v2\/types\/post"}],"author":[{"embeddable":true,"href":"https:\/\/www.carnicasiglesias.com\/fr\/wp-json\/wp\/v2\/users\/1"}],"replies":[{"embeddable":true,"href":"https:\/\/www.carnicasiglesias.com\/fr\/wp-json\/wp\/v2\/comments?post=3171"}],"version-history":[{"count":3,"href":"https:\/\/www.carnicasiglesias.com\/fr\/wp-json\/wp\/v2\/posts\/3171\/revisions"}],"predecessor-version":[{"id":3205,"href":"https:\/\/www.carnicasiglesias.com\/fr\/wp-json\/wp\/v2\/posts\/3171\/revisions\/3205"}],"wp:featuredmedia":[{"embeddable":true,"href":"https:\/\/www.carnicasiglesias.com\/fr\/wp-json\/wp\/v2\/media\/3180"}],"wp:attachment":[{"href":"https:\/\/www.carnicasiglesias.com\/fr\/wp-json\/wp\/v2\/media?parent=3171"}],"wp:term":[{"taxonomy":"category","embeddable":true,"href":"https:\/\/www.carnicasiglesias.com\/fr\/wp-json\/wp\/v2\/categories?post=3171"},{"taxonomy":"post_tag","embeddable":true,"href":"https:\/\/www.carnicasiglesias.com\/fr\/wp-json\/wp\/v2\/tags?post=3171"}],"curies":[{"name":"wp","href":"https:\/\/api.w.org\/{rel}","templated":true}]}}