{"id":3227,"date":"2023-11-02T16:02:04","date_gmt":"2023-11-02T15:02:04","guid":{"rendered":"https:\/\/www.carnicasiglesias.com\/?p=3227"},"modified":"2023-12-12T08:53:55","modified_gmt":"2023-12-12T07:53:55","slug":"noviembre-chorizo-iberico-extra-media-pieza","status":"publish","type":"post","link":"https:\/\/www.carnicasiglesias.com\/fr\/recetas\/noviembre-chorizo-iberico-extra-media-pieza\/","title":{"rendered":"NOVIEMBRE &#8211; CHORIZO IBERICO EXTRA MEDIA PIEZA"},"content":{"rendered":"<p>Magros de cerdos ib\u00e9ricos criados en libertad y alimentados con bellotas, especias de categor\u00eda superior como el piment\u00f3n de la Vera, una maduraci\u00f3n lenta,\u2026<br \/>\nFactores exclusivos para un sabor \u00fanico, profundo, intenso y suave.<\/p>\n<p><img loading=\"lazy\" decoding=\"async\" class=\"alignnone wp-image-3258\" src=\"https:\/\/www.carnicasiglesias.com\/wp-content\/uploads\/2023\/10\/tierra-de-sabor.png\" alt=\"\" width=\"74\" height=\"70\" \/>\u00a0 \u00a0 \u00a0 <img loading=\"lazy\" decoding=\"async\" class=\"alignnone wp-image-3254\" src=\"https:\/\/www.carnicasiglesias.com\/wp-content\/uploads\/2023\/10\/sin-gluten.jpg\" alt=\"\" width=\"70\" height=\"65\" \/>\u00a0 \u00a0 \u00a0 <img loading=\"lazy\" decoding=\"async\" class=\"alignnone wp-image-3246\" src=\"https:\/\/www.carnicasiglesias.com\/wp-content\/uploads\/2023\/10\/bodega.jpg\" alt=\"\" width=\"70\" height=\"60\" \/>\u00a0 \u00a0 \u00a0 <img loading=\"lazy\" decoding=\"async\" class=\"alignnone wp-image-3268\" src=\"https:\/\/www.carnicasiglesias.com\/wp-content\/uploads\/2023\/10\/IBSa.png\" alt=\"\" width=\"70\" height=\"85\" \/>\u00a0 \u00a0 \u00a0 <img loading=\"lazy\" decoding=\"async\" class=\"alignnone wp-image-3276\" src=\"https:\/\/www.carnicasiglesias.com\/wp-content\/uploads\/2023\/10\/Pimenton.jpg\" alt=\"\" width=\"70\" height=\"70\" srcset=\"https:\/\/www.carnicasiglesias.com\/wp-content\/uploads\/2023\/10\/Pimenton.jpg 286w, https:\/\/www.carnicasiglesias.com\/wp-content\/uploads\/2023\/10\/Pimenton-150x150.jpg 150w, https:\/\/www.carnicasiglesias.com\/wp-content\/uploads\/2023\/10\/Pimenton-100x100.jpg 100w\" sizes=\"auto, (max-width: 70px) 100vw, 70px\" \/><\/p>\n","protected":false},"excerpt":{"rendered":"<p>Magros de cerdos ib\u00e9ricos criados en libertad y alimentados con bellotas, especias de categor\u00eda superior como el piment\u00f3n de la Vera, una maduraci\u00f3n lenta,\u2026 Factores exclusivos para un sabor \u00fanico, profundo, intenso y suave. \u00a0 \u00a0 \u00a0 \u00a0 \u00a0 \u00a0 \u00a0 \u00a0 \u00a0 \u00a0 \u00a0 \u00a0<\/p>\n","protected":false},"author":1,"featured_media":3464,"comment_status":"open","ping_status":"open","sticky":false,"template":"","format":"standard","meta":{"_acf_changed":false,"footnotes":""},"categories":[25],"tags":[],"class_list":["post-3227","post","type-post","status-publish","format-standard","has-post-thumbnail","hentry","category-recetas"],"acf":[],"yoast_head":"<!-- This site is optimized with the Yoast SEO plugin v24.8.1 - https:\/\/yoast.com\/wordpress\/plugins\/seo\/ -->\n<title>NOVIEMBRE - CHORIZO IBERICO EXTRA MEDIA PIEZA | C\u00e1rnicas Iglesias<\/title>\n<meta name=\"description\" content=\"P\u00e1gina de NOVIEMBRE - CHORIZO IBERICO EXTRA MEDIA PIEZA en la cual se encuentra la ficha del producto.\" \/>\n<meta name=\"robots\" content=\"index, follow, max-snippet:-1, max-image-preview:large, max-video-preview:-1\" \/>\n<link rel=\"canonical\" href=\"https:\/\/www.carnicasiglesias.com\/zh-hant\/\u98df\u8b5c\/noviembre-chorizo-iberico-extra-media-pieza\/\" \/>\n<meta property=\"og:locale\" content=\"fr_FR\" \/>\n<meta property=\"og:type\" content=\"article\" \/>\n<meta property=\"og:title\" content=\"NOVIEMBRE - CHORIZO IBERICO EXTRA MEDIA PIEZA | C\u00e1rnicas Iglesias\" \/>\n<meta property=\"og:description\" content=\"P\u00e1gina de NOVIEMBRE - CHORIZO IBERICO EXTRA MEDIA PIEZA en la cual se encuentra la ficha del producto.\" \/>\n<meta property=\"og:url\" content=\"https:\/\/www.carnicasiglesias.com\/zh-hant\/\u98df\u8b5c\/noviembre-chorizo-iberico-extra-media-pieza\/\" \/>\n<meta property=\"og:site_name\" content=\"C\u00e1rnicas Iglesias\" \/>\n<meta property=\"article:published_time\" content=\"2023-11-02T15:02:04+00:00\" \/>\n<meta property=\"article:modified_time\" content=\"2023-12-12T07:53:55+00:00\" \/>\n<meta property=\"og:image\" content=\"https:\/\/www.carnicasiglesias.com\/wp-content\/uploads\/2023\/11\/Chorizo-Iberico-Extra-Iglesias-Media-Pieza-1.jpg\" \/>\n\t<meta property=\"og:image:width\" content=\"1200\" \/>\n\t<meta property=\"og:image:height\" content=\"800\" \/>\n\t<meta property=\"og:image:type\" content=\"image\/jpeg\" \/>\n<meta name=\"author\" content=\"wcarigle\" \/>\n<meta name=\"twitter:card\" content=\"summary_large_image\" \/>\n<meta name=\"twitter:label1\" content=\"\u00c9crit par\" \/>\n\t<meta name=\"twitter:data1\" content=\"wcarigle\" \/>\n<script type=\"application\/ld+json\" class=\"yoast-schema-graph\">{\"@context\":\"https:\/\/schema.org\",\"@graph\":[{\"@type\":\"WebPage\",\"@id\":\"https:\/\/www.carnicasiglesias.com\/zh-hant\/%e9%a3%9f%e8%ad%9c\/noviembre-chorizo-iberico-extra-media-pieza\/\",\"url\":\"https:\/\/www.carnicasiglesias.com\/zh-hant\/%e9%a3%9f%e8%ad%9c\/noviembre-chorizo-iberico-extra-media-pieza\/\",\"name\":\"NOVIEMBRE - CHORIZO IBERICO EXTRA MEDIA PIEZA | C\u00e1rnicas Iglesias\",\"isPartOf\":{\"@id\":\"https:\/\/www.carnicasiglesias.com\/#website\"},\"primaryImageOfPage\":{\"@id\":\"https:\/\/www.carnicasiglesias.com\/zh-hant\/%e9%a3%9f%e8%ad%9c\/noviembre-chorizo-iberico-extra-media-pieza\/#primaryimage\"},\"image\":{\"@id\":\"https:\/\/www.carnicasiglesias.com\/zh-hant\/%e9%a3%9f%e8%ad%9c\/noviembre-chorizo-iberico-extra-media-pieza\/#primaryimage\"},\"thumbnailUrl\":\"https:\/\/www.carnicasiglesias.com\/wp-content\/uploads\/2023\/11\/Chorizo-Iberico-Extra-Iglesias-Media-Pieza-1.jpg\",\"datePublished\":\"2023-11-02T15:02:04+00:00\",\"dateModified\":\"2023-12-12T07:53:55+00:00\",\"author\":{\"@id\":\"https:\/\/www.carnicasiglesias.com\/#\/schema\/person\/aaaf7d4dc5dc4bbfeb2f346eb04801eb\"},\"description\":\"P\u00e1gina de NOVIEMBRE - CHORIZO IBERICO EXTRA MEDIA PIEZA en la cual se encuentra la ficha del producto.\",\"breadcrumb\":{\"@id\":\"https:\/\/www.carnicasiglesias.com\/zh-hant\/%e9%a3%9f%e8%ad%9c\/noviembre-chorizo-iberico-extra-media-pieza\/#breadcrumb\"},\"inLanguage\":\"fr-FR\",\"potentialAction\":[{\"@type\":\"ReadAction\",\"target\":[\"https:\/\/www.carnicasiglesias.com\/zh-hant\/%e9%a3%9f%e8%ad%9c\/noviembre-chorizo-iberico-extra-media-pieza\/\"]}]},{\"@type\":\"ImageObject\",\"inLanguage\":\"fr-FR\",\"@id\":\"https:\/\/www.carnicasiglesias.com\/zh-hant\/%e9%a3%9f%e8%ad%9c\/noviembre-chorizo-iberico-extra-media-pieza\/#primaryimage\",\"url\":\"https:\/\/www.carnicasiglesias.com\/wp-content\/uploads\/2023\/11\/Chorizo-Iberico-Extra-Iglesias-Media-Pieza-1.jpg\",\"contentUrl\":\"https:\/\/www.carnicasiglesias.com\/wp-content\/uploads\/2023\/11\/Chorizo-Iberico-Extra-Iglesias-Media-Pieza-1.jpg\",\"width\":1200,\"height\":800},{\"@type\":\"BreadcrumbList\",\"@id\":\"https:\/\/www.carnicasiglesias.com\/zh-hant\/%e9%a3%9f%e8%ad%9c\/noviembre-chorizo-iberico-extra-media-pieza\/#breadcrumb\",\"itemListElement\":[{\"@type\":\"ListItem\",\"position\":1,\"name\":\"Portada\",\"item\":\"https:\/\/www.carnicasiglesias.com\/fr\/\"},{\"@type\":\"ListItem\",\"position\":2,\"name\":\"NOVIEMBRE &#8211; CHORIZO IBERICO EXTRA MEDIA PIEZA\"}]},{\"@type\":\"WebSite\",\"@id\":\"https:\/\/www.carnicasiglesias.com\/#website\",\"url\":\"https:\/\/www.carnicasiglesias.com\/\",\"name\":\"C\u00e1rnicas Iglesias\",\"description\":\"P\u00e1gina web de C\u00e1rnicas Iglesias\",\"potentialAction\":[{\"@type\":\"SearchAction\",\"target\":{\"@type\":\"EntryPoint\",\"urlTemplate\":\"https:\/\/www.carnicasiglesias.com\/?s={search_term_string}\"},\"query-input\":{\"@type\":\"PropertyValueSpecification\",\"valueRequired\":true,\"valueName\":\"search_term_string\"}}],\"inLanguage\":\"fr-FR\"},{\"@type\":\"Person\",\"@id\":\"https:\/\/www.carnicasiglesias.com\/#\/schema\/person\/aaaf7d4dc5dc4bbfeb2f346eb04801eb\",\"name\":\"wcarigle\",\"image\":{\"@type\":\"ImageObject\",\"inLanguage\":\"fr-FR\",\"@id\":\"https:\/\/www.carnicasiglesias.com\/#\/schema\/person\/image\/\",\"url\":\"https:\/\/secure.gravatar.com\/avatar\/c508261c9bb726f239f6caae30854a8c?s=96&d=mm&r=g\",\"contentUrl\":\"https:\/\/secure.gravatar.com\/avatar\/c508261c9bb726f239f6caae30854a8c?s=96&d=mm&r=g\",\"caption\":\"wcarigle\"}}]}<\/script>\n<!-- \/ Yoast SEO plugin. -->","yoast_head_json":{"title":"NOVIEMBRE - CHORIZO IBERICO EXTRA MEDIA PIEZA | C\u00e1rnicas Iglesias","description":"P\u00e1gina de NOVIEMBRE - CHORIZO IBERICO EXTRA MEDIA PIEZA en la cual se encuentra la ficha del producto.","robots":{"index":"index","follow":"follow","max-snippet":"max-snippet:-1","max-image-preview":"max-image-preview:large","max-video-preview":"max-video-preview:-1"},"canonical":"https:\/\/www.carnicasiglesias.com\/zh-hant\/\u98df\u8b5c\/noviembre-chorizo-iberico-extra-media-pieza\/","og_locale":"fr_FR","og_type":"article","og_title":"NOVIEMBRE - CHORIZO IBERICO EXTRA MEDIA PIEZA | C\u00e1rnicas Iglesias","og_description":"P\u00e1gina de NOVIEMBRE - CHORIZO IBERICO EXTRA MEDIA PIEZA en la cual se encuentra la ficha del producto.","og_url":"https:\/\/www.carnicasiglesias.com\/zh-hant\/\u98df\u8b5c\/noviembre-chorizo-iberico-extra-media-pieza\/","og_site_name":"C\u00e1rnicas Iglesias","article_published_time":"2023-11-02T15:02:04+00:00","article_modified_time":"2023-12-12T07:53:55+00:00","og_image":[{"width":1200,"height":800,"url":"https:\/\/www.carnicasiglesias.com\/wp-content\/uploads\/2023\/11\/Chorizo-Iberico-Extra-Iglesias-Media-Pieza-1.jpg","type":"image\/jpeg"}],"author":"wcarigle","twitter_card":"summary_large_image","twitter_misc":{"\u00c9crit par":"wcarigle"},"schema":{"@context":"https:\/\/schema.org","@graph":[{"@type":"WebPage","@id":"https:\/\/www.carnicasiglesias.com\/zh-hant\/%e9%a3%9f%e8%ad%9c\/noviembre-chorizo-iberico-extra-media-pieza\/","url":"https:\/\/www.carnicasiglesias.com\/zh-hant\/%e9%a3%9f%e8%ad%9c\/noviembre-chorizo-iberico-extra-media-pieza\/","name":"NOVIEMBRE - CHORIZO IBERICO EXTRA MEDIA PIEZA | C\u00e1rnicas Iglesias","isPartOf":{"@id":"https:\/\/www.carnicasiglesias.com\/#website"},"primaryImageOfPage":{"@id":"https:\/\/www.carnicasiglesias.com\/zh-hant\/%e9%a3%9f%e8%ad%9c\/noviembre-chorizo-iberico-extra-media-pieza\/#primaryimage"},"image":{"@id":"https:\/\/www.carnicasiglesias.com\/zh-hant\/%e9%a3%9f%e8%ad%9c\/noviembre-chorizo-iberico-extra-media-pieza\/#primaryimage"},"thumbnailUrl":"https:\/\/www.carnicasiglesias.com\/wp-content\/uploads\/2023\/11\/Chorizo-Iberico-Extra-Iglesias-Media-Pieza-1.jpg","datePublished":"2023-11-02T15:02:04+00:00","dateModified":"2023-12-12T07:53:55+00:00","author":{"@id":"https:\/\/www.carnicasiglesias.com\/#\/schema\/person\/aaaf7d4dc5dc4bbfeb2f346eb04801eb"},"description":"P\u00e1gina de NOVIEMBRE - CHORIZO IBERICO EXTRA MEDIA PIEZA en la cual se encuentra la ficha del producto.","breadcrumb":{"@id":"https:\/\/www.carnicasiglesias.com\/zh-hant\/%e9%a3%9f%e8%ad%9c\/noviembre-chorizo-iberico-extra-media-pieza\/#breadcrumb"},"inLanguage":"fr-FR","potentialAction":[{"@type":"ReadAction","target":["https:\/\/www.carnicasiglesias.com\/zh-hant\/%e9%a3%9f%e8%ad%9c\/noviembre-chorizo-iberico-extra-media-pieza\/"]}]},{"@type":"ImageObject","inLanguage":"fr-FR","@id":"https:\/\/www.carnicasiglesias.com\/zh-hant\/%e9%a3%9f%e8%ad%9c\/noviembre-chorizo-iberico-extra-media-pieza\/#primaryimage","url":"https:\/\/www.carnicasiglesias.com\/wp-content\/uploads\/2023\/11\/Chorizo-Iberico-Extra-Iglesias-Media-Pieza-1.jpg","contentUrl":"https:\/\/www.carnicasiglesias.com\/wp-content\/uploads\/2023\/11\/Chorizo-Iberico-Extra-Iglesias-Media-Pieza-1.jpg","width":1200,"height":800},{"@type":"BreadcrumbList","@id":"https:\/\/www.carnicasiglesias.com\/zh-hant\/%e9%a3%9f%e8%ad%9c\/noviembre-chorizo-iberico-extra-media-pieza\/#breadcrumb","itemListElement":[{"@type":"ListItem","position":1,"name":"Portada","item":"https:\/\/www.carnicasiglesias.com\/fr\/"},{"@type":"ListItem","position":2,"name":"NOVIEMBRE &#8211; CHORIZO IBERICO EXTRA MEDIA PIEZA"}]},{"@type":"WebSite","@id":"https:\/\/www.carnicasiglesias.com\/#website","url":"https:\/\/www.carnicasiglesias.com\/","name":"C\u00e1rnicas Iglesias","description":"P\u00e1gina web de C\u00e1rnicas Iglesias","potentialAction":[{"@type":"SearchAction","target":{"@type":"EntryPoint","urlTemplate":"https:\/\/www.carnicasiglesias.com\/?s={search_term_string}"},"query-input":{"@type":"PropertyValueSpecification","valueRequired":true,"valueName":"search_term_string"}}],"inLanguage":"fr-FR"},{"@type":"Person","@id":"https:\/\/www.carnicasiglesias.com\/#\/schema\/person\/aaaf7d4dc5dc4bbfeb2f346eb04801eb","name":"wcarigle","image":{"@type":"ImageObject","inLanguage":"fr-FR","@id":"https:\/\/www.carnicasiglesias.com\/#\/schema\/person\/image\/","url":"https:\/\/secure.gravatar.com\/avatar\/c508261c9bb726f239f6caae30854a8c?s=96&d=mm&r=g","contentUrl":"https:\/\/secure.gravatar.com\/avatar\/c508261c9bb726f239f6caae30854a8c?s=96&d=mm&r=g","caption":"wcarigle"}}]}},"_links":{"self":[{"href":"https:\/\/www.carnicasiglesias.com\/fr\/wp-json\/wp\/v2\/posts\/3227","targetHints":{"allow":["GET"]}}],"collection":[{"href":"https:\/\/www.carnicasiglesias.com\/fr\/wp-json\/wp\/v2\/posts"}],"about":[{"href":"https:\/\/www.carnicasiglesias.com\/fr\/wp-json\/wp\/v2\/types\/post"}],"author":[{"embeddable":true,"href":"https:\/\/www.carnicasiglesias.com\/fr\/wp-json\/wp\/v2\/users\/1"}],"replies":[{"embeddable":true,"href":"https:\/\/www.carnicasiglesias.com\/fr\/wp-json\/wp\/v2\/comments?post=3227"}],"version-history":[{"count":5,"href":"https:\/\/www.carnicasiglesias.com\/fr\/wp-json\/wp\/v2\/posts\/3227\/revisions"}],"predecessor-version":[{"id":3462,"href":"https:\/\/www.carnicasiglesias.com\/fr\/wp-json\/wp\/v2\/posts\/3227\/revisions\/3462"}],"wp:featuredmedia":[{"embeddable":true,"href":"https:\/\/www.carnicasiglesias.com\/fr\/wp-json\/wp\/v2\/media\/3464"}],"wp:attachment":[{"href":"https:\/\/www.carnicasiglesias.com\/fr\/wp-json\/wp\/v2\/media?parent=3227"}],"wp:term":[{"taxonomy":"category","embeddable":true,"href":"https:\/\/www.carnicasiglesias.com\/fr\/wp-json\/wp\/v2\/categories?post=3227"},{"taxonomy":"post_tag","embeddable":true,"href":"https:\/\/www.carnicasiglesias.com\/fr\/wp-json\/wp\/v2\/tags?post=3227"}],"curies":[{"name":"wp","href":"https:\/\/api.w.org\/{rel}","templated":true}]}}