{"id":3921,"date":"2024-10-21T11:38:02","date_gmt":"2024-10-21T09:38:02","guid":{"rendered":"https:\/\/www.carnicasiglesias.com\/?p=3921"},"modified":"2024-10-21T11:38:28","modified_gmt":"2024-10-21T09:38:28","slug":"tartar-de-salchichon-iberico","status":"publish","type":"post","link":"https:\/\/www.carnicasiglesias.com\/fr\/recetas\/tartar-de-salchichon-iberico\/","title":{"rendered":"TARTAR DE SALCHICH\u00d3N IB\u00c9RICO"},"content":{"rendered":"<p>Ingredientes del tartar de salchich\u00f3n ib\u00e9rico para 4 personas<\/p>\n<ul>\n<li>200 gramos de salchich\u00f3n ib\u00e9rico IGLESIAS<\/li>\n<li>2 pepinillos en agridulces que no sean muy fuertes<\/li>\n<li>2 cucharadas de alcaparras (opcional)<\/li>\n<li>Un casco de cebolleta fresca<\/li>\n<\/ul>\n<p>Para el aderezo<\/p>\n<ul>\n<li>1 cucharada de mostaza antigua o cualquier mostaza a tu gusto<\/li>\n<li>2 cucharadas de aceite de oliva virgen extra<\/li>\n<li>Jugo de lim\u00f3n al gusto (con un chorrito bastar\u00e1)<\/li>\n<li>Sal y pimienta negra al gusto<\/li>\n<\/ul>\n<p>Comienza por picar finamente el salchich\u00f3n ib\u00e9rico. Puedes hacerlo a mano con un cuchillo afilado o utilizando un procesador de alimentos, aunque te arriesgas a que quede demasiado triturado. Aseg\u00farate de que quede picado en trozos peque\u00f1os y uniformes y que no pierda su textura, no debe quedar como un pur\u00e9 sino en peque\u00f1os trozos.<\/p>\n<p>Lava los pepinillos y las alcaparras bajo agua fr\u00eda para eliminar el exceso de sal y vinagre. Luego s\u00e9calos y p\u00edcalos finamente. Pica tambi\u00e9n muy fina la cebolleta.<\/p>\n<p>En un taz\u00f3n grande, mezcla el salchich\u00f3n picado, los pepinillos picados, la cebolleta y las alcaparras picadas.<\/p>\n<p>En un recipiente aparte, prepara el aderezo. Mezcla la mostaza, el aceite de oliva, el jugo de lim\u00f3n, la sal y la pimienta negra al gusto. Revuelve bien para combinar todos los ingredientes.<\/p>\n<p>Vierte el aderezo sobre la mezcla de salchich\u00f3n, pepinillos y alcaparras. Remueve todo con cuidado para que los ingredientes queden bien impregnados con el aderezo.<\/p>\n<p>Prueba la mezcla y ajusta la saz\u00f3n seg\u00fan tus preferencias personales. Puedes a\u00f1adir m\u00e1s jugo de lim\u00f3n, sal o pimienta si es necesario.<\/p>\n<p>Una vez que est\u00e9s satisfecho con el sabor, coloca el tartar de salchich\u00f3n en el plato de servicio y dale forma. Puedes darle forma con un molde si deseas una presentaci\u00f3n m\u00e1s sugerente y cuidada.<\/p>\n<p>Sirve inmediatamente el tartar de salchich\u00f3n y disfruta de este delicioso aperitivo acompa\u00f1ado de unas tostadas o galletas saladas.<\/p>\n","protected":false},"excerpt":{"rendered":"<p>Ingredientes del tartar de salchich\u00f3n ib\u00e9rico para 4 personas 200 gramos de salchich\u00f3n ib\u00e9rico IGLESIAS 2 pepinillos en agridulces que no sean muy fuertes 2 cucharadas de alcaparras (opcional) Un casco de cebolleta fresca Para el aderezo 1 cucharada de mostaza antigua o cualquier mostaza a tu gusto 2 cucharadas de aceite de oliva virgen &hellip; <\/p>\n<p class=\"link-more\"><a href=\"https:\/\/www.carnicasiglesias.com\/fr\/recetas\/tartar-de-salchichon-iberico\/\" class=\"more-link\">Continue reading<span class=\"screen-reader-text\"> \u00ab\u00a0TARTAR DE SALCHICH\u00d3N IB\u00c9RICO\u00a0\u00bb<\/span><\/a><\/p>\n","protected":false},"author":1,"featured_media":3922,"comment_status":"open","ping_status":"open","sticky":false,"template":"","format":"standard","meta":{"_acf_changed":false,"footnotes":""},"categories":[25],"tags":[],"class_list":["post-3921","post","type-post","status-publish","format-standard","has-post-thumbnail","hentry","category-recetas"],"acf":[],"yoast_head":"<!-- This site is optimized with the Yoast SEO plugin v24.8.1 - https:\/\/yoast.com\/wordpress\/plugins\/seo\/ -->\n<title>TARTAR DE SALCHICH\u00d3N IB\u00c9RICO | C\u00e1rnicas Iglesias<\/title>\n<meta name=\"description\" content=\"P\u00e1gina de TARTAR DE SALCHICH\u00d3N IB\u00c9RICO en la cual se encuentra la ficha del producto.\" \/>\n<meta name=\"robots\" content=\"index, follow, max-snippet:-1, max-image-preview:large, max-video-preview:-1\" \/>\n<link rel=\"canonical\" href=\"https:\/\/www.carnicasiglesias.com\/recetas\/tartar-de-salchichon-iberico\/\" \/>\n<meta property=\"og:locale\" content=\"fr_FR\" \/>\n<meta property=\"og:type\" content=\"article\" \/>\n<meta property=\"og:title\" content=\"TARTAR DE SALCHICH\u00d3N IB\u00c9RICO | C\u00e1rnicas Iglesias\" \/>\n<meta property=\"og:description\" content=\"P\u00e1gina de TARTAR DE SALCHICH\u00d3N IB\u00c9RICO en la cual se encuentra la ficha del producto.\" \/>\n<meta property=\"og:url\" content=\"https:\/\/www.carnicasiglesias.com\/recetas\/tartar-de-salchichon-iberico\/\" \/>\n<meta property=\"og:site_name\" content=\"C\u00e1rnicas Iglesias\" \/>\n<meta property=\"article:published_time\" content=\"2024-10-21T09:38:02+00:00\" \/>\n<meta property=\"article:modified_time\" content=\"2024-10-21T09:38:28+00:00\" \/>\n<meta property=\"og:image\" content=\"https:\/\/www.carnicasiglesias.com\/wp-content\/uploads\/2024\/10\/image023.jpg\" \/>\n\t<meta property=\"og:image:width\" content=\"374\" \/>\n\t<meta property=\"og:image:height\" content=\"204\" \/>\n\t<meta property=\"og:image:type\" content=\"image\/jpeg\" \/>\n<meta name=\"author\" content=\"wcarigle\" \/>\n<meta name=\"twitter:card\" content=\"summary_large_image\" \/>\n<meta name=\"twitter:label1\" content=\"\u00c9crit par\" \/>\n\t<meta name=\"twitter:data1\" content=\"wcarigle\" \/>\n\t<meta name=\"twitter:label2\" content=\"Dur\u00e9e de lecture estim\u00e9e\" \/>\n\t<meta name=\"twitter:data2\" content=\"2 minutes\" \/>\n<script type=\"application\/ld+json\" class=\"yoast-schema-graph\">{\"@context\":\"https:\/\/schema.org\",\"@graph\":[{\"@type\":\"WebPage\",\"@id\":\"https:\/\/www.carnicasiglesias.com\/recetas\/tartar-de-salchichon-iberico\/\",\"url\":\"https:\/\/www.carnicasiglesias.com\/recetas\/tartar-de-salchichon-iberico\/\",\"name\":\"TARTAR DE SALCHICH\u00d3N IB\u00c9RICO | C\u00e1rnicas Iglesias\",\"isPartOf\":{\"@id\":\"https:\/\/www.carnicasiglesias.com\/#website\"},\"primaryImageOfPage\":{\"@id\":\"https:\/\/www.carnicasiglesias.com\/recetas\/tartar-de-salchichon-iberico\/#primaryimage\"},\"image\":{\"@id\":\"https:\/\/www.carnicasiglesias.com\/recetas\/tartar-de-salchichon-iberico\/#primaryimage\"},\"thumbnailUrl\":\"https:\/\/www.carnicasiglesias.com\/wp-content\/uploads\/2024\/10\/image023.jpg\",\"datePublished\":\"2024-10-21T09:38:02+00:00\",\"dateModified\":\"2024-10-21T09:38:28+00:00\",\"author\":{\"@id\":\"https:\/\/www.carnicasiglesias.com\/#\/schema\/person\/aaaf7d4dc5dc4bbfeb2f346eb04801eb\"},\"description\":\"P\u00e1gina de TARTAR DE SALCHICH\u00d3N IB\u00c9RICO en la cual se encuentra la ficha del producto.\",\"breadcrumb\":{\"@id\":\"https:\/\/www.carnicasiglesias.com\/recetas\/tartar-de-salchichon-iberico\/#breadcrumb\"},\"inLanguage\":\"fr-FR\",\"potentialAction\":[{\"@type\":\"ReadAction\",\"target\":[\"https:\/\/www.carnicasiglesias.com\/recetas\/tartar-de-salchichon-iberico\/\"]}]},{\"@type\":\"ImageObject\",\"inLanguage\":\"fr-FR\",\"@id\":\"https:\/\/www.carnicasiglesias.com\/recetas\/tartar-de-salchichon-iberico\/#primaryimage\",\"url\":\"https:\/\/www.carnicasiglesias.com\/wp-content\/uploads\/2024\/10\/image023.jpg\",\"contentUrl\":\"https:\/\/www.carnicasiglesias.com\/wp-content\/uploads\/2024\/10\/image023.jpg\",\"width\":374,\"height\":204},{\"@type\":\"BreadcrumbList\",\"@id\":\"https:\/\/www.carnicasiglesias.com\/recetas\/tartar-de-salchichon-iberico\/#breadcrumb\",\"itemListElement\":[{\"@type\":\"ListItem\",\"position\":1,\"name\":\"Portada\",\"item\":\"https:\/\/www.carnicasiglesias.com\/fr\/\"},{\"@type\":\"ListItem\",\"position\":2,\"name\":\"TARTAR DE SALCHICH\u00d3N IB\u00c9RICO\"}]},{\"@type\":\"WebSite\",\"@id\":\"https:\/\/www.carnicasiglesias.com\/#website\",\"url\":\"https:\/\/www.carnicasiglesias.com\/\",\"name\":\"C\u00e1rnicas Iglesias\",\"description\":\"P\u00e1gina web de C\u00e1rnicas Iglesias\",\"potentialAction\":[{\"@type\":\"SearchAction\",\"target\":{\"@type\":\"EntryPoint\",\"urlTemplate\":\"https:\/\/www.carnicasiglesias.com\/?s={search_term_string}\"},\"query-input\":{\"@type\":\"PropertyValueSpecification\",\"valueRequired\":true,\"valueName\":\"search_term_string\"}}],\"inLanguage\":\"fr-FR\"},{\"@type\":\"Person\",\"@id\":\"https:\/\/www.carnicasiglesias.com\/#\/schema\/person\/aaaf7d4dc5dc4bbfeb2f346eb04801eb\",\"name\":\"wcarigle\",\"image\":{\"@type\":\"ImageObject\",\"inLanguage\":\"fr-FR\",\"@id\":\"https:\/\/www.carnicasiglesias.com\/#\/schema\/person\/image\/\",\"url\":\"https:\/\/secure.gravatar.com\/avatar\/c508261c9bb726f239f6caae30854a8c?s=96&d=mm&r=g\",\"contentUrl\":\"https:\/\/secure.gravatar.com\/avatar\/c508261c9bb726f239f6caae30854a8c?s=96&d=mm&r=g\",\"caption\":\"wcarigle\"}}]}<\/script>\n<!-- \/ Yoast SEO plugin. -->","yoast_head_json":{"title":"TARTAR DE SALCHICH\u00d3N IB\u00c9RICO | C\u00e1rnicas Iglesias","description":"P\u00e1gina de TARTAR DE SALCHICH\u00d3N IB\u00c9RICO en la cual se encuentra la ficha del producto.","robots":{"index":"index","follow":"follow","max-snippet":"max-snippet:-1","max-image-preview":"max-image-preview:large","max-video-preview":"max-video-preview:-1"},"canonical":"https:\/\/www.carnicasiglesias.com\/recetas\/tartar-de-salchichon-iberico\/","og_locale":"fr_FR","og_type":"article","og_title":"TARTAR DE SALCHICH\u00d3N IB\u00c9RICO | C\u00e1rnicas Iglesias","og_description":"P\u00e1gina de TARTAR DE SALCHICH\u00d3N IB\u00c9RICO en la cual se encuentra la ficha del producto.","og_url":"https:\/\/www.carnicasiglesias.com\/recetas\/tartar-de-salchichon-iberico\/","og_site_name":"C\u00e1rnicas Iglesias","article_published_time":"2024-10-21T09:38:02+00:00","article_modified_time":"2024-10-21T09:38:28+00:00","og_image":[{"width":374,"height":204,"url":"https:\/\/www.carnicasiglesias.com\/wp-content\/uploads\/2024\/10\/image023.jpg","type":"image\/jpeg"}],"author":"wcarigle","twitter_card":"summary_large_image","twitter_misc":{"\u00c9crit par":"wcarigle","Dur\u00e9e de lecture estim\u00e9e":"2 minutes"},"schema":{"@context":"https:\/\/schema.org","@graph":[{"@type":"WebPage","@id":"https:\/\/www.carnicasiglesias.com\/recetas\/tartar-de-salchichon-iberico\/","url":"https:\/\/www.carnicasiglesias.com\/recetas\/tartar-de-salchichon-iberico\/","name":"TARTAR DE SALCHICH\u00d3N IB\u00c9RICO | C\u00e1rnicas Iglesias","isPartOf":{"@id":"https:\/\/www.carnicasiglesias.com\/#website"},"primaryImageOfPage":{"@id":"https:\/\/www.carnicasiglesias.com\/recetas\/tartar-de-salchichon-iberico\/#primaryimage"},"image":{"@id":"https:\/\/www.carnicasiglesias.com\/recetas\/tartar-de-salchichon-iberico\/#primaryimage"},"thumbnailUrl":"https:\/\/www.carnicasiglesias.com\/wp-content\/uploads\/2024\/10\/image023.jpg","datePublished":"2024-10-21T09:38:02+00:00","dateModified":"2024-10-21T09:38:28+00:00","author":{"@id":"https:\/\/www.carnicasiglesias.com\/#\/schema\/person\/aaaf7d4dc5dc4bbfeb2f346eb04801eb"},"description":"P\u00e1gina de TARTAR DE SALCHICH\u00d3N IB\u00c9RICO en la cual se encuentra la ficha del producto.","breadcrumb":{"@id":"https:\/\/www.carnicasiglesias.com\/recetas\/tartar-de-salchichon-iberico\/#breadcrumb"},"inLanguage":"fr-FR","potentialAction":[{"@type":"ReadAction","target":["https:\/\/www.carnicasiglesias.com\/recetas\/tartar-de-salchichon-iberico\/"]}]},{"@type":"ImageObject","inLanguage":"fr-FR","@id":"https:\/\/www.carnicasiglesias.com\/recetas\/tartar-de-salchichon-iberico\/#primaryimage","url":"https:\/\/www.carnicasiglesias.com\/wp-content\/uploads\/2024\/10\/image023.jpg","contentUrl":"https:\/\/www.carnicasiglesias.com\/wp-content\/uploads\/2024\/10\/image023.jpg","width":374,"height":204},{"@type":"BreadcrumbList","@id":"https:\/\/www.carnicasiglesias.com\/recetas\/tartar-de-salchichon-iberico\/#breadcrumb","itemListElement":[{"@type":"ListItem","position":1,"name":"Portada","item":"https:\/\/www.carnicasiglesias.com\/fr\/"},{"@type":"ListItem","position":2,"name":"TARTAR DE SALCHICH\u00d3N IB\u00c9RICO"}]},{"@type":"WebSite","@id":"https:\/\/www.carnicasiglesias.com\/#website","url":"https:\/\/www.carnicasiglesias.com\/","name":"C\u00e1rnicas Iglesias","description":"P\u00e1gina web de C\u00e1rnicas Iglesias","potentialAction":[{"@type":"SearchAction","target":{"@type":"EntryPoint","urlTemplate":"https:\/\/www.carnicasiglesias.com\/?s={search_term_string}"},"query-input":{"@type":"PropertyValueSpecification","valueRequired":true,"valueName":"search_term_string"}}],"inLanguage":"fr-FR"},{"@type":"Person","@id":"https:\/\/www.carnicasiglesias.com\/#\/schema\/person\/aaaf7d4dc5dc4bbfeb2f346eb04801eb","name":"wcarigle","image":{"@type":"ImageObject","inLanguage":"fr-FR","@id":"https:\/\/www.carnicasiglesias.com\/#\/schema\/person\/image\/","url":"https:\/\/secure.gravatar.com\/avatar\/c508261c9bb726f239f6caae30854a8c?s=96&d=mm&r=g","contentUrl":"https:\/\/secure.gravatar.com\/avatar\/c508261c9bb726f239f6caae30854a8c?s=96&d=mm&r=g","caption":"wcarigle"}}]}},"_links":{"self":[{"href":"https:\/\/www.carnicasiglesias.com\/fr\/wp-json\/wp\/v2\/posts\/3921","targetHints":{"allow":["GET"]}}],"collection":[{"href":"https:\/\/www.carnicasiglesias.com\/fr\/wp-json\/wp\/v2\/posts"}],"about":[{"href":"https:\/\/www.carnicasiglesias.com\/fr\/wp-json\/wp\/v2\/types\/post"}],"author":[{"embeddable":true,"href":"https:\/\/www.carnicasiglesias.com\/fr\/wp-json\/wp\/v2\/users\/1"}],"replies":[{"embeddable":true,"href":"https:\/\/www.carnicasiglesias.com\/fr\/wp-json\/wp\/v2\/comments?post=3921"}],"version-history":[{"count":3,"href":"https:\/\/www.carnicasiglesias.com\/fr\/wp-json\/wp\/v2\/posts\/3921\/revisions"}],"predecessor-version":[{"id":3928,"href":"https:\/\/www.carnicasiglesias.com\/fr\/wp-json\/wp\/v2\/posts\/3921\/revisions\/3928"}],"wp:featuredmedia":[{"embeddable":true,"href":"https:\/\/www.carnicasiglesias.com\/fr\/wp-json\/wp\/v2\/media\/3922"}],"wp:attachment":[{"href":"https:\/\/www.carnicasiglesias.com\/fr\/wp-json\/wp\/v2\/media?parent=3921"}],"wp:term":[{"taxonomy":"category","embeddable":true,"href":"https:\/\/www.carnicasiglesias.com\/fr\/wp-json\/wp\/v2\/categories?post=3921"},{"taxonomy":"post_tag","embeddable":true,"href":"https:\/\/www.carnicasiglesias.com\/fr\/wp-json\/wp\/v2\/tags?post=3921"}],"curies":[{"name":"wp","href":"https:\/\/api.w.org\/{rel}","templated":true}]}}