{"id":4331,"date":"2025-03-18T12:12:36","date_gmt":"2025-03-18T11:12:36","guid":{"rendered":"https:\/\/www.carnicasiglesias.com\/?p=4331"},"modified":"2025-03-18T12:15:41","modified_gmt":"2025-03-18T11:15:41","slug":"ven-a-visitarnos-al-salon-gourmets-ifema-madrid-del-7-al-10-de-abril-2025","status":"publish","type":"post","link":"https:\/\/www.carnicasiglesias.com\/fr\/noticias\/ven-a-visitarnos-al-salon-gourmets-ifema-madrid-del-7-al-10-de-abril-2025\/","title":{"rendered":"Ven a visitarnos al SAL\u00d3N GOURMETS IFEMA MADRID del 7 al 10 de abril 2025"},"content":{"rendered":"\n<p><strong>Ven a visitarnos al SAL\u00d3N GOURMETS<\/strong><\/p>\n\n\n\n<p><strong>IFEMA MADRID del 7 al 10 de abril 2025<\/strong><\/p>\n\n\n\n<p><strong>Pabell\u00f3n 4 \u2013 Tierra de Sabor&nbsp;<\/strong><strong>&nbsp;\u2013 Pasillo E &#8211; STAND 24<\/strong><\/p>\n\n\n\n<figure class=\"wp-block-image\"><img decoding=\"async\" src=\"https:\/\/mail.google.com\/mail\/u\/0?ui=2&amp;ik=e69a06746b&amp;attid=0.0.2&amp;permmsgid=msg-f:1826924632193296742&amp;th=195a8a46054ae966&amp;view=fimg&amp;fur=ip&amp;permmsgid=msg-f:1826924632193296742&amp;sz=s0-l75-ft&amp;attbid=ANGjdJ-8J-HudSNCLo-_xrmDbicfODNx5tGOR4TjnAI_5baAp1gkBd1Y8cuRaxAS4v9IpDyxid63hTO7VXyYJqXCAH9LCVA1zv1fqKhNVyelwMtnUgqvqweQg1VHJvU&amp;disp=emb&amp;realattid=ii_195a8a35ee5692e333&amp;zw\" alt=\"\"\/><\/figure>\n\n\n\n<p><\/p>\n","protected":false},"excerpt":{"rendered":"<p>Ven a visitarnos al SAL\u00d3N GOURMETS IFEMA MADRID del 7 al 10 de abril 2025 Pabell\u00f3n 4 \u2013 Tierra de Sabor&nbsp;&nbsp;\u2013 Pasillo E &#8211; STAND 24<\/p>\n","protected":false},"author":1,"featured_media":4332,"comment_status":"open","ping_status":"open","sticky":false,"template":"","format":"standard","meta":{"_acf_changed":false,"footnotes":""},"categories":[9],"tags":[],"class_list":["post-4331","post","type-post","status-publish","format-standard","has-post-thumbnail","hentry","category-noticias"],"acf":[],"yoast_head":"<!-- This site is optimized with the Yoast SEO plugin v24.8.1 - https:\/\/yoast.com\/wordpress\/plugins\/seo\/ -->\n<title>Ven a visitarnos al SAL\u00d3N GOURMETS IFEMA MADRID del 7 al 10 de abril 2025 | C\u00e1rnicas Iglesias<\/title>\n<meta name=\"description\" content=\"P\u00e1gina de Ven a visitarnos al SAL\u00d3N GOURMETS IFEMA MADRID del 7 al 10 de abril 2025 en la cual se encuentra la ficha del producto.\" \/>\n<meta name=\"robots\" content=\"index, follow, max-snippet:-1, max-image-preview:large, max-video-preview:-1\" \/>\n<link rel=\"canonical\" href=\"https:\/\/www.carnicasiglesias.com\/noticias\/ven-a-visitarnos-al-salon-gourmets-ifema-madrid-del-7-al-10-de-abril-2025\/\" \/>\n<meta property=\"og:locale\" content=\"fr_FR\" \/>\n<meta property=\"og:type\" content=\"article\" \/>\n<meta property=\"og:title\" content=\"Ven a visitarnos al SAL\u00d3N GOURMETS IFEMA MADRID del 7 al 10 de abril 2025 | C\u00e1rnicas Iglesias\" \/>\n<meta property=\"og:description\" content=\"P\u00e1gina de Ven a visitarnos al SAL\u00d3N GOURMETS IFEMA MADRID del 7 al 10 de abril 2025 en la cual se encuentra la ficha del producto.\" \/>\n<meta property=\"og:url\" content=\"https:\/\/www.carnicasiglesias.com\/noticias\/ven-a-visitarnos-al-salon-gourmets-ifema-madrid-del-7-al-10-de-abril-2025\/\" \/>\n<meta property=\"og:site_name\" content=\"C\u00e1rnicas Iglesias\" \/>\n<meta property=\"article:published_time\" content=\"2025-03-18T11:12:36+00:00\" \/>\n<meta property=\"article:modified_time\" content=\"2025-03-18T11:15:41+00:00\" \/>\n<meta property=\"og:image\" content=\"https:\/\/www.carnicasiglesias.com\/wp-content\/uploads\/2025\/03\/RRSS-gourmet.jpeg\" \/>\n\t<meta property=\"og:image:width\" content=\"1600\" \/>\n\t<meta property=\"og:image:height\" content=\"900\" \/>\n\t<meta property=\"og:image:type\" content=\"image\/jpeg\" \/>\n<meta name=\"author\" content=\"wcarigle\" \/>\n<meta name=\"twitter:card\" content=\"summary_large_image\" \/>\n<meta name=\"twitter:label1\" content=\"\u00c9crit par\" \/>\n\t<meta name=\"twitter:data1\" content=\"wcarigle\" \/>\n\t<meta name=\"twitter:label2\" content=\"Dur\u00e9e de lecture estim\u00e9e\" \/>\n\t<meta name=\"twitter:data2\" content=\"1 minute\" \/>\n<script type=\"application\/ld+json\" class=\"yoast-schema-graph\">{\"@context\":\"https:\/\/schema.org\",\"@graph\":[{\"@type\":\"WebPage\",\"@id\":\"https:\/\/www.carnicasiglesias.com\/noticias\/ven-a-visitarnos-al-salon-gourmets-ifema-madrid-del-7-al-10-de-abril-2025\/\",\"url\":\"https:\/\/www.carnicasiglesias.com\/noticias\/ven-a-visitarnos-al-salon-gourmets-ifema-madrid-del-7-al-10-de-abril-2025\/\",\"name\":\"Ven a visitarnos al SAL\u00d3N GOURMETS IFEMA MADRID del 7 al 10 de abril 2025 | C\u00e1rnicas Iglesias\",\"isPartOf\":{\"@id\":\"https:\/\/www.carnicasiglesias.com\/#website\"},\"primaryImageOfPage\":{\"@id\":\"https:\/\/www.carnicasiglesias.com\/noticias\/ven-a-visitarnos-al-salon-gourmets-ifema-madrid-del-7-al-10-de-abril-2025\/#primaryimage\"},\"image\":{\"@id\":\"https:\/\/www.carnicasiglesias.com\/noticias\/ven-a-visitarnos-al-salon-gourmets-ifema-madrid-del-7-al-10-de-abril-2025\/#primaryimage\"},\"thumbnailUrl\":\"https:\/\/www.carnicasiglesias.com\/wp-content\/uploads\/2025\/03\/RRSS-gourmet.jpeg\",\"datePublished\":\"2025-03-18T11:12:36+00:00\",\"dateModified\":\"2025-03-18T11:15:41+00:00\",\"author\":{\"@id\":\"https:\/\/www.carnicasiglesias.com\/#\/schema\/person\/aaaf7d4dc5dc4bbfeb2f346eb04801eb\"},\"description\":\"P\u00e1gina de Ven a visitarnos al SAL\u00d3N GOURMETS IFEMA MADRID del 7 al 10 de abril 2025 en la cual se encuentra la ficha del producto.\",\"breadcrumb\":{\"@id\":\"https:\/\/www.carnicasiglesias.com\/noticias\/ven-a-visitarnos-al-salon-gourmets-ifema-madrid-del-7-al-10-de-abril-2025\/#breadcrumb\"},\"inLanguage\":\"fr-FR\",\"potentialAction\":[{\"@type\":\"ReadAction\",\"target\":[\"https:\/\/www.carnicasiglesias.com\/noticias\/ven-a-visitarnos-al-salon-gourmets-ifema-madrid-del-7-al-10-de-abril-2025\/\"]}]},{\"@type\":\"ImageObject\",\"inLanguage\":\"fr-FR\",\"@id\":\"https:\/\/www.carnicasiglesias.com\/noticias\/ven-a-visitarnos-al-salon-gourmets-ifema-madrid-del-7-al-10-de-abril-2025\/#primaryimage\",\"url\":\"https:\/\/www.carnicasiglesias.com\/wp-content\/uploads\/2025\/03\/RRSS-gourmet.jpeg\",\"contentUrl\":\"https:\/\/www.carnicasiglesias.com\/wp-content\/uploads\/2025\/03\/RRSS-gourmet.jpeg\",\"width\":1600,\"height\":900,\"caption\":\"Twitter 2024 - twitter 2024\"},{\"@type\":\"BreadcrumbList\",\"@id\":\"https:\/\/www.carnicasiglesias.com\/noticias\/ven-a-visitarnos-al-salon-gourmets-ifema-madrid-del-7-al-10-de-abril-2025\/#breadcrumb\",\"itemListElement\":[{\"@type\":\"ListItem\",\"position\":1,\"name\":\"Portada\",\"item\":\"https:\/\/www.carnicasiglesias.com\/fr\/\"},{\"@type\":\"ListItem\",\"position\":2,\"name\":\"Ven a visitarnos al SAL\u00d3N GOURMETS IFEMA MADRID del 7 al 10 de abril 2025\"}]},{\"@type\":\"WebSite\",\"@id\":\"https:\/\/www.carnicasiglesias.com\/#website\",\"url\":\"https:\/\/www.carnicasiglesias.com\/\",\"name\":\"C\u00e1rnicas Iglesias\",\"description\":\"P\u00e1gina web de C\u00e1rnicas Iglesias\",\"potentialAction\":[{\"@type\":\"SearchAction\",\"target\":{\"@type\":\"EntryPoint\",\"urlTemplate\":\"https:\/\/www.carnicasiglesias.com\/?s={search_term_string}\"},\"query-input\":{\"@type\":\"PropertyValueSpecification\",\"valueRequired\":true,\"valueName\":\"search_term_string\"}}],\"inLanguage\":\"fr-FR\"},{\"@type\":\"Person\",\"@id\":\"https:\/\/www.carnicasiglesias.com\/#\/schema\/person\/aaaf7d4dc5dc4bbfeb2f346eb04801eb\",\"name\":\"wcarigle\",\"image\":{\"@type\":\"ImageObject\",\"inLanguage\":\"fr-FR\",\"@id\":\"https:\/\/www.carnicasiglesias.com\/#\/schema\/person\/image\/\",\"url\":\"https:\/\/secure.gravatar.com\/avatar\/c508261c9bb726f239f6caae30854a8c?s=96&d=mm&r=g\",\"contentUrl\":\"https:\/\/secure.gravatar.com\/avatar\/c508261c9bb726f239f6caae30854a8c?s=96&d=mm&r=g\",\"caption\":\"wcarigle\"}}]}<\/script>\n<!-- \/ Yoast SEO plugin. -->","yoast_head_json":{"title":"Ven a visitarnos al SAL\u00d3N GOURMETS IFEMA MADRID del 7 al 10 de abril 2025 | C\u00e1rnicas Iglesias","description":"P\u00e1gina de Ven a visitarnos al SAL\u00d3N GOURMETS IFEMA MADRID del 7 al 10 de abril 2025 en la cual se encuentra la ficha del producto.","robots":{"index":"index","follow":"follow","max-snippet":"max-snippet:-1","max-image-preview":"max-image-preview:large","max-video-preview":"max-video-preview:-1"},"canonical":"https:\/\/www.carnicasiglesias.com\/noticias\/ven-a-visitarnos-al-salon-gourmets-ifema-madrid-del-7-al-10-de-abril-2025\/","og_locale":"fr_FR","og_type":"article","og_title":"Ven a visitarnos al SAL\u00d3N GOURMETS IFEMA MADRID del 7 al 10 de abril 2025 | C\u00e1rnicas Iglesias","og_description":"P\u00e1gina de Ven a visitarnos al SAL\u00d3N GOURMETS IFEMA MADRID del 7 al 10 de abril 2025 en la cual se encuentra la ficha del producto.","og_url":"https:\/\/www.carnicasiglesias.com\/noticias\/ven-a-visitarnos-al-salon-gourmets-ifema-madrid-del-7-al-10-de-abril-2025\/","og_site_name":"C\u00e1rnicas Iglesias","article_published_time":"2025-03-18T11:12:36+00:00","article_modified_time":"2025-03-18T11:15:41+00:00","og_image":[{"width":1600,"height":900,"url":"https:\/\/www.carnicasiglesias.com\/wp-content\/uploads\/2025\/03\/RRSS-gourmet.jpeg","type":"image\/jpeg"}],"author":"wcarigle","twitter_card":"summary_large_image","twitter_misc":{"\u00c9crit par":"wcarigle","Dur\u00e9e de lecture estim\u00e9e":"1 minute"},"schema":{"@context":"https:\/\/schema.org","@graph":[{"@type":"WebPage","@id":"https:\/\/www.carnicasiglesias.com\/noticias\/ven-a-visitarnos-al-salon-gourmets-ifema-madrid-del-7-al-10-de-abril-2025\/","url":"https:\/\/www.carnicasiglesias.com\/noticias\/ven-a-visitarnos-al-salon-gourmets-ifema-madrid-del-7-al-10-de-abril-2025\/","name":"Ven a visitarnos al SAL\u00d3N GOURMETS IFEMA MADRID del 7 al 10 de abril 2025 | C\u00e1rnicas Iglesias","isPartOf":{"@id":"https:\/\/www.carnicasiglesias.com\/#website"},"primaryImageOfPage":{"@id":"https:\/\/www.carnicasiglesias.com\/noticias\/ven-a-visitarnos-al-salon-gourmets-ifema-madrid-del-7-al-10-de-abril-2025\/#primaryimage"},"image":{"@id":"https:\/\/www.carnicasiglesias.com\/noticias\/ven-a-visitarnos-al-salon-gourmets-ifema-madrid-del-7-al-10-de-abril-2025\/#primaryimage"},"thumbnailUrl":"https:\/\/www.carnicasiglesias.com\/wp-content\/uploads\/2025\/03\/RRSS-gourmet.jpeg","datePublished":"2025-03-18T11:12:36+00:00","dateModified":"2025-03-18T11:15:41+00:00","author":{"@id":"https:\/\/www.carnicasiglesias.com\/#\/schema\/person\/aaaf7d4dc5dc4bbfeb2f346eb04801eb"},"description":"P\u00e1gina de Ven a visitarnos al SAL\u00d3N GOURMETS IFEMA MADRID del 7 al 10 de abril 2025 en la cual se encuentra la ficha del producto.","breadcrumb":{"@id":"https:\/\/www.carnicasiglesias.com\/noticias\/ven-a-visitarnos-al-salon-gourmets-ifema-madrid-del-7-al-10-de-abril-2025\/#breadcrumb"},"inLanguage":"fr-FR","potentialAction":[{"@type":"ReadAction","target":["https:\/\/www.carnicasiglesias.com\/noticias\/ven-a-visitarnos-al-salon-gourmets-ifema-madrid-del-7-al-10-de-abril-2025\/"]}]},{"@type":"ImageObject","inLanguage":"fr-FR","@id":"https:\/\/www.carnicasiglesias.com\/noticias\/ven-a-visitarnos-al-salon-gourmets-ifema-madrid-del-7-al-10-de-abril-2025\/#primaryimage","url":"https:\/\/www.carnicasiglesias.com\/wp-content\/uploads\/2025\/03\/RRSS-gourmet.jpeg","contentUrl":"https:\/\/www.carnicasiglesias.com\/wp-content\/uploads\/2025\/03\/RRSS-gourmet.jpeg","width":1600,"height":900,"caption":"Twitter 2024 - twitter 2024"},{"@type":"BreadcrumbList","@id":"https:\/\/www.carnicasiglesias.com\/noticias\/ven-a-visitarnos-al-salon-gourmets-ifema-madrid-del-7-al-10-de-abril-2025\/#breadcrumb","itemListElement":[{"@type":"ListItem","position":1,"name":"Portada","item":"https:\/\/www.carnicasiglesias.com\/fr\/"},{"@type":"ListItem","position":2,"name":"Ven a visitarnos al SAL\u00d3N GOURMETS IFEMA MADRID del 7 al 10 de abril 2025"}]},{"@type":"WebSite","@id":"https:\/\/www.carnicasiglesias.com\/#website","url":"https:\/\/www.carnicasiglesias.com\/","name":"C\u00e1rnicas Iglesias","description":"P\u00e1gina web de C\u00e1rnicas Iglesias","potentialAction":[{"@type":"SearchAction","target":{"@type":"EntryPoint","urlTemplate":"https:\/\/www.carnicasiglesias.com\/?s={search_term_string}"},"query-input":{"@type":"PropertyValueSpecification","valueRequired":true,"valueName":"search_term_string"}}],"inLanguage":"fr-FR"},{"@type":"Person","@id":"https:\/\/www.carnicasiglesias.com\/#\/schema\/person\/aaaf7d4dc5dc4bbfeb2f346eb04801eb","name":"wcarigle","image":{"@type":"ImageObject","inLanguage":"fr-FR","@id":"https:\/\/www.carnicasiglesias.com\/#\/schema\/person\/image\/","url":"https:\/\/secure.gravatar.com\/avatar\/c508261c9bb726f239f6caae30854a8c?s=96&d=mm&r=g","contentUrl":"https:\/\/secure.gravatar.com\/avatar\/c508261c9bb726f239f6caae30854a8c?s=96&d=mm&r=g","caption":"wcarigle"}}]}},"_links":{"self":[{"href":"https:\/\/www.carnicasiglesias.com\/fr\/wp-json\/wp\/v2\/posts\/4331","targetHints":{"allow":["GET"]}}],"collection":[{"href":"https:\/\/www.carnicasiglesias.com\/fr\/wp-json\/wp\/v2\/posts"}],"about":[{"href":"https:\/\/www.carnicasiglesias.com\/fr\/wp-json\/wp\/v2\/types\/post"}],"author":[{"embeddable":true,"href":"https:\/\/www.carnicasiglesias.com\/fr\/wp-json\/wp\/v2\/users\/1"}],"replies":[{"embeddable":true,"href":"https:\/\/www.carnicasiglesias.com\/fr\/wp-json\/wp\/v2\/comments?post=4331"}],"version-history":[{"count":3,"href":"https:\/\/www.carnicasiglesias.com\/fr\/wp-json\/wp\/v2\/posts\/4331\/revisions"}],"predecessor-version":[{"id":4339,"href":"https:\/\/www.carnicasiglesias.com\/fr\/wp-json\/wp\/v2\/posts\/4331\/revisions\/4339"}],"wp:featuredmedia":[{"embeddable":true,"href":"https:\/\/www.carnicasiglesias.com\/fr\/wp-json\/wp\/v2\/media\/4332"}],"wp:attachment":[{"href":"https:\/\/www.carnicasiglesias.com\/fr\/wp-json\/wp\/v2\/media?parent=4331"}],"wp:term":[{"taxonomy":"category","embeddable":true,"href":"https:\/\/www.carnicasiglesias.com\/fr\/wp-json\/wp\/v2\/categories?post=4331"},{"taxonomy":"post_tag","embeddable":true,"href":"https:\/\/www.carnicasiglesias.com\/fr\/wp-json\/wp\/v2\/tags?post=4331"}],"curies":[{"name":"wp","href":"https:\/\/api.w.org\/{rel}","templated":true}]}}