{"id":683,"date":"2018-03-01T17:05:27","date_gmt":"2018-03-01T16:05:27","guid":{"rendered":"http:\/\/www.carnicasiglesias.com\/?p=683"},"modified":"2018-03-01T17:06:11","modified_gmt":"2018-03-01T16:06:11","slug":"asamblea-general-vitartis","status":"publish","type":"post","link":"https:\/\/www.carnicasiglesias.com\/fr\/noticias\/asamblea-general-vitartis\/","title":{"rendered":"Asamblea General de Vitartis"},"content":{"rendered":"<p>El pasado 28 de febrero acudimos a la Asamblea General de Vitartis (Asociaci\u00f3n de Empresas Agroalimentarias de Castilla y Le\u00f3n), de la que somos socios y en la que se presentaron y trataron temas de gran inter\u00e9s: revista anual de VITARTIS 2018, v\u00eddeo Corporativo, C\u00f3digo de Derecho Agroalimentario, Convenio firmado con FIAB, planificaci\u00f3n de actividades para 2018,\u2026<\/p>\n<p>En el programa \u00ab\u00a0Aqu\u00ed en la Onda Castilla y Le\u00f3n\u00a0\u00bb de Onda Cero, en el que intervino Ricardo Iglesias, Director Comercial de C\u00e1rnicas Iglesias, se emiti\u00f3 un nuevo espacio de Vitartis de\u00a0<strong>\u00ab\u00a0Actualidad de las empresas agroalimentarias\u00a0\u00bb<\/strong><br \/>\nEn el siguiente enlace pod\u00e9is descargaros el podcast del programa. La intervenci\u00f3n de Ricardo la encontrar\u00e9is a partir del minuto 30:39:\u00a0<a href=\"http:\/\/www.ondacero.es\/emisoras\/castilla-y-leon\/valladolid\/audios-podcast\/aqui-en-la-onda-castilla-y-leon-20062017_20170620594964680cf23705fbdb4438.html\" data-saferedirecturl=\"https:\/\/www.google.com\/url?hl=es&amp;q=http:\/\/www.ondacero.es\/emisoras\/castilla-y-leon\/valladolid\/audios-podcast\/aqui-en-la-onda-castilla-y-leon-20062017_20170620594964680cf23705fbdb4438.html&amp;source=gmail&amp;ust=1519994556147000&amp;usg=AFQjCNHy38c5_oFi5HE2q7eKXsbBAXxKMA\">Aqui en la Onda_C\u00e1rnicas Iglesias<\/a><\/p>\n","protected":false},"excerpt":{"rendered":"<p>El pasado 28 de febrero acudimos a la Asamblea General de Vitartis (Asociaci\u00f3n de Empresas Agroalimentarias de Castilla y Le\u00f3n), de la que somos socios y en la que se presentaron y trataron temas de gran inter\u00e9s: revista anual de VITARTIS 2018, v\u00eddeo Corporativo, C\u00f3digo de Derecho Agroalimentario, Convenio firmado con FIAB, planificaci\u00f3n de actividades &hellip; <\/p>\n<p class=\"link-more\"><a href=\"https:\/\/www.carnicasiglesias.com\/fr\/noticias\/asamblea-general-vitartis\/\" class=\"more-link\">Continue reading<span class=\"screen-reader-text\"> \u00ab\u00a0Asamblea General de Vitartis\u00a0\u00bb<\/span><\/a><\/p>\n","protected":false},"author":1,"featured_media":684,"comment_status":"open","ping_status":"open","sticky":false,"template":"","format":"standard","meta":{"_acf_changed":false,"footnotes":""},"categories":[9],"tags":[],"class_list":["post-683","post","type-post","status-publish","format-standard","has-post-thumbnail","hentry","category-noticias"],"acf":[],"yoast_head":"<!-- This site is optimized with the Yoast SEO plugin v24.8.1 - https:\/\/yoast.com\/wordpress\/plugins\/seo\/ -->\n<title>Asamblea General de Vitartis | C\u00e1rnicas Iglesias<\/title>\n<meta name=\"description\" content=\"P\u00e1gina de Asamblea General de Vitartis en la cual se encuentra la ficha del producto.\" \/>\n<meta name=\"robots\" content=\"index, follow, max-snippet:-1, max-image-preview:large, max-video-preview:-1\" \/>\n<link rel=\"canonical\" href=\"https:\/\/www.carnicasiglesias.com\/noticias\/asamblea-general-vitartis\/\" \/>\n<meta property=\"og:locale\" content=\"fr_FR\" \/>\n<meta property=\"og:type\" content=\"article\" \/>\n<meta property=\"og:title\" content=\"Asamblea General de Vitartis | C\u00e1rnicas Iglesias\" \/>\n<meta property=\"og:description\" content=\"P\u00e1gina de Asamblea General de Vitartis en la cual se encuentra la ficha del producto.\" \/>\n<meta property=\"og:url\" content=\"https:\/\/www.carnicasiglesias.com\/noticias\/asamblea-general-vitartis\/\" \/>\n<meta property=\"og:site_name\" content=\"C\u00e1rnicas Iglesias\" \/>\n<meta property=\"article:published_time\" content=\"2018-03-01T16:05:27+00:00\" \/>\n<meta property=\"article:modified_time\" content=\"2018-03-01T16:06:11+00:00\" \/>\n<meta property=\"og:image\" content=\"https:\/\/www.carnicasiglesias.com\/wp-content\/uploads\/2018\/03\/1Vitartis.-Asamblea2018-1024x485.jpg\" \/>\n\t<meta property=\"og:image:width\" content=\"1024\" \/>\n\t<meta property=\"og:image:height\" content=\"485\" \/>\n\t<meta property=\"og:image:type\" content=\"image\/jpeg\" \/>\n<meta name=\"author\" content=\"wcarigle\" \/>\n<meta name=\"twitter:card\" content=\"summary_large_image\" \/>\n<meta name=\"twitter:label1\" content=\"\u00c9crit par\" \/>\n\t<meta name=\"twitter:data1\" content=\"wcarigle\" \/>\n\t<meta name=\"twitter:label2\" content=\"Dur\u00e9e de lecture estim\u00e9e\" \/>\n\t<meta name=\"twitter:data2\" content=\"1 minute\" \/>\n<script type=\"application\/ld+json\" class=\"yoast-schema-graph\">{\"@context\":\"https:\/\/schema.org\",\"@graph\":[{\"@type\":\"WebPage\",\"@id\":\"https:\/\/www.carnicasiglesias.com\/noticias\/asamblea-general-vitartis\/\",\"url\":\"https:\/\/www.carnicasiglesias.com\/noticias\/asamblea-general-vitartis\/\",\"name\":\"Asamblea General de Vitartis | C\u00e1rnicas Iglesias\",\"isPartOf\":{\"@id\":\"https:\/\/www.carnicasiglesias.com\/#website\"},\"primaryImageOfPage\":{\"@id\":\"https:\/\/www.carnicasiglesias.com\/noticias\/asamblea-general-vitartis\/#primaryimage\"},\"image\":{\"@id\":\"https:\/\/www.carnicasiglesias.com\/noticias\/asamblea-general-vitartis\/#primaryimage\"},\"thumbnailUrl\":\"https:\/\/www.carnicasiglesias.com\/wp-content\/uploads\/2018\/03\/1Vitartis.-Asamblea2018.jpg\",\"datePublished\":\"2018-03-01T16:05:27+00:00\",\"dateModified\":\"2018-03-01T16:06:11+00:00\",\"author\":{\"@id\":\"https:\/\/www.carnicasiglesias.com\/#\/schema\/person\/aaaf7d4dc5dc4bbfeb2f346eb04801eb\"},\"description\":\"P\u00e1gina de Asamblea General de Vitartis en la cual se encuentra la ficha del producto.\",\"breadcrumb\":{\"@id\":\"https:\/\/www.carnicasiglesias.com\/noticias\/asamblea-general-vitartis\/#breadcrumb\"},\"inLanguage\":\"fr-FR\",\"potentialAction\":[{\"@type\":\"ReadAction\",\"target\":[\"https:\/\/www.carnicasiglesias.com\/noticias\/asamblea-general-vitartis\/\"]}]},{\"@type\":\"ImageObject\",\"inLanguage\":\"fr-FR\",\"@id\":\"https:\/\/www.carnicasiglesias.com\/noticias\/asamblea-general-vitartis\/#primaryimage\",\"url\":\"https:\/\/www.carnicasiglesias.com\/wp-content\/uploads\/2018\/03\/1Vitartis.-Asamblea2018.jpg\",\"contentUrl\":\"https:\/\/www.carnicasiglesias.com\/wp-content\/uploads\/2018\/03\/1Vitartis.-Asamblea2018.jpg\",\"width\":5324,\"height\":2524},{\"@type\":\"BreadcrumbList\",\"@id\":\"https:\/\/www.carnicasiglesias.com\/noticias\/asamblea-general-vitartis\/#breadcrumb\",\"itemListElement\":[{\"@type\":\"ListItem\",\"position\":1,\"name\":\"Portada\",\"item\":\"https:\/\/www.carnicasiglesias.com\/fr\/\"},{\"@type\":\"ListItem\",\"position\":2,\"name\":\"Asamblea General de Vitartis\"}]},{\"@type\":\"WebSite\",\"@id\":\"https:\/\/www.carnicasiglesias.com\/#website\",\"url\":\"https:\/\/www.carnicasiglesias.com\/\",\"name\":\"C\u00e1rnicas Iglesias\",\"description\":\"P\u00e1gina web de C\u00e1rnicas Iglesias\",\"potentialAction\":[{\"@type\":\"SearchAction\",\"target\":{\"@type\":\"EntryPoint\",\"urlTemplate\":\"https:\/\/www.carnicasiglesias.com\/?s={search_term_string}\"},\"query-input\":{\"@type\":\"PropertyValueSpecification\",\"valueRequired\":true,\"valueName\":\"search_term_string\"}}],\"inLanguage\":\"fr-FR\"},{\"@type\":\"Person\",\"@id\":\"https:\/\/www.carnicasiglesias.com\/#\/schema\/person\/aaaf7d4dc5dc4bbfeb2f346eb04801eb\",\"name\":\"wcarigle\",\"image\":{\"@type\":\"ImageObject\",\"inLanguage\":\"fr-FR\",\"@id\":\"https:\/\/www.carnicasiglesias.com\/#\/schema\/person\/image\/\",\"url\":\"https:\/\/secure.gravatar.com\/avatar\/c508261c9bb726f239f6caae30854a8c?s=96&d=mm&r=g\",\"contentUrl\":\"https:\/\/secure.gravatar.com\/avatar\/c508261c9bb726f239f6caae30854a8c?s=96&d=mm&r=g\",\"caption\":\"wcarigle\"}}]}<\/script>\n<!-- \/ Yoast SEO plugin. -->","yoast_head_json":{"title":"Asamblea General de Vitartis | C\u00e1rnicas Iglesias","description":"P\u00e1gina de Asamblea General de Vitartis en la cual se encuentra la ficha del producto.","robots":{"index":"index","follow":"follow","max-snippet":"max-snippet:-1","max-image-preview":"max-image-preview:large","max-video-preview":"max-video-preview:-1"},"canonical":"https:\/\/www.carnicasiglesias.com\/noticias\/asamblea-general-vitartis\/","og_locale":"fr_FR","og_type":"article","og_title":"Asamblea General de Vitartis | C\u00e1rnicas Iglesias","og_description":"P\u00e1gina de Asamblea General de Vitartis en la cual se encuentra la ficha del producto.","og_url":"https:\/\/www.carnicasiglesias.com\/noticias\/asamblea-general-vitartis\/","og_site_name":"C\u00e1rnicas Iglesias","article_published_time":"2018-03-01T16:05:27+00:00","article_modified_time":"2018-03-01T16:06:11+00:00","og_image":[{"width":1024,"height":485,"url":"https:\/\/www.carnicasiglesias.com\/wp-content\/uploads\/2018\/03\/1Vitartis.-Asamblea2018-1024x485.jpg","type":"image\/jpeg"}],"author":"wcarigle","twitter_card":"summary_large_image","twitter_misc":{"\u00c9crit par":"wcarigle","Dur\u00e9e de lecture estim\u00e9e":"1 minute"},"schema":{"@context":"https:\/\/schema.org","@graph":[{"@type":"WebPage","@id":"https:\/\/www.carnicasiglesias.com\/noticias\/asamblea-general-vitartis\/","url":"https:\/\/www.carnicasiglesias.com\/noticias\/asamblea-general-vitartis\/","name":"Asamblea General de Vitartis | C\u00e1rnicas Iglesias","isPartOf":{"@id":"https:\/\/www.carnicasiglesias.com\/#website"},"primaryImageOfPage":{"@id":"https:\/\/www.carnicasiglesias.com\/noticias\/asamblea-general-vitartis\/#primaryimage"},"image":{"@id":"https:\/\/www.carnicasiglesias.com\/noticias\/asamblea-general-vitartis\/#primaryimage"},"thumbnailUrl":"https:\/\/www.carnicasiglesias.com\/wp-content\/uploads\/2018\/03\/1Vitartis.-Asamblea2018.jpg","datePublished":"2018-03-01T16:05:27+00:00","dateModified":"2018-03-01T16:06:11+00:00","author":{"@id":"https:\/\/www.carnicasiglesias.com\/#\/schema\/person\/aaaf7d4dc5dc4bbfeb2f346eb04801eb"},"description":"P\u00e1gina de Asamblea General de Vitartis en la cual se encuentra la ficha del producto.","breadcrumb":{"@id":"https:\/\/www.carnicasiglesias.com\/noticias\/asamblea-general-vitartis\/#breadcrumb"},"inLanguage":"fr-FR","potentialAction":[{"@type":"ReadAction","target":["https:\/\/www.carnicasiglesias.com\/noticias\/asamblea-general-vitartis\/"]}]},{"@type":"ImageObject","inLanguage":"fr-FR","@id":"https:\/\/www.carnicasiglesias.com\/noticias\/asamblea-general-vitartis\/#primaryimage","url":"https:\/\/www.carnicasiglesias.com\/wp-content\/uploads\/2018\/03\/1Vitartis.-Asamblea2018.jpg","contentUrl":"https:\/\/www.carnicasiglesias.com\/wp-content\/uploads\/2018\/03\/1Vitartis.-Asamblea2018.jpg","width":5324,"height":2524},{"@type":"BreadcrumbList","@id":"https:\/\/www.carnicasiglesias.com\/noticias\/asamblea-general-vitartis\/#breadcrumb","itemListElement":[{"@type":"ListItem","position":1,"name":"Portada","item":"https:\/\/www.carnicasiglesias.com\/fr\/"},{"@type":"ListItem","position":2,"name":"Asamblea General de Vitartis"}]},{"@type":"WebSite","@id":"https:\/\/www.carnicasiglesias.com\/#website","url":"https:\/\/www.carnicasiglesias.com\/","name":"C\u00e1rnicas Iglesias","description":"P\u00e1gina web de C\u00e1rnicas Iglesias","potentialAction":[{"@type":"SearchAction","target":{"@type":"EntryPoint","urlTemplate":"https:\/\/www.carnicasiglesias.com\/?s={search_term_string}"},"query-input":{"@type":"PropertyValueSpecification","valueRequired":true,"valueName":"search_term_string"}}],"inLanguage":"fr-FR"},{"@type":"Person","@id":"https:\/\/www.carnicasiglesias.com\/#\/schema\/person\/aaaf7d4dc5dc4bbfeb2f346eb04801eb","name":"wcarigle","image":{"@type":"ImageObject","inLanguage":"fr-FR","@id":"https:\/\/www.carnicasiglesias.com\/#\/schema\/person\/image\/","url":"https:\/\/secure.gravatar.com\/avatar\/c508261c9bb726f239f6caae30854a8c?s=96&d=mm&r=g","contentUrl":"https:\/\/secure.gravatar.com\/avatar\/c508261c9bb726f239f6caae30854a8c?s=96&d=mm&r=g","caption":"wcarigle"}}]}},"_links":{"self":[{"href":"https:\/\/www.carnicasiglesias.com\/fr\/wp-json\/wp\/v2\/posts\/683","targetHints":{"allow":["GET"]}}],"collection":[{"href":"https:\/\/www.carnicasiglesias.com\/fr\/wp-json\/wp\/v2\/posts"}],"about":[{"href":"https:\/\/www.carnicasiglesias.com\/fr\/wp-json\/wp\/v2\/types\/post"}],"author":[{"embeddable":true,"href":"https:\/\/www.carnicasiglesias.com\/fr\/wp-json\/wp\/v2\/users\/1"}],"replies":[{"embeddable":true,"href":"https:\/\/www.carnicasiglesias.com\/fr\/wp-json\/wp\/v2\/comments?post=683"}],"version-history":[{"count":2,"href":"https:\/\/www.carnicasiglesias.com\/fr\/wp-json\/wp\/v2\/posts\/683\/revisions"}],"predecessor-version":[{"id":686,"href":"https:\/\/www.carnicasiglesias.com\/fr\/wp-json\/wp\/v2\/posts\/683\/revisions\/686"}],"wp:featuredmedia":[{"embeddable":true,"href":"https:\/\/www.carnicasiglesias.com\/fr\/wp-json\/wp\/v2\/media\/684"}],"wp:attachment":[{"href":"https:\/\/www.carnicasiglesias.com\/fr\/wp-json\/wp\/v2\/media?parent=683"}],"wp:term":[{"taxonomy":"category","embeddable":true,"href":"https:\/\/www.carnicasiglesias.com\/fr\/wp-json\/wp\/v2\/categories?post=683"},{"taxonomy":"post_tag","embeddable":true,"href":"https:\/\/www.carnicasiglesias.com\/fr\/wp-json\/wp\/v2\/tags?post=683"}],"curies":[{"name":"wp","href":"https:\/\/api.w.org\/{rel}","templated":true}]}}