{"id":857,"date":"2019-01-29T09:28:45","date_gmt":"2019-01-29T08:28:45","guid":{"rendered":"http:\/\/www.carnicasiglesias.com\/?p=857"},"modified":"2019-01-29T09:30:46","modified_gmt":"2019-01-29T08:30:46","slug":"iglesias-la-feria-sirha-2019","status":"publish","type":"post","link":"https:\/\/www.carnicasiglesias.com\/fr\/noticias\/iglesias-la-feria-sirha-2019\/","title":{"rendered":"IGLESIAS EN LA FERIA SIRHA 2019"},"content":{"rendered":"<p>La nueva edici\u00f3n de Sirha 2019, la mayor Feria Internacional de la Restauraci\u00f3n, arranca este 26 de enero en Lyon y Espa\u00f1a va a estar presente en cuatro pabellones: FIAB, Junta de\u00a0Castilla y Le\u00f3n, Prodeca-Catalu\u00f1a y Pays Basque-Basque Country.<\/p>\n<p>Industrias C\u00e1rnicas Iglesias estar\u00e1 all\u00ed con su stand hasta el 30 de enero con sus compa\u00f1eros de Appetite Food\u00a0Consulting y la Junta de Castilla y Le\u00f3n.<\/p>\n<p>Lyon, ser\u00e1 la ciudad gala que albergue este encuentro y se convertir\u00e1 en un ir y venir de profesionales del sector. En esta nueva edici\u00f3n, Espa\u00f1a estar\u00e1 m\u00e1s presente que nunca para demostrar que, tanto los profesionales como las empresas de nuestro pa\u00eds, tienen todos los atributos necesarios para competir junto a otros territorios.<\/p>\n<p>La feria ofrecer\u00e1 una amplia gama de ideas concretas para concienciar a la industria de las nuevas tendencias alimenticias y poner en alza el valor de profesionales que innovan en sus creaciones.<\/p>\n<p><img loading=\"lazy\" decoding=\"async\" class=\"alignnone wp-image-858 size-large\" src=\"http:\/\/www.carnicasiglesias.com\/wp-content\/uploads\/2019\/01\/SIRHA1-768x1024.jpg\" alt=\"\" width=\"525\" height=\"700\" srcset=\"https:\/\/www.carnicasiglesias.com\/wp-content\/uploads\/2019\/01\/SIRHA1-768x1024.jpg 768w, https:\/\/www.carnicasiglesias.com\/wp-content\/uploads\/2019\/01\/SIRHA1-225x300.jpg 225w, https:\/\/www.carnicasiglesias.com\/wp-content\/uploads\/2019\/01\/SIRHA1.jpg 900w\" sizes=\"auto, (max-width: 525px) 100vw, 525px\" \/><\/p>\n","protected":false},"excerpt":{"rendered":"<p>La nueva edici\u00f3n de Sirha 2019, la mayor Feria Internacional de la Restauraci\u00f3n, arranca este 26 de enero en Lyon y Espa\u00f1a va a estar presente en cuatro pabellones: FIAB, Junta de\u00a0Castilla y Le\u00f3n, Prodeca-Catalu\u00f1a y Pays Basque-Basque Country. Industrias C\u00e1rnicas Iglesias estar\u00e1 all\u00ed con su stand hasta el 30 de enero con sus compa\u00f1eros &hellip; <\/p>\n<p class=\"link-more\"><a href=\"https:\/\/www.carnicasiglesias.com\/fr\/noticias\/iglesias-la-feria-sirha-2019\/\" class=\"more-link\">Continue reading<span class=\"screen-reader-text\"> \u00ab\u00a0IGLESIAS EN LA FERIA SIRHA 2019\u00a0\u00bb<\/span><\/a><\/p>\n","protected":false},"author":1,"featured_media":860,"comment_status":"open","ping_status":"open","sticky":false,"template":"","format":"standard","meta":{"_acf_changed":false,"footnotes":""},"categories":[9],"tags":[],"class_list":["post-857","post","type-post","status-publish","format-standard","has-post-thumbnail","hentry","category-noticias"],"acf":[],"yoast_head":"<!-- This site is optimized with the Yoast SEO plugin v24.8.1 - https:\/\/yoast.com\/wordpress\/plugins\/seo\/ -->\n<title>IGLESIAS EN LA FERIA SIRHA 2019 | C\u00e1rnicas Iglesias<\/title>\n<meta name=\"description\" content=\"P\u00e1gina de IGLESIAS EN LA FERIA SIRHA 2019 en la cual se encuentra la ficha del producto.\" \/>\n<meta name=\"robots\" content=\"index, follow, max-snippet:-1, max-image-preview:large, max-video-preview:-1\" \/>\n<link rel=\"canonical\" href=\"https:\/\/www.carnicasiglesias.com\/en\/news\/iglesias-la-feria-sirha-2019\/\" \/>\n<meta property=\"og:locale\" content=\"fr_FR\" \/>\n<meta property=\"og:type\" content=\"article\" \/>\n<meta property=\"og:title\" content=\"IGLESIAS EN LA FERIA SIRHA 2019 | C\u00e1rnicas Iglesias\" \/>\n<meta property=\"og:description\" content=\"P\u00e1gina de IGLESIAS EN LA FERIA SIRHA 2019 en la cual se encuentra la ficha del producto.\" \/>\n<meta property=\"og:url\" content=\"https:\/\/www.carnicasiglesias.com\/en\/news\/iglesias-la-feria-sirha-2019\/\" \/>\n<meta property=\"og:site_name\" content=\"C\u00e1rnicas Iglesias\" \/>\n<meta property=\"article:published_time\" content=\"2019-01-29T08:28:45+00:00\" \/>\n<meta property=\"article:modified_time\" content=\"2019-01-29T08:30:46+00:00\" \/>\n<meta property=\"og:image\" content=\"https:\/\/www.carnicasiglesias.com\/wp-content\/uploads\/2019\/01\/IGH-Feria-SYRHA-2019.jpg\" \/>\n\t<meta property=\"og:image:width\" content=\"784\" \/>\n\t<meta property=\"og:image:height\" content=\"413\" \/>\n\t<meta property=\"og:image:type\" content=\"image\/jpeg\" \/>\n<meta name=\"author\" content=\"wcarigle\" \/>\n<meta name=\"twitter:card\" content=\"summary_large_image\" \/>\n<meta name=\"twitter:label1\" content=\"\u00c9crit par\" \/>\n\t<meta name=\"twitter:data1\" content=\"wcarigle\" \/>\n\t<meta name=\"twitter:label2\" content=\"Dur\u00e9e de lecture estim\u00e9e\" \/>\n\t<meta name=\"twitter:data2\" content=\"1 minute\" \/>\n<script type=\"application\/ld+json\" class=\"yoast-schema-graph\">{\"@context\":\"https:\/\/schema.org\",\"@graph\":[{\"@type\":\"WebPage\",\"@id\":\"https:\/\/www.carnicasiglesias.com\/en\/news\/iglesias-la-feria-sirha-2019\/\",\"url\":\"https:\/\/www.carnicasiglesias.com\/en\/news\/iglesias-la-feria-sirha-2019\/\",\"name\":\"IGLESIAS EN LA FERIA SIRHA 2019 | C\u00e1rnicas Iglesias\",\"isPartOf\":{\"@id\":\"https:\/\/www.carnicasiglesias.com\/#website\"},\"primaryImageOfPage\":{\"@id\":\"https:\/\/www.carnicasiglesias.com\/en\/news\/iglesias-la-feria-sirha-2019\/#primaryimage\"},\"image\":{\"@id\":\"https:\/\/www.carnicasiglesias.com\/en\/news\/iglesias-la-feria-sirha-2019\/#primaryimage\"},\"thumbnailUrl\":\"https:\/\/www.carnicasiglesias.com\/wp-content\/uploads\/2019\/01\/IGH-Feria-SYRHA-2019.jpg\",\"datePublished\":\"2019-01-29T08:28:45+00:00\",\"dateModified\":\"2019-01-29T08:30:46+00:00\",\"author\":{\"@id\":\"https:\/\/www.carnicasiglesias.com\/#\/schema\/person\/aaaf7d4dc5dc4bbfeb2f346eb04801eb\"},\"description\":\"P\u00e1gina de IGLESIAS EN LA FERIA SIRHA 2019 en la cual se encuentra la ficha del producto.\",\"breadcrumb\":{\"@id\":\"https:\/\/www.carnicasiglesias.com\/en\/news\/iglesias-la-feria-sirha-2019\/#breadcrumb\"},\"inLanguage\":\"fr-FR\",\"potentialAction\":[{\"@type\":\"ReadAction\",\"target\":[\"https:\/\/www.carnicasiglesias.com\/en\/news\/iglesias-la-feria-sirha-2019\/\"]}]},{\"@type\":\"ImageObject\",\"inLanguage\":\"fr-FR\",\"@id\":\"https:\/\/www.carnicasiglesias.com\/en\/news\/iglesias-la-feria-sirha-2019\/#primaryimage\",\"url\":\"https:\/\/www.carnicasiglesias.com\/wp-content\/uploads\/2019\/01\/IGH-Feria-SYRHA-2019.jpg\",\"contentUrl\":\"https:\/\/www.carnicasiglesias.com\/wp-content\/uploads\/2019\/01\/IGH-Feria-SYRHA-2019.jpg\",\"width\":784,\"height\":413},{\"@type\":\"BreadcrumbList\",\"@id\":\"https:\/\/www.carnicasiglesias.com\/en\/news\/iglesias-la-feria-sirha-2019\/#breadcrumb\",\"itemListElement\":[{\"@type\":\"ListItem\",\"position\":1,\"name\":\"Portada\",\"item\":\"https:\/\/www.carnicasiglesias.com\/fr\/\"},{\"@type\":\"ListItem\",\"position\":2,\"name\":\"IGLESIAS EN LA FERIA SIRHA 2019\"}]},{\"@type\":\"WebSite\",\"@id\":\"https:\/\/www.carnicasiglesias.com\/#website\",\"url\":\"https:\/\/www.carnicasiglesias.com\/\",\"name\":\"C\u00e1rnicas Iglesias\",\"description\":\"P\u00e1gina web de C\u00e1rnicas Iglesias\",\"potentialAction\":[{\"@type\":\"SearchAction\",\"target\":{\"@type\":\"EntryPoint\",\"urlTemplate\":\"https:\/\/www.carnicasiglesias.com\/?s={search_term_string}\"},\"query-input\":{\"@type\":\"PropertyValueSpecification\",\"valueRequired\":true,\"valueName\":\"search_term_string\"}}],\"inLanguage\":\"fr-FR\"},{\"@type\":\"Person\",\"@id\":\"https:\/\/www.carnicasiglesias.com\/#\/schema\/person\/aaaf7d4dc5dc4bbfeb2f346eb04801eb\",\"name\":\"wcarigle\",\"image\":{\"@type\":\"ImageObject\",\"inLanguage\":\"fr-FR\",\"@id\":\"https:\/\/www.carnicasiglesias.com\/#\/schema\/person\/image\/\",\"url\":\"https:\/\/secure.gravatar.com\/avatar\/c508261c9bb726f239f6caae30854a8c?s=96&d=mm&r=g\",\"contentUrl\":\"https:\/\/secure.gravatar.com\/avatar\/c508261c9bb726f239f6caae30854a8c?s=96&d=mm&r=g\",\"caption\":\"wcarigle\"}}]}<\/script>\n<!-- \/ Yoast SEO plugin. -->","yoast_head_json":{"title":"IGLESIAS EN LA FERIA SIRHA 2019 | C\u00e1rnicas Iglesias","description":"P\u00e1gina de IGLESIAS EN LA FERIA SIRHA 2019 en la cual se encuentra la ficha del producto.","robots":{"index":"index","follow":"follow","max-snippet":"max-snippet:-1","max-image-preview":"max-image-preview:large","max-video-preview":"max-video-preview:-1"},"canonical":"https:\/\/www.carnicasiglesias.com\/en\/news\/iglesias-la-feria-sirha-2019\/","og_locale":"fr_FR","og_type":"article","og_title":"IGLESIAS EN LA FERIA SIRHA 2019 | C\u00e1rnicas Iglesias","og_description":"P\u00e1gina de IGLESIAS EN LA FERIA SIRHA 2019 en la cual se encuentra la ficha del producto.","og_url":"https:\/\/www.carnicasiglesias.com\/en\/news\/iglesias-la-feria-sirha-2019\/","og_site_name":"C\u00e1rnicas Iglesias","article_published_time":"2019-01-29T08:28:45+00:00","article_modified_time":"2019-01-29T08:30:46+00:00","og_image":[{"width":784,"height":413,"url":"https:\/\/www.carnicasiglesias.com\/wp-content\/uploads\/2019\/01\/IGH-Feria-SYRHA-2019.jpg","type":"image\/jpeg"}],"author":"wcarigle","twitter_card":"summary_large_image","twitter_misc":{"\u00c9crit par":"wcarigle","Dur\u00e9e de lecture estim\u00e9e":"1 minute"},"schema":{"@context":"https:\/\/schema.org","@graph":[{"@type":"WebPage","@id":"https:\/\/www.carnicasiglesias.com\/en\/news\/iglesias-la-feria-sirha-2019\/","url":"https:\/\/www.carnicasiglesias.com\/en\/news\/iglesias-la-feria-sirha-2019\/","name":"IGLESIAS EN LA FERIA SIRHA 2019 | C\u00e1rnicas Iglesias","isPartOf":{"@id":"https:\/\/www.carnicasiglesias.com\/#website"},"primaryImageOfPage":{"@id":"https:\/\/www.carnicasiglesias.com\/en\/news\/iglesias-la-feria-sirha-2019\/#primaryimage"},"image":{"@id":"https:\/\/www.carnicasiglesias.com\/en\/news\/iglesias-la-feria-sirha-2019\/#primaryimage"},"thumbnailUrl":"https:\/\/www.carnicasiglesias.com\/wp-content\/uploads\/2019\/01\/IGH-Feria-SYRHA-2019.jpg","datePublished":"2019-01-29T08:28:45+00:00","dateModified":"2019-01-29T08:30:46+00:00","author":{"@id":"https:\/\/www.carnicasiglesias.com\/#\/schema\/person\/aaaf7d4dc5dc4bbfeb2f346eb04801eb"},"description":"P\u00e1gina de IGLESIAS EN LA FERIA SIRHA 2019 en la cual se encuentra la ficha del producto.","breadcrumb":{"@id":"https:\/\/www.carnicasiglesias.com\/en\/news\/iglesias-la-feria-sirha-2019\/#breadcrumb"},"inLanguage":"fr-FR","potentialAction":[{"@type":"ReadAction","target":["https:\/\/www.carnicasiglesias.com\/en\/news\/iglesias-la-feria-sirha-2019\/"]}]},{"@type":"ImageObject","inLanguage":"fr-FR","@id":"https:\/\/www.carnicasiglesias.com\/en\/news\/iglesias-la-feria-sirha-2019\/#primaryimage","url":"https:\/\/www.carnicasiglesias.com\/wp-content\/uploads\/2019\/01\/IGH-Feria-SYRHA-2019.jpg","contentUrl":"https:\/\/www.carnicasiglesias.com\/wp-content\/uploads\/2019\/01\/IGH-Feria-SYRHA-2019.jpg","width":784,"height":413},{"@type":"BreadcrumbList","@id":"https:\/\/www.carnicasiglesias.com\/en\/news\/iglesias-la-feria-sirha-2019\/#breadcrumb","itemListElement":[{"@type":"ListItem","position":1,"name":"Portada","item":"https:\/\/www.carnicasiglesias.com\/fr\/"},{"@type":"ListItem","position":2,"name":"IGLESIAS EN LA FERIA SIRHA 2019"}]},{"@type":"WebSite","@id":"https:\/\/www.carnicasiglesias.com\/#website","url":"https:\/\/www.carnicasiglesias.com\/","name":"C\u00e1rnicas Iglesias","description":"P\u00e1gina web de C\u00e1rnicas Iglesias","potentialAction":[{"@type":"SearchAction","target":{"@type":"EntryPoint","urlTemplate":"https:\/\/www.carnicasiglesias.com\/?s={search_term_string}"},"query-input":{"@type":"PropertyValueSpecification","valueRequired":true,"valueName":"search_term_string"}}],"inLanguage":"fr-FR"},{"@type":"Person","@id":"https:\/\/www.carnicasiglesias.com\/#\/schema\/person\/aaaf7d4dc5dc4bbfeb2f346eb04801eb","name":"wcarigle","image":{"@type":"ImageObject","inLanguage":"fr-FR","@id":"https:\/\/www.carnicasiglesias.com\/#\/schema\/person\/image\/","url":"https:\/\/secure.gravatar.com\/avatar\/c508261c9bb726f239f6caae30854a8c?s=96&d=mm&r=g","contentUrl":"https:\/\/secure.gravatar.com\/avatar\/c508261c9bb726f239f6caae30854a8c?s=96&d=mm&r=g","caption":"wcarigle"}}]}},"_links":{"self":[{"href":"https:\/\/www.carnicasiglesias.com\/fr\/wp-json\/wp\/v2\/posts\/857","targetHints":{"allow":["GET"]}}],"collection":[{"href":"https:\/\/www.carnicasiglesias.com\/fr\/wp-json\/wp\/v2\/posts"}],"about":[{"href":"https:\/\/www.carnicasiglesias.com\/fr\/wp-json\/wp\/v2\/types\/post"}],"author":[{"embeddable":true,"href":"https:\/\/www.carnicasiglesias.com\/fr\/wp-json\/wp\/v2\/users\/1"}],"replies":[{"embeddable":true,"href":"https:\/\/www.carnicasiglesias.com\/fr\/wp-json\/wp\/v2\/comments?post=857"}],"version-history":[{"count":3,"href":"https:\/\/www.carnicasiglesias.com\/fr\/wp-json\/wp\/v2\/posts\/857\/revisions"}],"predecessor-version":[{"id":862,"href":"https:\/\/www.carnicasiglesias.com\/fr\/wp-json\/wp\/v2\/posts\/857\/revisions\/862"}],"wp:featuredmedia":[{"embeddable":true,"href":"https:\/\/www.carnicasiglesias.com\/fr\/wp-json\/wp\/v2\/media\/860"}],"wp:attachment":[{"href":"https:\/\/www.carnicasiglesias.com\/fr\/wp-json\/wp\/v2\/media?parent=857"}],"wp:term":[{"taxonomy":"category","embeddable":true,"href":"https:\/\/www.carnicasiglesias.com\/fr\/wp-json\/wp\/v2\/categories?post=857"},{"taxonomy":"post_tag","embeddable":true,"href":"https:\/\/www.carnicasiglesias.com\/fr\/wp-json\/wp\/v2\/tags?post=857"}],"curies":[{"name":"wp","href":"https:\/\/api.w.org\/{rel}","templated":true}]}}