{"id":891,"date":"2019-04-16T09:51:54","date_gmt":"2019-04-16T07:51:54","guid":{"rendered":"http:\/\/www.carnicasiglesias.com\/?p=891"},"modified":"2019-04-16T09:51:54","modified_gmt":"2019-04-16T07:51:54","slug":"empresas-raicesy-futuro-diario-burgos","status":"publish","type":"post","link":"https:\/\/www.carnicasiglesias.com\/fr\/noticias\/empresas-raicesy-futuro-diario-burgos\/","title":{"rendered":"EMPRESAS CON RA\u00cdCES\u2026Y CON FUTURO \u2013 DIARIO DE BURGOS"},"content":{"rendered":"<p>La \u2018espantada\u2019 de varias empresas importantes durante los \u00faltimos a\u00f1os ha provocado un cierto temor ante la implantaci\u00f3n de multinacionales extranjeras que tienden a la deslocalizaci\u00f3n a las primeras de cambio en cuanto llegan los problemas o vislumbran un ahorro de costes en otros lugares del planeta.<br \/>\nFrente a ello, el tejido empresarial castellano y leon\u00e9s tiene numerosas compa\u00f1\u00edas familiares, que han resistido con mucho esfuerzo durante la larga y dura crisis econ\u00f3mica, y que siguen tirando de la econom\u00eda regional. Las m\u00e1s de 200 empresas que integran EFCL, con una facturaci\u00f3n del 21 por ciento del Producto Interior Bruto de la Comunidad, emplean a un 9 por ciento de los ocupados y suponen una vacuna muy eficaz contra la fuga de compa\u00f1\u00edas.<br \/>\nEmpresa Familiar de Castilla y Le\u00f3n (EFCL), colectivo en el que se agrupan las m\u00e1s importantes, se\u00f1ala, entre las principales ventajas de estas sociedades, un \u00abcompromiso fuerte y un arraigo con su tierra\u00bb, que se ha traducido, incluso en los peores momentos de la crisis, en \u00abinversiones y generaci\u00f3n de puestos de trabajo\u00bb.<br \/>\nEl propio presidente del Instituto de la Empresa Familiar, Francisco Riberas, explica que factores como \u00abel foco a largo plazo, que nada tiene que ver con la especulaci\u00f3n o la cultura del pelotazo\u00bb, as\u00ed como \u00abla importancia de los valores y principios en todas sus actuaciones\u00bb son rasgos que unen fuertemente a este tipo de empresas con las personas y los lugares donde est\u00e1n implantadas.<br \/>\nEsta relaci\u00f3n emocional con la tierra y, en muchos casos, la dedicaci\u00f3n a sectores como el agroalimentario que necesitan un producto y unas condiciones no \u2018exportables\u2019 son factores claves para fijar las empresas en Castilla y Le\u00f3n y estabilizar el empleo, en muchos casos desde el medio rural.<br \/>\nDesde esta premisa, los empresarios reclaman medidas que favorezcan el crecimiento a trav\u00e9s del desarrollo tecnol\u00f3gico y la globalizaci\u00f3n que permita a grandes compa\u00f1\u00edas liderar sus mercados a nivel mundial y tener a la vez un efecto tractor positivo para las m\u00e1s peque\u00f1as. \u00abEs positivo ayudar a las pymes y start-ups pero las empresas medianas y grandes son las que posicionan adecuadamente a Espa\u00f1a en el contexto internacional\u00bb, asegura Riberas.<br \/>\nPrecisamente, las Cortes autorizaron hace pocas semanas la ampliaci\u00f3n en 45 millones del plan de crecimiento innovador, con una dotaci\u00f3n inicial de 75 millones para la financiaci\u00f3n de empresas l\u00edderes en materia de innovaci\u00f3n e investigaci\u00f3n inmersas en procesos de nuevos modelos de gesti\u00f3n y que incorporan propuestas de internacionalizaci\u00f3n. Aprobado por la Junta tras la insistencia del presidente de la EFCL, C\u00e9sar Pontvianne, este plan ha movilizado 260 millones de euros, con un beneficio a 33 empresas de la Comunidad y con el consiguiente mantenimiento o consolidaci\u00f3n de 7.400 empleos, de los que el 49 por ciento es de car\u00e1cter rural, ya que el 45 por ciento de esas compa\u00f1\u00edas se encuentran vinculadas al mundo rural en sectores dif\u00edcilmente deslocalizables.<u><\/u><u><\/u><\/p>\n<p><strong><u><\/u>\u00a0<u><\/u><\/strong><\/p>\n<p><strong>Francisco Iglesias &#8211; C\u00e1rnicas Iglesias<\/strong><u><\/u><u><\/u><\/p>\n<p>Francisco Iglesias, director comercial y Marketing en la industria salmantina C\u00e1rnicas Iglesias, rechaza de plano la posibilidad de una deslocalizaci\u00f3n. \u00abTenemos un arraigo muy fuerte con la tierra, toda la familia vive en Salamanca y adem\u00e1s esta provincia es la cuna del ib\u00e9rico y del embutido\u00bb, resume este miembro de la familia propietaria de la compa\u00f1\u00eda, fundada en 1928. Esta empresa casi centenaria, a cuyo frente se encuentran miembros de la tercera y cuarta generaci\u00f3n, cuenta actualmente con 86 empleados y una facturaci\u00f3n que el a\u00f1o pasado sobrepas\u00f3 los 18 millones de euros y que Francisco Iglesias aventura que este a\u00f1o superar\u00e1 los 19 millones tras tener un crecimiento de dos d\u00edgitos durante el primer trimestre y a pesar de que espera un par\u00f3n en la venta a partir de septiembre u octubre por la influencia de China y el mercado asi\u00e1tico.<br \/>\nEl punto flaco de esta empresa c\u00e1rnica, que comenz\u00f3 con una tienda en la capital salmantina donde el bisabuelo de Francisco vend\u00eda productos frescos, es la exportaci\u00f3n. Apenas un 10 por ciento de la facturaci\u00f3n procede de los mercados exteriores, aunque ahora est\u00e1n potenciando la estructura comercial para la venta internacional. Francisco Iglesias explica que, con la excepci\u00f3n de Europa, \u00ababrir camino es complicado\u00bb, por las trabas burocr\u00e1ticas.<br \/>\nCon dos f\u00e1bricas y un matadero, los productos de C\u00e1rnicas Iglesias tienen una gran penetraci\u00f3n en grandes cadenas de supermercados como Eroski, Carrefour, Alcampo, Leclerc y otras de car\u00e1cter regional, ya que trabajan con cerdo blanco e ib\u00e9rico. Iglesias resalta que ser una empresa familiar ha marcado su trayectoria y asegura su futuro en Salamanca, sin posibilidad de una deslocalizaci\u00f3n.<\/p>\n","protected":false},"excerpt":{"rendered":"<p>La \u2018espantada\u2019 de varias empresas importantes durante los \u00faltimos a\u00f1os ha provocado un cierto temor ante la implantaci\u00f3n de multinacionales extranjeras que tienden a la deslocalizaci\u00f3n a las primeras de cambio en cuanto llegan los problemas o vislumbran un ahorro de costes en otros lugares del planeta. Frente a ello, el tejido empresarial castellano y &hellip; <\/p>\n<p class=\"link-more\"><a href=\"https:\/\/www.carnicasiglesias.com\/fr\/noticias\/empresas-raicesy-futuro-diario-burgos\/\" class=\"more-link\">Continue reading<span class=\"screen-reader-text\"> \u00ab\u00a0EMPRESAS CON RA\u00cdCES\u2026Y CON FUTURO \u2013 DIARIO DE BURGOS\u00a0\u00bb<\/span><\/a><\/p>\n","protected":false},"author":1,"featured_media":892,"comment_status":"open","ping_status":"open","sticky":false,"template":"","format":"standard","meta":{"_acf_changed":false,"footnotes":""},"categories":[9],"tags":[],"class_list":["post-891","post","type-post","status-publish","format-standard","has-post-thumbnail","hentry","category-noticias"],"acf":[],"yoast_head":"<!-- This site is optimized with the Yoast SEO plugin v24.8.1 - https:\/\/yoast.com\/wordpress\/plugins\/seo\/ -->\n<title>EMPRESAS CON RA\u00cdCES\u2026Y CON FUTURO \u2013 DIARIO DE BURGOS | C\u00e1rnicas Iglesias<\/title>\n<meta name=\"description\" content=\"P\u00e1gina de EMPRESAS CON RA\u00cdCES\u2026Y CON FUTURO \u2013 DIARIO DE BURGOS en la cual se encuentra la ficha del producto.\" \/>\n<meta name=\"robots\" content=\"index, follow, max-snippet:-1, max-image-preview:large, max-video-preview:-1\" \/>\n<link rel=\"canonical\" href=\"https:\/\/www.carnicasiglesias.com\/noticias\/empresas-raicesy-futuro-diario-burgos\/\" \/>\n<meta property=\"og:locale\" content=\"fr_FR\" \/>\n<meta property=\"og:type\" content=\"article\" \/>\n<meta property=\"og:title\" content=\"EMPRESAS CON RA\u00cdCES\u2026Y CON FUTURO \u2013 DIARIO DE BURGOS | C\u00e1rnicas Iglesias\" \/>\n<meta property=\"og:description\" content=\"P\u00e1gina de EMPRESAS CON RA\u00cdCES\u2026Y CON FUTURO \u2013 DIARIO DE BURGOS en la cual se encuentra la ficha del producto.\" \/>\n<meta property=\"og:url\" content=\"https:\/\/www.carnicasiglesias.com\/noticias\/empresas-raicesy-futuro-diario-burgos\/\" \/>\n<meta property=\"og:site_name\" content=\"C\u00e1rnicas Iglesias\" \/>\n<meta property=\"article:published_time\" content=\"2019-04-16T07:51:54+00:00\" \/>\n<meta property=\"og:image\" content=\"https:\/\/www.carnicasiglesias.com\/wp-content\/uploads\/2019\/04\/imagen-noticia.jpg\" \/>\n\t<meta property=\"og:image:width\" content=\"540\" \/>\n\t<meta property=\"og:image:height\" content=\"281\" \/>\n\t<meta property=\"og:image:type\" content=\"image\/jpeg\" \/>\n<meta name=\"author\" content=\"wcarigle\" \/>\n<meta name=\"twitter:card\" content=\"summary_large_image\" \/>\n<meta name=\"twitter:label1\" content=\"\u00c9crit par\" \/>\n\t<meta name=\"twitter:data1\" content=\"wcarigle\" \/>\n\t<meta name=\"twitter:label2\" content=\"Dur\u00e9e de lecture estim\u00e9e\" \/>\n\t<meta name=\"twitter:data2\" content=\"4 minutes\" \/>\n<script type=\"application\/ld+json\" class=\"yoast-schema-graph\">{\"@context\":\"https:\/\/schema.org\",\"@graph\":[{\"@type\":\"WebPage\",\"@id\":\"https:\/\/www.carnicasiglesias.com\/noticias\/empresas-raicesy-futuro-diario-burgos\/\",\"url\":\"https:\/\/www.carnicasiglesias.com\/noticias\/empresas-raicesy-futuro-diario-burgos\/\",\"name\":\"EMPRESAS CON RA\u00cdCES\u2026Y CON FUTURO \u2013 DIARIO DE BURGOS | C\u00e1rnicas Iglesias\",\"isPartOf\":{\"@id\":\"https:\/\/www.carnicasiglesias.com\/#website\"},\"primaryImageOfPage\":{\"@id\":\"https:\/\/www.carnicasiglesias.com\/noticias\/empresas-raicesy-futuro-diario-burgos\/#primaryimage\"},\"image\":{\"@id\":\"https:\/\/www.carnicasiglesias.com\/noticias\/empresas-raicesy-futuro-diario-burgos\/#primaryimage\"},\"thumbnailUrl\":\"https:\/\/www.carnicasiglesias.com\/wp-content\/uploads\/2019\/04\/imagen-noticia.jpg\",\"datePublished\":\"2019-04-16T07:51:54+00:00\",\"author\":{\"@id\":\"https:\/\/www.carnicasiglesias.com\/#\/schema\/person\/aaaf7d4dc5dc4bbfeb2f346eb04801eb\"},\"description\":\"P\u00e1gina de EMPRESAS CON RA\u00cdCES\u2026Y CON FUTURO \u2013 DIARIO DE BURGOS en la cual se encuentra la ficha del producto.\",\"breadcrumb\":{\"@id\":\"https:\/\/www.carnicasiglesias.com\/noticias\/empresas-raicesy-futuro-diario-burgos\/#breadcrumb\"},\"inLanguage\":\"fr-FR\",\"potentialAction\":[{\"@type\":\"ReadAction\",\"target\":[\"https:\/\/www.carnicasiglesias.com\/noticias\/empresas-raicesy-futuro-diario-burgos\/\"]}]},{\"@type\":\"ImageObject\",\"inLanguage\":\"fr-FR\",\"@id\":\"https:\/\/www.carnicasiglesias.com\/noticias\/empresas-raicesy-futuro-diario-burgos\/#primaryimage\",\"url\":\"https:\/\/www.carnicasiglesias.com\/wp-content\/uploads\/2019\/04\/imagen-noticia.jpg\",\"contentUrl\":\"https:\/\/www.carnicasiglesias.com\/wp-content\/uploads\/2019\/04\/imagen-noticia.jpg\",\"width\":540,\"height\":281},{\"@type\":\"BreadcrumbList\",\"@id\":\"https:\/\/www.carnicasiglesias.com\/noticias\/empresas-raicesy-futuro-diario-burgos\/#breadcrumb\",\"itemListElement\":[{\"@type\":\"ListItem\",\"position\":1,\"name\":\"Portada\",\"item\":\"https:\/\/www.carnicasiglesias.com\/fr\/\"},{\"@type\":\"ListItem\",\"position\":2,\"name\":\"EMPRESAS CON RA\u00cdCES\u2026Y CON FUTURO \u2013 DIARIO DE BURGOS\"}]},{\"@type\":\"WebSite\",\"@id\":\"https:\/\/www.carnicasiglesias.com\/#website\",\"url\":\"https:\/\/www.carnicasiglesias.com\/\",\"name\":\"C\u00e1rnicas Iglesias\",\"description\":\"P\u00e1gina web de C\u00e1rnicas Iglesias\",\"potentialAction\":[{\"@type\":\"SearchAction\",\"target\":{\"@type\":\"EntryPoint\",\"urlTemplate\":\"https:\/\/www.carnicasiglesias.com\/?s={search_term_string}\"},\"query-input\":{\"@type\":\"PropertyValueSpecification\",\"valueRequired\":true,\"valueName\":\"search_term_string\"}}],\"inLanguage\":\"fr-FR\"},{\"@type\":\"Person\",\"@id\":\"https:\/\/www.carnicasiglesias.com\/#\/schema\/person\/aaaf7d4dc5dc4bbfeb2f346eb04801eb\",\"name\":\"wcarigle\",\"image\":{\"@type\":\"ImageObject\",\"inLanguage\":\"fr-FR\",\"@id\":\"https:\/\/www.carnicasiglesias.com\/#\/schema\/person\/image\/\",\"url\":\"https:\/\/secure.gravatar.com\/avatar\/c508261c9bb726f239f6caae30854a8c?s=96&d=mm&r=g\",\"contentUrl\":\"https:\/\/secure.gravatar.com\/avatar\/c508261c9bb726f239f6caae30854a8c?s=96&d=mm&r=g\",\"caption\":\"wcarigle\"}}]}<\/script>\n<!-- \/ Yoast SEO plugin. -->","yoast_head_json":{"title":"EMPRESAS CON RA\u00cdCES\u2026Y CON FUTURO \u2013 DIARIO DE BURGOS | C\u00e1rnicas Iglesias","description":"P\u00e1gina de EMPRESAS CON RA\u00cdCES\u2026Y CON FUTURO \u2013 DIARIO DE BURGOS en la cual se encuentra la ficha del producto.","robots":{"index":"index","follow":"follow","max-snippet":"max-snippet:-1","max-image-preview":"max-image-preview:large","max-video-preview":"max-video-preview:-1"},"canonical":"https:\/\/www.carnicasiglesias.com\/noticias\/empresas-raicesy-futuro-diario-burgos\/","og_locale":"fr_FR","og_type":"article","og_title":"EMPRESAS CON RA\u00cdCES\u2026Y CON FUTURO \u2013 DIARIO DE BURGOS | C\u00e1rnicas Iglesias","og_description":"P\u00e1gina de EMPRESAS CON RA\u00cdCES\u2026Y CON FUTURO \u2013 DIARIO DE BURGOS en la cual se encuentra la ficha del producto.","og_url":"https:\/\/www.carnicasiglesias.com\/noticias\/empresas-raicesy-futuro-diario-burgos\/","og_site_name":"C\u00e1rnicas Iglesias","article_published_time":"2019-04-16T07:51:54+00:00","og_image":[{"width":540,"height":281,"url":"https:\/\/www.carnicasiglesias.com\/wp-content\/uploads\/2019\/04\/imagen-noticia.jpg","type":"image\/jpeg"}],"author":"wcarigle","twitter_card":"summary_large_image","twitter_misc":{"\u00c9crit par":"wcarigle","Dur\u00e9e de lecture estim\u00e9e":"4 minutes"},"schema":{"@context":"https:\/\/schema.org","@graph":[{"@type":"WebPage","@id":"https:\/\/www.carnicasiglesias.com\/noticias\/empresas-raicesy-futuro-diario-burgos\/","url":"https:\/\/www.carnicasiglesias.com\/noticias\/empresas-raicesy-futuro-diario-burgos\/","name":"EMPRESAS CON RA\u00cdCES\u2026Y CON FUTURO \u2013 DIARIO DE BURGOS | C\u00e1rnicas Iglesias","isPartOf":{"@id":"https:\/\/www.carnicasiglesias.com\/#website"},"primaryImageOfPage":{"@id":"https:\/\/www.carnicasiglesias.com\/noticias\/empresas-raicesy-futuro-diario-burgos\/#primaryimage"},"image":{"@id":"https:\/\/www.carnicasiglesias.com\/noticias\/empresas-raicesy-futuro-diario-burgos\/#primaryimage"},"thumbnailUrl":"https:\/\/www.carnicasiglesias.com\/wp-content\/uploads\/2019\/04\/imagen-noticia.jpg","datePublished":"2019-04-16T07:51:54+00:00","author":{"@id":"https:\/\/www.carnicasiglesias.com\/#\/schema\/person\/aaaf7d4dc5dc4bbfeb2f346eb04801eb"},"description":"P\u00e1gina de EMPRESAS CON RA\u00cdCES\u2026Y CON FUTURO \u2013 DIARIO DE BURGOS en la cual se encuentra la ficha del producto.","breadcrumb":{"@id":"https:\/\/www.carnicasiglesias.com\/noticias\/empresas-raicesy-futuro-diario-burgos\/#breadcrumb"},"inLanguage":"fr-FR","potentialAction":[{"@type":"ReadAction","target":["https:\/\/www.carnicasiglesias.com\/noticias\/empresas-raicesy-futuro-diario-burgos\/"]}]},{"@type":"ImageObject","inLanguage":"fr-FR","@id":"https:\/\/www.carnicasiglesias.com\/noticias\/empresas-raicesy-futuro-diario-burgos\/#primaryimage","url":"https:\/\/www.carnicasiglesias.com\/wp-content\/uploads\/2019\/04\/imagen-noticia.jpg","contentUrl":"https:\/\/www.carnicasiglesias.com\/wp-content\/uploads\/2019\/04\/imagen-noticia.jpg","width":540,"height":281},{"@type":"BreadcrumbList","@id":"https:\/\/www.carnicasiglesias.com\/noticias\/empresas-raicesy-futuro-diario-burgos\/#breadcrumb","itemListElement":[{"@type":"ListItem","position":1,"name":"Portada","item":"https:\/\/www.carnicasiglesias.com\/fr\/"},{"@type":"ListItem","position":2,"name":"EMPRESAS CON RA\u00cdCES\u2026Y CON FUTURO \u2013 DIARIO DE BURGOS"}]},{"@type":"WebSite","@id":"https:\/\/www.carnicasiglesias.com\/#website","url":"https:\/\/www.carnicasiglesias.com\/","name":"C\u00e1rnicas Iglesias","description":"P\u00e1gina web de C\u00e1rnicas Iglesias","potentialAction":[{"@type":"SearchAction","target":{"@type":"EntryPoint","urlTemplate":"https:\/\/www.carnicasiglesias.com\/?s={search_term_string}"},"query-input":{"@type":"PropertyValueSpecification","valueRequired":true,"valueName":"search_term_string"}}],"inLanguage":"fr-FR"},{"@type":"Person","@id":"https:\/\/www.carnicasiglesias.com\/#\/schema\/person\/aaaf7d4dc5dc4bbfeb2f346eb04801eb","name":"wcarigle","image":{"@type":"ImageObject","inLanguage":"fr-FR","@id":"https:\/\/www.carnicasiglesias.com\/#\/schema\/person\/image\/","url":"https:\/\/secure.gravatar.com\/avatar\/c508261c9bb726f239f6caae30854a8c?s=96&d=mm&r=g","contentUrl":"https:\/\/secure.gravatar.com\/avatar\/c508261c9bb726f239f6caae30854a8c?s=96&d=mm&r=g","caption":"wcarigle"}}]}},"_links":{"self":[{"href":"https:\/\/www.carnicasiglesias.com\/fr\/wp-json\/wp\/v2\/posts\/891","targetHints":{"allow":["GET"]}}],"collection":[{"href":"https:\/\/www.carnicasiglesias.com\/fr\/wp-json\/wp\/v2\/posts"}],"about":[{"href":"https:\/\/www.carnicasiglesias.com\/fr\/wp-json\/wp\/v2\/types\/post"}],"author":[{"embeddable":true,"href":"https:\/\/www.carnicasiglesias.com\/fr\/wp-json\/wp\/v2\/users\/1"}],"replies":[{"embeddable":true,"href":"https:\/\/www.carnicasiglesias.com\/fr\/wp-json\/wp\/v2\/comments?post=891"}],"version-history":[{"count":1,"href":"https:\/\/www.carnicasiglesias.com\/fr\/wp-json\/wp\/v2\/posts\/891\/revisions"}],"predecessor-version":[{"id":893,"href":"https:\/\/www.carnicasiglesias.com\/fr\/wp-json\/wp\/v2\/posts\/891\/revisions\/893"}],"wp:featuredmedia":[{"embeddable":true,"href":"https:\/\/www.carnicasiglesias.com\/fr\/wp-json\/wp\/v2\/media\/892"}],"wp:attachment":[{"href":"https:\/\/www.carnicasiglesias.com\/fr\/wp-json\/wp\/v2\/media?parent=891"}],"wp:term":[{"taxonomy":"category","embeddable":true,"href":"https:\/\/www.carnicasiglesias.com\/fr\/wp-json\/wp\/v2\/categories?post=891"},{"taxonomy":"post_tag","embeddable":true,"href":"https:\/\/www.carnicasiglesias.com\/fr\/wp-json\/wp\/v2\/tags?post=891"}],"curies":[{"name":"wp","href":"https:\/\/api.w.org\/{rel}","templated":true}]}}