{"id":900,"date":"2019-06-06T15:53:09","date_gmt":"2019-06-06T13:53:09","guid":{"rendered":"https:\/\/www.carnicasiglesias.com\/?p=900"},"modified":"2019-06-06T15:53:09","modified_gmt":"2019-06-06T13:53:09","slug":"savia-nueva-forum-jovenes-la-empresa-familiar-castilla-leon","status":"publish","type":"post","link":"https:\/\/www.carnicasiglesias.com\/fr\/noticias\/savia-nueva-forum-jovenes-la-empresa-familiar-castilla-leon\/","title":{"rendered":"SAVIA NUEVA EN EL F\u00d3RUM DE J\u00d3VENES DE LA EMPRESA FAMILIAR DE CASTILLA Y LE\u00d3N"},"content":{"rendered":"<p>La Agrupaci\u00f3n, que en julio visitar\u00e1 la sede de la Multinacional Automovil\u00edstica Volvo en Suecia, rejuvenece su Junta Directiva.<\/p>\n<p>A punto de cumplirse el primer ejercicio al frente del F\u00f3rum de J\u00f3venes de Empresa Familiar de Castilla y Le\u00f3n (EFCL), Francisco Iglesias Gil valora este periodo como una etapa \u201cde mucho trabajo e ilusi\u00f3n\u201d.<\/p>\n<p>Desde C\u00e1rnicas Iglesias S.A., su empresa, queremos darle a Paco la enhorabuena por su trabajo y dedicaci\u00f3n. Para \u00e9l est\u00e1 siendo una experiencia magn\u00edfica en la que est\u00e1 aprendiendo mucho y dedicando todo su esfuerzo a hacer crecer el F\u00f3rum, adem\u00e1s de estar conociendo a fondo a los miembros de la Asociaci\u00f3n.<\/p>\n<p>En noviembre la agrupaci\u00f3n organiza su gran encuentro regional.<\/p>\n","protected":false},"excerpt":{"rendered":"<p>La Agrupaci\u00f3n, que en julio visitar\u00e1 la sede de la Multinacional Automovil\u00edstica Volvo en Suecia, rejuvenece su Junta Directiva. A punto de cumplirse el primer ejercicio al frente del F\u00f3rum de J\u00f3venes de Empresa Familiar de Castilla y Le\u00f3n (EFCL), Francisco Iglesias Gil valora este periodo como una etapa \u201cde mucho trabajo e ilusi\u00f3n\u201d. Desde &hellip; <\/p>\n<p class=\"link-more\"><a href=\"https:\/\/www.carnicasiglesias.com\/fr\/noticias\/savia-nueva-forum-jovenes-la-empresa-familiar-castilla-leon\/\" class=\"more-link\">Continue reading<span class=\"screen-reader-text\"> \u00ab\u00a0SAVIA NUEVA EN EL F\u00d3RUM DE J\u00d3VENES DE LA EMPRESA FAMILIAR DE CASTILLA Y LE\u00d3N\u00a0\u00bb<\/span><\/a><\/p>\n","protected":false},"author":1,"featured_media":901,"comment_status":"open","ping_status":"open","sticky":false,"template":"","format":"standard","meta":{"_acf_changed":false,"footnotes":""},"categories":[9],"tags":[],"class_list":["post-900","post","type-post","status-publish","format-standard","has-post-thumbnail","hentry","category-noticias"],"acf":[],"yoast_head":"<!-- This site is optimized with the Yoast SEO plugin v24.8.1 - https:\/\/yoast.com\/wordpress\/plugins\/seo\/ -->\n<title>SAVIA NUEVA EN EL F\u00d3RUM DE J\u00d3VENES DE LA EMPRESA FAMILIAR DE CASTILLA Y LE\u00d3N | C\u00e1rnicas Iglesias<\/title>\n<meta name=\"description\" content=\"P\u00e1gina de SAVIA NUEVA EN EL F\u00d3RUM DE J\u00d3VENES DE LA EMPRESA FAMILIAR DE CASTILLA Y LE\u00d3N en la cual se encuentra la ficha del producto.\" \/>\n<meta name=\"robots\" content=\"index, follow, max-snippet:-1, max-image-preview:large, max-video-preview:-1\" \/>\n<link rel=\"canonical\" href=\"https:\/\/www.carnicasiglesias.com\/noticias\/savia-nueva-forum-jovenes-la-empresa-familiar-castilla-leon\/\" \/>\n<meta property=\"og:locale\" content=\"fr_FR\" \/>\n<meta property=\"og:type\" content=\"article\" \/>\n<meta property=\"og:title\" content=\"SAVIA NUEVA EN EL F\u00d3RUM DE J\u00d3VENES DE LA EMPRESA FAMILIAR DE CASTILLA Y LE\u00d3N | C\u00e1rnicas Iglesias\" \/>\n<meta property=\"og:description\" content=\"P\u00e1gina de SAVIA NUEVA EN EL F\u00d3RUM DE J\u00d3VENES DE LA EMPRESA FAMILIAR DE CASTILLA Y LE\u00d3N en la cual se encuentra la ficha del producto.\" \/>\n<meta property=\"og:url\" content=\"https:\/\/www.carnicasiglesias.com\/noticias\/savia-nueva-forum-jovenes-la-empresa-familiar-castilla-leon\/\" \/>\n<meta property=\"og:site_name\" content=\"C\u00e1rnicas Iglesias\" \/>\n<meta property=\"article:published_time\" content=\"2019-06-06T13:53:09+00:00\" \/>\n<meta property=\"og:image\" content=\"https:\/\/www.carnicasiglesias.com\/wp-content\/uploads\/2019\/06\/paco-iglesias.jpg\" \/>\n\t<meta property=\"og:image:width\" content=\"540\" \/>\n\t<meta property=\"og:image:height\" content=\"584\" \/>\n\t<meta property=\"og:image:type\" content=\"image\/jpeg\" \/>\n<meta name=\"author\" content=\"wcarigle\" \/>\n<meta name=\"twitter:card\" content=\"summary_large_image\" \/>\n<meta name=\"twitter:label1\" content=\"\u00c9crit par\" \/>\n\t<meta name=\"twitter:data1\" content=\"wcarigle\" \/>\n\t<meta name=\"twitter:label2\" content=\"Dur\u00e9e de lecture estim\u00e9e\" \/>\n\t<meta name=\"twitter:data2\" content=\"1 minute\" \/>\n<script type=\"application\/ld+json\" class=\"yoast-schema-graph\">{\"@context\":\"https:\/\/schema.org\",\"@graph\":[{\"@type\":\"WebPage\",\"@id\":\"https:\/\/www.carnicasiglesias.com\/noticias\/savia-nueva-forum-jovenes-la-empresa-familiar-castilla-leon\/\",\"url\":\"https:\/\/www.carnicasiglesias.com\/noticias\/savia-nueva-forum-jovenes-la-empresa-familiar-castilla-leon\/\",\"name\":\"SAVIA NUEVA EN EL F\u00d3RUM DE J\u00d3VENES DE LA EMPRESA FAMILIAR DE CASTILLA Y LE\u00d3N | C\u00e1rnicas Iglesias\",\"isPartOf\":{\"@id\":\"https:\/\/www.carnicasiglesias.com\/#website\"},\"primaryImageOfPage\":{\"@id\":\"https:\/\/www.carnicasiglesias.com\/noticias\/savia-nueva-forum-jovenes-la-empresa-familiar-castilla-leon\/#primaryimage\"},\"image\":{\"@id\":\"https:\/\/www.carnicasiglesias.com\/noticias\/savia-nueva-forum-jovenes-la-empresa-familiar-castilla-leon\/#primaryimage\"},\"thumbnailUrl\":\"https:\/\/www.carnicasiglesias.com\/wp-content\/uploads\/2019\/06\/paco-iglesias.jpg\",\"datePublished\":\"2019-06-06T13:53:09+00:00\",\"author\":{\"@id\":\"https:\/\/www.carnicasiglesias.com\/#\/schema\/person\/aaaf7d4dc5dc4bbfeb2f346eb04801eb\"},\"description\":\"P\u00e1gina de SAVIA NUEVA EN EL F\u00d3RUM DE J\u00d3VENES DE LA EMPRESA FAMILIAR DE CASTILLA Y LE\u00d3N en la cual se encuentra la ficha del producto.\",\"breadcrumb\":{\"@id\":\"https:\/\/www.carnicasiglesias.com\/noticias\/savia-nueva-forum-jovenes-la-empresa-familiar-castilla-leon\/#breadcrumb\"},\"inLanguage\":\"fr-FR\",\"potentialAction\":[{\"@type\":\"ReadAction\",\"target\":[\"https:\/\/www.carnicasiglesias.com\/noticias\/savia-nueva-forum-jovenes-la-empresa-familiar-castilla-leon\/\"]}]},{\"@type\":\"ImageObject\",\"inLanguage\":\"fr-FR\",\"@id\":\"https:\/\/www.carnicasiglesias.com\/noticias\/savia-nueva-forum-jovenes-la-empresa-familiar-castilla-leon\/#primaryimage\",\"url\":\"https:\/\/www.carnicasiglesias.com\/wp-content\/uploads\/2019\/06\/paco-iglesias.jpg\",\"contentUrl\":\"https:\/\/www.carnicasiglesias.com\/wp-content\/uploads\/2019\/06\/paco-iglesias.jpg\",\"width\":540,\"height\":584},{\"@type\":\"BreadcrumbList\",\"@id\":\"https:\/\/www.carnicasiglesias.com\/noticias\/savia-nueva-forum-jovenes-la-empresa-familiar-castilla-leon\/#breadcrumb\",\"itemListElement\":[{\"@type\":\"ListItem\",\"position\":1,\"name\":\"Portada\",\"item\":\"https:\/\/www.carnicasiglesias.com\/fr\/\"},{\"@type\":\"ListItem\",\"position\":2,\"name\":\"SAVIA NUEVA EN EL F\u00d3RUM DE J\u00d3VENES DE LA EMPRESA FAMILIAR DE CASTILLA Y LE\u00d3N\"}]},{\"@type\":\"WebSite\",\"@id\":\"https:\/\/www.carnicasiglesias.com\/#website\",\"url\":\"https:\/\/www.carnicasiglesias.com\/\",\"name\":\"C\u00e1rnicas Iglesias\",\"description\":\"P\u00e1gina web de C\u00e1rnicas Iglesias\",\"potentialAction\":[{\"@type\":\"SearchAction\",\"target\":{\"@type\":\"EntryPoint\",\"urlTemplate\":\"https:\/\/www.carnicasiglesias.com\/?s={search_term_string}\"},\"query-input\":{\"@type\":\"PropertyValueSpecification\",\"valueRequired\":true,\"valueName\":\"search_term_string\"}}],\"inLanguage\":\"fr-FR\"},{\"@type\":\"Person\",\"@id\":\"https:\/\/www.carnicasiglesias.com\/#\/schema\/person\/aaaf7d4dc5dc4bbfeb2f346eb04801eb\",\"name\":\"wcarigle\",\"image\":{\"@type\":\"ImageObject\",\"inLanguage\":\"fr-FR\",\"@id\":\"https:\/\/www.carnicasiglesias.com\/#\/schema\/person\/image\/\",\"url\":\"https:\/\/secure.gravatar.com\/avatar\/c508261c9bb726f239f6caae30854a8c?s=96&d=mm&r=g\",\"contentUrl\":\"https:\/\/secure.gravatar.com\/avatar\/c508261c9bb726f239f6caae30854a8c?s=96&d=mm&r=g\",\"caption\":\"wcarigle\"}}]}<\/script>\n<!-- \/ Yoast SEO plugin. -->","yoast_head_json":{"title":"SAVIA NUEVA EN EL F\u00d3RUM DE J\u00d3VENES DE LA EMPRESA FAMILIAR DE CASTILLA Y LE\u00d3N | C\u00e1rnicas Iglesias","description":"P\u00e1gina de SAVIA NUEVA EN EL F\u00d3RUM DE J\u00d3VENES DE LA EMPRESA FAMILIAR DE CASTILLA Y LE\u00d3N en la cual se encuentra la ficha del producto.","robots":{"index":"index","follow":"follow","max-snippet":"max-snippet:-1","max-image-preview":"max-image-preview:large","max-video-preview":"max-video-preview:-1"},"canonical":"https:\/\/www.carnicasiglesias.com\/noticias\/savia-nueva-forum-jovenes-la-empresa-familiar-castilla-leon\/","og_locale":"fr_FR","og_type":"article","og_title":"SAVIA NUEVA EN EL F\u00d3RUM DE J\u00d3VENES DE LA EMPRESA FAMILIAR DE CASTILLA Y LE\u00d3N | C\u00e1rnicas Iglesias","og_description":"P\u00e1gina de SAVIA NUEVA EN EL F\u00d3RUM DE J\u00d3VENES DE LA EMPRESA FAMILIAR DE CASTILLA Y LE\u00d3N en la cual se encuentra la ficha del producto.","og_url":"https:\/\/www.carnicasiglesias.com\/noticias\/savia-nueva-forum-jovenes-la-empresa-familiar-castilla-leon\/","og_site_name":"C\u00e1rnicas Iglesias","article_published_time":"2019-06-06T13:53:09+00:00","og_image":[{"width":540,"height":584,"url":"https:\/\/www.carnicasiglesias.com\/wp-content\/uploads\/2019\/06\/paco-iglesias.jpg","type":"image\/jpeg"}],"author":"wcarigle","twitter_card":"summary_large_image","twitter_misc":{"\u00c9crit par":"wcarigle","Dur\u00e9e de lecture estim\u00e9e":"1 minute"},"schema":{"@context":"https:\/\/schema.org","@graph":[{"@type":"WebPage","@id":"https:\/\/www.carnicasiglesias.com\/noticias\/savia-nueva-forum-jovenes-la-empresa-familiar-castilla-leon\/","url":"https:\/\/www.carnicasiglesias.com\/noticias\/savia-nueva-forum-jovenes-la-empresa-familiar-castilla-leon\/","name":"SAVIA NUEVA EN EL F\u00d3RUM DE J\u00d3VENES DE LA EMPRESA FAMILIAR DE CASTILLA Y LE\u00d3N | C\u00e1rnicas Iglesias","isPartOf":{"@id":"https:\/\/www.carnicasiglesias.com\/#website"},"primaryImageOfPage":{"@id":"https:\/\/www.carnicasiglesias.com\/noticias\/savia-nueva-forum-jovenes-la-empresa-familiar-castilla-leon\/#primaryimage"},"image":{"@id":"https:\/\/www.carnicasiglesias.com\/noticias\/savia-nueva-forum-jovenes-la-empresa-familiar-castilla-leon\/#primaryimage"},"thumbnailUrl":"https:\/\/www.carnicasiglesias.com\/wp-content\/uploads\/2019\/06\/paco-iglesias.jpg","datePublished":"2019-06-06T13:53:09+00:00","author":{"@id":"https:\/\/www.carnicasiglesias.com\/#\/schema\/person\/aaaf7d4dc5dc4bbfeb2f346eb04801eb"},"description":"P\u00e1gina de SAVIA NUEVA EN EL F\u00d3RUM DE J\u00d3VENES DE LA EMPRESA FAMILIAR DE CASTILLA Y LE\u00d3N en la cual se encuentra la ficha del producto.","breadcrumb":{"@id":"https:\/\/www.carnicasiglesias.com\/noticias\/savia-nueva-forum-jovenes-la-empresa-familiar-castilla-leon\/#breadcrumb"},"inLanguage":"fr-FR","potentialAction":[{"@type":"ReadAction","target":["https:\/\/www.carnicasiglesias.com\/noticias\/savia-nueva-forum-jovenes-la-empresa-familiar-castilla-leon\/"]}]},{"@type":"ImageObject","inLanguage":"fr-FR","@id":"https:\/\/www.carnicasiglesias.com\/noticias\/savia-nueva-forum-jovenes-la-empresa-familiar-castilla-leon\/#primaryimage","url":"https:\/\/www.carnicasiglesias.com\/wp-content\/uploads\/2019\/06\/paco-iglesias.jpg","contentUrl":"https:\/\/www.carnicasiglesias.com\/wp-content\/uploads\/2019\/06\/paco-iglesias.jpg","width":540,"height":584},{"@type":"BreadcrumbList","@id":"https:\/\/www.carnicasiglesias.com\/noticias\/savia-nueva-forum-jovenes-la-empresa-familiar-castilla-leon\/#breadcrumb","itemListElement":[{"@type":"ListItem","position":1,"name":"Portada","item":"https:\/\/www.carnicasiglesias.com\/fr\/"},{"@type":"ListItem","position":2,"name":"SAVIA NUEVA EN EL F\u00d3RUM DE J\u00d3VENES DE LA EMPRESA FAMILIAR DE CASTILLA Y LE\u00d3N"}]},{"@type":"WebSite","@id":"https:\/\/www.carnicasiglesias.com\/#website","url":"https:\/\/www.carnicasiglesias.com\/","name":"C\u00e1rnicas Iglesias","description":"P\u00e1gina web de C\u00e1rnicas Iglesias","potentialAction":[{"@type":"SearchAction","target":{"@type":"EntryPoint","urlTemplate":"https:\/\/www.carnicasiglesias.com\/?s={search_term_string}"},"query-input":{"@type":"PropertyValueSpecification","valueRequired":true,"valueName":"search_term_string"}}],"inLanguage":"fr-FR"},{"@type":"Person","@id":"https:\/\/www.carnicasiglesias.com\/#\/schema\/person\/aaaf7d4dc5dc4bbfeb2f346eb04801eb","name":"wcarigle","image":{"@type":"ImageObject","inLanguage":"fr-FR","@id":"https:\/\/www.carnicasiglesias.com\/#\/schema\/person\/image\/","url":"https:\/\/secure.gravatar.com\/avatar\/c508261c9bb726f239f6caae30854a8c?s=96&d=mm&r=g","contentUrl":"https:\/\/secure.gravatar.com\/avatar\/c508261c9bb726f239f6caae30854a8c?s=96&d=mm&r=g","caption":"wcarigle"}}]}},"_links":{"self":[{"href":"https:\/\/www.carnicasiglesias.com\/fr\/wp-json\/wp\/v2\/posts\/900","targetHints":{"allow":["GET"]}}],"collection":[{"href":"https:\/\/www.carnicasiglesias.com\/fr\/wp-json\/wp\/v2\/posts"}],"about":[{"href":"https:\/\/www.carnicasiglesias.com\/fr\/wp-json\/wp\/v2\/types\/post"}],"author":[{"embeddable":true,"href":"https:\/\/www.carnicasiglesias.com\/fr\/wp-json\/wp\/v2\/users\/1"}],"replies":[{"embeddable":true,"href":"https:\/\/www.carnicasiglesias.com\/fr\/wp-json\/wp\/v2\/comments?post=900"}],"version-history":[{"count":1,"href":"https:\/\/www.carnicasiglesias.com\/fr\/wp-json\/wp\/v2\/posts\/900\/revisions"}],"predecessor-version":[{"id":902,"href":"https:\/\/www.carnicasiglesias.com\/fr\/wp-json\/wp\/v2\/posts\/900\/revisions\/902"}],"wp:featuredmedia":[{"embeddable":true,"href":"https:\/\/www.carnicasiglesias.com\/fr\/wp-json\/wp\/v2\/media\/901"}],"wp:attachment":[{"href":"https:\/\/www.carnicasiglesias.com\/fr\/wp-json\/wp\/v2\/media?parent=900"}],"wp:term":[{"taxonomy":"category","embeddable":true,"href":"https:\/\/www.carnicasiglesias.com\/fr\/wp-json\/wp\/v2\/categories?post=900"},{"taxonomy":"post_tag","embeddable":true,"href":"https:\/\/www.carnicasiglesias.com\/fr\/wp-json\/wp\/v2\/tags?post=900"}],"curies":[{"name":"wp","href":"https:\/\/api.w.org\/{rel}","templated":true}]}}