{"id":1585,"date":"2019-12-11T11:58:06","date_gmt":"2019-12-11T10:58:06","guid":{"rendered":"https:\/\/www.carnicasiglesias.com\/?p=1585"},"modified":"2019-12-11T11:58:06","modified_gmt":"2019-12-11T10:58:06","slug":"diciembre-oreja-frita-con-pimenton","status":"publish","type":"post","link":"https:\/\/www.carnicasiglesias.com\/zh-hant\/recetas\/diciembre-oreja-frita-con-pimenton\/","title":{"rendered":"DICIEMBRE \u2013 OREJA FRITA CON PIMENT\u00d3N"},"content":{"rendered":"<p><strong>INGREDIENTES:<\/strong><\/p>\n<ul>\n<li>2 orejas de cerdo<\/li>\n<li>2 cabezas de ajo<\/li>\n<li>100 g de piment\u00f3n<\/li>\n<li>Aceite de oliva suave<\/li>\n<li>1,5 L de agua<\/li>\n<li>Laurel<\/li>\n<\/ul>\n<p><strong>MODO DE PREPARACI\u00d3N:<\/strong><\/p>\n<p>Quemar orejas de cerdo con un soplete para eliminar pelos e impurezas.<\/p>\n<p>Cocinar las orejas en una olla con agua hirviendo durante 2 horas con el ajo un poco de sal y una hoja de laurel.<\/p>\n<p>Sacamos la oreja en una tabla escurrimos y cortamos en trozos y fre\u00edmos en una olla con aceite hirviendo.<\/p>\n<p>Sacamos los trozos en papal para eliminar el exceso de grasa y decoramos con un poco de piment\u00f3n y sal en escamas<\/p>\n","protected":false},"excerpt":{"rendered":"<p>INGREDIENTES: 2 orejas de cerdo 2 cabezas de ajo 100 g  &hellip; <\/p>\n<p class=\"link-more\"><a href=\"https:\/\/www.carnicasiglesias.com\/zh-hant\/recetas\/diciembre-oreja-frita-con-pimenton\/\" class=\"more-link\">Continue reading<span class=\"screen-reader-text\"> &#8220;DICIEMBRE \u2013 OREJA FRITA CON PIMENT\u00d3N&#8221;<\/span><\/a><\/p>\n","protected":false},"author":1,"featured_media":2010,"comment_status":"open","ping_status":"open","sticky":false,"template":"","format":"standard","meta":{"_acf_changed":false,"footnotes":""},"categories":[25],"tags":[],"class_list":["post-1585","post","type-post","status-publish","format-standard","has-post-thumbnail","hentry","category-recetas"],"acf":[],"yoast_head":"<!-- This site is optimized with the Yoast SEO plugin v24.8.1 - https:\/\/yoast.com\/wordpress\/plugins\/seo\/ -->\n<title>DICIEMBRE \u2013 OREJA FRITA CON PIMENT\u00d3N | C\u00e1rnicas Iglesias<\/title>\n<meta name=\"description\" content=\"P\u00e1gina de DICIEMBRE \u2013 OREJA FRITA CON PIMENT\u00d3N en la cual se encuentra la ficha del producto.\" \/>\n<meta name=\"robots\" content=\"index, follow, max-snippet:-1, max-image-preview:large, max-video-preview:-1\" \/>\n<link rel=\"canonical\" href=\"https:\/\/www.carnicasiglesias.com\/recetas\/diciembre-oreja-frita-con-pimenton\/\" \/>\n<meta property=\"og:locale\" content=\"zh_TW\" \/>\n<meta property=\"og:type\" content=\"article\" \/>\n<meta property=\"og:title\" content=\"DICIEMBRE \u2013 OREJA FRITA CON PIMENT\u00d3N | C\u00e1rnicas Iglesias\" \/>\n<meta property=\"og:description\" content=\"P\u00e1gina de DICIEMBRE \u2013 OREJA FRITA CON PIMENT\u00d3N en la cual se encuentra la ficha del producto.\" \/>\n<meta property=\"og:url\" content=\"https:\/\/www.carnicasiglesias.com\/recetas\/diciembre-oreja-frita-con-pimenton\/\" \/>\n<meta property=\"og:site_name\" content=\"C\u00e1rnicas Iglesias\" \/>\n<meta property=\"article:published_time\" content=\"2019-12-11T10:58:06+00:00\" \/>\n<meta property=\"og:image\" content=\"https:\/\/www.carnicasiglesias.com\/wp-content\/uploads\/2019\/11\/OREJA-FRITA.jpg\" \/>\n\t<meta property=\"og:image:width\" content=\"900\" \/>\n\t<meta property=\"og:image:height\" content=\"600\" \/>\n\t<meta property=\"og:image:type\" content=\"image\/jpeg\" \/>\n<meta name=\"author\" content=\"wcarigle\" \/>\n<meta name=\"twitter:card\" content=\"summary_large_image\" \/>\n<meta name=\"twitter:label1\" content=\"\u4f5c\u8005:\" \/>\n\t<meta name=\"twitter:data1\" content=\"wcarigle\" \/>\n\t<meta name=\"twitter:label2\" content=\"\u9810\u4f30\u95b1\u8b80\u6642\u9593\" \/>\n\t<meta name=\"twitter:data2\" content=\"1 \u5206\u9418\" \/>\n<script type=\"application\/ld+json\" class=\"yoast-schema-graph\">{\"@context\":\"https:\/\/schema.org\",\"@graph\":[{\"@type\":\"WebPage\",\"@id\":\"https:\/\/www.carnicasiglesias.com\/recetas\/diciembre-oreja-frita-con-pimenton\/\",\"url\":\"https:\/\/www.carnicasiglesias.com\/recetas\/diciembre-oreja-frita-con-pimenton\/\",\"name\":\"DICIEMBRE \u2013 OREJA FRITA CON PIMENT\u00d3N | C\u00e1rnicas Iglesias\",\"isPartOf\":{\"@id\":\"https:\/\/www.carnicasiglesias.com\/#website\"},\"primaryImageOfPage\":{\"@id\":\"https:\/\/www.carnicasiglesias.com\/recetas\/diciembre-oreja-frita-con-pimenton\/#primaryimage\"},\"image\":{\"@id\":\"https:\/\/www.carnicasiglesias.com\/recetas\/diciembre-oreja-frita-con-pimenton\/#primaryimage\"},\"thumbnailUrl\":\"https:\/\/www.carnicasiglesias.com\/wp-content\/uploads\/2019\/11\/OREJA-FRITA.jpg\",\"datePublished\":\"2019-12-11T10:58:06+00:00\",\"author\":{\"@id\":\"https:\/\/www.carnicasiglesias.com\/#\/schema\/person\/aaaf7d4dc5dc4bbfeb2f346eb04801eb\"},\"description\":\"P\u00e1gina de DICIEMBRE \u2013 OREJA FRITA CON PIMENT\u00d3N en la cual se encuentra la ficha del producto.\",\"breadcrumb\":{\"@id\":\"https:\/\/www.carnicasiglesias.com\/recetas\/diciembre-oreja-frita-con-pimenton\/#breadcrumb\"},\"inLanguage\":\"zh-TW\",\"potentialAction\":[{\"@type\":\"ReadAction\",\"target\":[\"https:\/\/www.carnicasiglesias.com\/recetas\/diciembre-oreja-frita-con-pimenton\/\"]}]},{\"@type\":\"ImageObject\",\"inLanguage\":\"zh-TW\",\"@id\":\"https:\/\/www.carnicasiglesias.com\/recetas\/diciembre-oreja-frita-con-pimenton\/#primaryimage\",\"url\":\"https:\/\/www.carnicasiglesias.com\/wp-content\/uploads\/2019\/11\/OREJA-FRITA.jpg\",\"contentUrl\":\"https:\/\/www.carnicasiglesias.com\/wp-content\/uploads\/2019\/11\/OREJA-FRITA.jpg\",\"width\":900,\"height\":600},{\"@type\":\"BreadcrumbList\",\"@id\":\"https:\/\/www.carnicasiglesias.com\/recetas\/diciembre-oreja-frita-con-pimenton\/#breadcrumb\",\"itemListElement\":[{\"@type\":\"ListItem\",\"position\":1,\"name\":\"Portada\",\"item\":\"https:\/\/www.carnicasiglesias.com\/zh-hant\/\"},{\"@type\":\"ListItem\",\"position\":2,\"name\":\"DICIEMBRE \u2013 OREJA FRITA CON PIMENT\u00d3N\"}]},{\"@type\":\"WebSite\",\"@id\":\"https:\/\/www.carnicasiglesias.com\/#website\",\"url\":\"https:\/\/www.carnicasiglesias.com\/\",\"name\":\"C\u00e1rnicas Iglesias\",\"description\":\"P\u00e1gina web de C\u00e1rnicas Iglesias\",\"potentialAction\":[{\"@type\":\"SearchAction\",\"target\":{\"@type\":\"EntryPoint\",\"urlTemplate\":\"https:\/\/www.carnicasiglesias.com\/?s={search_term_string}\"},\"query-input\":{\"@type\":\"PropertyValueSpecification\",\"valueRequired\":true,\"valueName\":\"search_term_string\"}}],\"inLanguage\":\"zh-TW\"},{\"@type\":\"Person\",\"@id\":\"https:\/\/www.carnicasiglesias.com\/#\/schema\/person\/aaaf7d4dc5dc4bbfeb2f346eb04801eb\",\"name\":\"wcarigle\",\"image\":{\"@type\":\"ImageObject\",\"inLanguage\":\"zh-TW\",\"@id\":\"https:\/\/www.carnicasiglesias.com\/#\/schema\/person\/image\/\",\"url\":\"https:\/\/secure.gravatar.com\/avatar\/c508261c9bb726f239f6caae30854a8c?s=96&d=mm&r=g\",\"contentUrl\":\"https:\/\/secure.gravatar.com\/avatar\/c508261c9bb726f239f6caae30854a8c?s=96&d=mm&r=g\",\"caption\":\"wcarigle\"}}]}<\/script>\n<!-- \/ Yoast SEO plugin. -->","yoast_head_json":{"title":"DICIEMBRE \u2013 OREJA FRITA CON PIMENT\u00d3N | C\u00e1rnicas Iglesias","description":"P\u00e1gina de DICIEMBRE \u2013 OREJA FRITA CON PIMENT\u00d3N en la cual se encuentra la ficha del producto.","robots":{"index":"index","follow":"follow","max-snippet":"max-snippet:-1","max-image-preview":"max-image-preview:large","max-video-preview":"max-video-preview:-1"},"canonical":"https:\/\/www.carnicasiglesias.com\/recetas\/diciembre-oreja-frita-con-pimenton\/","og_locale":"zh_TW","og_type":"article","og_title":"DICIEMBRE \u2013 OREJA FRITA CON PIMENT\u00d3N | C\u00e1rnicas Iglesias","og_description":"P\u00e1gina de DICIEMBRE \u2013 OREJA FRITA CON PIMENT\u00d3N en la cual se encuentra la ficha del producto.","og_url":"https:\/\/www.carnicasiglesias.com\/recetas\/diciembre-oreja-frita-con-pimenton\/","og_site_name":"C\u00e1rnicas Iglesias","article_published_time":"2019-12-11T10:58:06+00:00","og_image":[{"width":900,"height":600,"url":"https:\/\/www.carnicasiglesias.com\/wp-content\/uploads\/2019\/11\/OREJA-FRITA.jpg","type":"image\/jpeg"}],"author":"wcarigle","twitter_card":"summary_large_image","twitter_misc":{"\u4f5c\u8005:":"wcarigle","\u9810\u4f30\u95b1\u8b80\u6642\u9593":"1 \u5206\u9418"},"schema":{"@context":"https:\/\/schema.org","@graph":[{"@type":"WebPage","@id":"https:\/\/www.carnicasiglesias.com\/recetas\/diciembre-oreja-frita-con-pimenton\/","url":"https:\/\/www.carnicasiglesias.com\/recetas\/diciembre-oreja-frita-con-pimenton\/","name":"DICIEMBRE \u2013 OREJA FRITA CON PIMENT\u00d3N | C\u00e1rnicas Iglesias","isPartOf":{"@id":"https:\/\/www.carnicasiglesias.com\/#website"},"primaryImageOfPage":{"@id":"https:\/\/www.carnicasiglesias.com\/recetas\/diciembre-oreja-frita-con-pimenton\/#primaryimage"},"image":{"@id":"https:\/\/www.carnicasiglesias.com\/recetas\/diciembre-oreja-frita-con-pimenton\/#primaryimage"},"thumbnailUrl":"https:\/\/www.carnicasiglesias.com\/wp-content\/uploads\/2019\/11\/OREJA-FRITA.jpg","datePublished":"2019-12-11T10:58:06+00:00","author":{"@id":"https:\/\/www.carnicasiglesias.com\/#\/schema\/person\/aaaf7d4dc5dc4bbfeb2f346eb04801eb"},"description":"P\u00e1gina de DICIEMBRE \u2013 OREJA FRITA CON PIMENT\u00d3N en la cual se encuentra la ficha del producto.","breadcrumb":{"@id":"https:\/\/www.carnicasiglesias.com\/recetas\/diciembre-oreja-frita-con-pimenton\/#breadcrumb"},"inLanguage":"zh-TW","potentialAction":[{"@type":"ReadAction","target":["https:\/\/www.carnicasiglesias.com\/recetas\/diciembre-oreja-frita-con-pimenton\/"]}]},{"@type":"ImageObject","inLanguage":"zh-TW","@id":"https:\/\/www.carnicasiglesias.com\/recetas\/diciembre-oreja-frita-con-pimenton\/#primaryimage","url":"https:\/\/www.carnicasiglesias.com\/wp-content\/uploads\/2019\/11\/OREJA-FRITA.jpg","contentUrl":"https:\/\/www.carnicasiglesias.com\/wp-content\/uploads\/2019\/11\/OREJA-FRITA.jpg","width":900,"height":600},{"@type":"BreadcrumbList","@id":"https:\/\/www.carnicasiglesias.com\/recetas\/diciembre-oreja-frita-con-pimenton\/#breadcrumb","itemListElement":[{"@type":"ListItem","position":1,"name":"Portada","item":"https:\/\/www.carnicasiglesias.com\/zh-hant\/"},{"@type":"ListItem","position":2,"name":"DICIEMBRE \u2013 OREJA FRITA CON PIMENT\u00d3N"}]},{"@type":"WebSite","@id":"https:\/\/www.carnicasiglesias.com\/#website","url":"https:\/\/www.carnicasiglesias.com\/","name":"C\u00e1rnicas Iglesias","description":"P\u00e1gina web de C\u00e1rnicas Iglesias","potentialAction":[{"@type":"SearchAction","target":{"@type":"EntryPoint","urlTemplate":"https:\/\/www.carnicasiglesias.com\/?s={search_term_string}"},"query-input":{"@type":"PropertyValueSpecification","valueRequired":true,"valueName":"search_term_string"}}],"inLanguage":"zh-TW"},{"@type":"Person","@id":"https:\/\/www.carnicasiglesias.com\/#\/schema\/person\/aaaf7d4dc5dc4bbfeb2f346eb04801eb","name":"wcarigle","image":{"@type":"ImageObject","inLanguage":"zh-TW","@id":"https:\/\/www.carnicasiglesias.com\/#\/schema\/person\/image\/","url":"https:\/\/secure.gravatar.com\/avatar\/c508261c9bb726f239f6caae30854a8c?s=96&d=mm&r=g","contentUrl":"https:\/\/secure.gravatar.com\/avatar\/c508261c9bb726f239f6caae30854a8c?s=96&d=mm&r=g","caption":"wcarigle"}}]}},"_links":{"self":[{"href":"https:\/\/www.carnicasiglesias.com\/zh-hant\/wp-json\/wp\/v2\/posts\/1585","targetHints":{"allow":["GET"]}}],"collection":[{"href":"https:\/\/www.carnicasiglesias.com\/zh-hant\/wp-json\/wp\/v2\/posts"}],"about":[{"href":"https:\/\/www.carnicasiglesias.com\/zh-hant\/wp-json\/wp\/v2\/types\/post"}],"author":[{"embeddable":true,"href":"https:\/\/www.carnicasiglesias.com\/zh-hant\/wp-json\/wp\/v2\/users\/1"}],"replies":[{"embeddable":true,"href":"https:\/\/www.carnicasiglesias.com\/zh-hant\/wp-json\/wp\/v2\/comments?post=1585"}],"version-history":[{"count":2,"href":"https:\/\/www.carnicasiglesias.com\/zh-hant\/wp-json\/wp\/v2\/posts\/1585\/revisions"}],"predecessor-version":[{"id":1960,"href":"https:\/\/www.carnicasiglesias.com\/zh-hant\/wp-json\/wp\/v2\/posts\/1585\/revisions\/1960"}],"wp:featuredmedia":[{"embeddable":true,"href":"https:\/\/www.carnicasiglesias.com\/zh-hant\/wp-json\/wp\/v2\/media\/2010"}],"wp:attachment":[{"href":"https:\/\/www.carnicasiglesias.com\/zh-hant\/wp-json\/wp\/v2\/media?parent=1585"}],"wp:term":[{"taxonomy":"category","embeddable":true,"href":"https:\/\/www.carnicasiglesias.com\/zh-hant\/wp-json\/wp\/v2\/categories?post=1585"},{"taxonomy":"post_tag","embeddable":true,"href":"https:\/\/www.carnicasiglesias.com\/zh-hant\/wp-json\/wp\/v2\/tags?post=1585"}],"curies":[{"name":"wp","href":"https:\/\/api.w.org\/{rel}","templated":true}]}}