{"id":2027,"date":"2019-11-29T14:43:02","date_gmt":"2019-11-29T13:43:02","guid":{"rendered":"https:\/\/www.carnicasiglesias.com\/?p=2027"},"modified":"2019-11-29T14:43:02","modified_gmt":"2019-11-29T13:43:02","slug":"nuestro-jamon-de-cebo-iberico-calificado-de-muy-buena-calidad-por-la-ocu","status":"publish","type":"post","link":"https:\/\/www.carnicasiglesias.com\/zh-hant\/noticias\/nuestro-jamon-de-cebo-iberico-calificado-de-muy-buena-calidad-por-la-ocu\/","title":{"rendered":"NUESTRO JAM\u00d3N DE CEBO IB\u00c9RICO CALIFICADO DE MUY BUENA CALIDAD POR LA OCU"},"content":{"rendered":"<p>La revista OCU COMPRA MAESTRA en su n\u00famero de diciembre 2019 publica un estudio en el que se analiza la autenticidad de la raza ib\u00e9rica en los loncheados que se comercializan en los diferentes puntos de venta de nuestro pa\u00eds.<\/p>\n<p>Todos los productos se analizan en laboratorios independientes siguiendo las indicaciones de los expertos de la OCU. Se adquieren en tiendas entre los modelos m\u00e1s vendidos; OCU no admite muestras de regalos de fabricantes.<\/p>\n<p>Las valoraciones de la OCU, de una a cinco estrellas, reflejan los resultados del an\u00e1lisis.<\/p>\n<p>Queremos resaltar de este estudio la Calificaci\u00f3n global de nuestro Jam\u00f3n de Cebo Ib\u00e9rico 50% Raza Ib\u00e9rica IGLESIAS 150 gramos, con una puntuaci\u00f3n de 80 puntos considerada de muy buena calidad y, obteniendo 5 estrellas en:<\/p>\n<ul>\n<li>Aditivos y Conservantes<\/li>\n<li>Raza Ib\u00e9rica<\/li>\n<li>Degustaci\u00f3n<\/li>\n<\/ul>\n<p>As\u00ed como 4 estrellas en etiquetado y salinidad.<\/p>\n","protected":false},"excerpt":{"rendered":"<p>La revista OCU COMPRA MAESTRA en su n\u00famero de diciembre &hellip; <\/p>\n<p class=\"link-more\"><a href=\"https:\/\/www.carnicasiglesias.com\/zh-hant\/noticias\/nuestro-jamon-de-cebo-iberico-calificado-de-muy-buena-calidad-por-la-ocu\/\" class=\"more-link\">Continue reading<span class=\"screen-reader-text\"> &#8220;NUESTRO JAM\u00d3N DE CEBO IB\u00c9RICO CALIFICADO DE MUY BUENA CALIDAD POR LA OCU&#8221;<\/span><\/a><\/p>\n","protected":false},"author":1,"featured_media":2028,"comment_status":"open","ping_status":"open","sticky":false,"template":"","format":"standard","meta":{"_acf_changed":false,"footnotes":""},"categories":[9],"tags":[],"class_list":["post-2027","post","type-post","status-publish","format-standard","has-post-thumbnail","hentry","category-noticias"],"acf":[],"yoast_head":"<!-- This site is optimized with the Yoast SEO plugin v24.8.1 - https:\/\/yoast.com\/wordpress\/plugins\/seo\/ -->\n<title>NUESTRO JAM\u00d3N DE CEBO IB\u00c9RICO CALIFICADO DE MUY BUENA CALIDAD POR LA OCU | C\u00e1rnicas Iglesias<\/title>\n<meta name=\"description\" content=\"P\u00e1gina de NUESTRO JAM\u00d3N DE CEBO IB\u00c9RICO CALIFICADO DE MUY BUENA CALIDAD POR LA OCU en la cual se encuentra la ficha del producto.\" \/>\n<meta name=\"robots\" content=\"index, follow, max-snippet:-1, max-image-preview:large, max-video-preview:-1\" \/>\n<link rel=\"canonical\" href=\"https:\/\/www.carnicasiglesias.com\/noticias\/nuestro-jamon-de-cebo-iberico-calificado-de-muy-buena-calidad-por-la-ocu\/\" \/>\n<meta property=\"og:locale\" content=\"zh_TW\" \/>\n<meta property=\"og:type\" content=\"article\" \/>\n<meta property=\"og:title\" content=\"NUESTRO JAM\u00d3N DE CEBO IB\u00c9RICO CALIFICADO DE MUY BUENA CALIDAD POR LA OCU | C\u00e1rnicas Iglesias\" \/>\n<meta property=\"og:description\" content=\"P\u00e1gina de NUESTRO JAM\u00d3N DE CEBO IB\u00c9RICO CALIFICADO DE MUY BUENA CALIDAD POR LA OCU en la cual se encuentra la ficha del producto.\" \/>\n<meta property=\"og:url\" content=\"https:\/\/www.carnicasiglesias.com\/noticias\/nuestro-jamon-de-cebo-iberico-calificado-de-muy-buena-calidad-por-la-ocu\/\" \/>\n<meta property=\"og:site_name\" content=\"C\u00e1rnicas Iglesias\" \/>\n<meta property=\"article:published_time\" content=\"2019-11-29T13:43:02+00:00\" \/>\n<meta property=\"og:image\" content=\"https:\/\/www.carnicasiglesias.com\/wp-content\/uploads\/2019\/11\/carnicanot.jpg\" \/>\n\t<meta property=\"og:image:width\" content=\"667\" \/>\n\t<meta property=\"og:image:height\" content=\"905\" \/>\n\t<meta property=\"og:image:type\" content=\"image\/jpeg\" \/>\n<meta name=\"author\" content=\"wcarigle\" \/>\n<meta name=\"twitter:card\" content=\"summary_large_image\" \/>\n<meta name=\"twitter:label1\" content=\"\u4f5c\u8005:\" \/>\n\t<meta name=\"twitter:data1\" content=\"wcarigle\" \/>\n\t<meta name=\"twitter:label2\" content=\"\u9810\u4f30\u95b1\u8b80\u6642\u9593\" \/>\n\t<meta name=\"twitter:data2\" content=\"1 \u5206\u9418\" \/>\n<script type=\"application\/ld+json\" class=\"yoast-schema-graph\">{\"@context\":\"https:\/\/schema.org\",\"@graph\":[{\"@type\":\"WebPage\",\"@id\":\"https:\/\/www.carnicasiglesias.com\/noticias\/nuestro-jamon-de-cebo-iberico-calificado-de-muy-buena-calidad-por-la-ocu\/\",\"url\":\"https:\/\/www.carnicasiglesias.com\/noticias\/nuestro-jamon-de-cebo-iberico-calificado-de-muy-buena-calidad-por-la-ocu\/\",\"name\":\"NUESTRO JAM\u00d3N DE CEBO IB\u00c9RICO CALIFICADO DE MUY BUENA CALIDAD POR LA OCU | C\u00e1rnicas Iglesias\",\"isPartOf\":{\"@id\":\"https:\/\/www.carnicasiglesias.com\/#website\"},\"primaryImageOfPage\":{\"@id\":\"https:\/\/www.carnicasiglesias.com\/noticias\/nuestro-jamon-de-cebo-iberico-calificado-de-muy-buena-calidad-por-la-ocu\/#primaryimage\"},\"image\":{\"@id\":\"https:\/\/www.carnicasiglesias.com\/noticias\/nuestro-jamon-de-cebo-iberico-calificado-de-muy-buena-calidad-por-la-ocu\/#primaryimage\"},\"thumbnailUrl\":\"https:\/\/www.carnicasiglesias.com\/wp-content\/uploads\/2019\/11\/carnicanot.jpg\",\"datePublished\":\"2019-11-29T13:43:02+00:00\",\"author\":{\"@id\":\"https:\/\/www.carnicasiglesias.com\/#\/schema\/person\/aaaf7d4dc5dc4bbfeb2f346eb04801eb\"},\"description\":\"P\u00e1gina de NUESTRO JAM\u00d3N DE CEBO IB\u00c9RICO CALIFICADO DE MUY BUENA CALIDAD POR LA OCU en la cual se encuentra la ficha del producto.\",\"breadcrumb\":{\"@id\":\"https:\/\/www.carnicasiglesias.com\/noticias\/nuestro-jamon-de-cebo-iberico-calificado-de-muy-buena-calidad-por-la-ocu\/#breadcrumb\"},\"inLanguage\":\"zh-TW\",\"potentialAction\":[{\"@type\":\"ReadAction\",\"target\":[\"https:\/\/www.carnicasiglesias.com\/noticias\/nuestro-jamon-de-cebo-iberico-calificado-de-muy-buena-calidad-por-la-ocu\/\"]}]},{\"@type\":\"ImageObject\",\"inLanguage\":\"zh-TW\",\"@id\":\"https:\/\/www.carnicasiglesias.com\/noticias\/nuestro-jamon-de-cebo-iberico-calificado-de-muy-buena-calidad-por-la-ocu\/#primaryimage\",\"url\":\"https:\/\/www.carnicasiglesias.com\/wp-content\/uploads\/2019\/11\/carnicanot.jpg\",\"contentUrl\":\"https:\/\/www.carnicasiglesias.com\/wp-content\/uploads\/2019\/11\/carnicanot.jpg\",\"width\":667,\"height\":905},{\"@type\":\"BreadcrumbList\",\"@id\":\"https:\/\/www.carnicasiglesias.com\/noticias\/nuestro-jamon-de-cebo-iberico-calificado-de-muy-buena-calidad-por-la-ocu\/#breadcrumb\",\"itemListElement\":[{\"@type\":\"ListItem\",\"position\":1,\"name\":\"Portada\",\"item\":\"https:\/\/www.carnicasiglesias.com\/zh-hant\/\"},{\"@type\":\"ListItem\",\"position\":2,\"name\":\"NUESTRO JAM\u00d3N DE CEBO IB\u00c9RICO CALIFICADO DE MUY BUENA CALIDAD POR LA OCU\"}]},{\"@type\":\"WebSite\",\"@id\":\"https:\/\/www.carnicasiglesias.com\/#website\",\"url\":\"https:\/\/www.carnicasiglesias.com\/\",\"name\":\"C\u00e1rnicas Iglesias\",\"description\":\"P\u00e1gina web de C\u00e1rnicas Iglesias\",\"potentialAction\":[{\"@type\":\"SearchAction\",\"target\":{\"@type\":\"EntryPoint\",\"urlTemplate\":\"https:\/\/www.carnicasiglesias.com\/?s={search_term_string}\"},\"query-input\":{\"@type\":\"PropertyValueSpecification\",\"valueRequired\":true,\"valueName\":\"search_term_string\"}}],\"inLanguage\":\"zh-TW\"},{\"@type\":\"Person\",\"@id\":\"https:\/\/www.carnicasiglesias.com\/#\/schema\/person\/aaaf7d4dc5dc4bbfeb2f346eb04801eb\",\"name\":\"wcarigle\",\"image\":{\"@type\":\"ImageObject\",\"inLanguage\":\"zh-TW\",\"@id\":\"https:\/\/www.carnicasiglesias.com\/#\/schema\/person\/image\/\",\"url\":\"https:\/\/secure.gravatar.com\/avatar\/c508261c9bb726f239f6caae30854a8c?s=96&d=mm&r=g\",\"contentUrl\":\"https:\/\/secure.gravatar.com\/avatar\/c508261c9bb726f239f6caae30854a8c?s=96&d=mm&r=g\",\"caption\":\"wcarigle\"}}]}<\/script>\n<!-- \/ Yoast SEO plugin. -->","yoast_head_json":{"title":"NUESTRO JAM\u00d3N DE CEBO IB\u00c9RICO CALIFICADO DE MUY BUENA CALIDAD POR LA OCU | C\u00e1rnicas Iglesias","description":"P\u00e1gina de NUESTRO JAM\u00d3N DE CEBO IB\u00c9RICO CALIFICADO DE MUY BUENA CALIDAD POR LA OCU en la cual se encuentra la ficha del producto.","robots":{"index":"index","follow":"follow","max-snippet":"max-snippet:-1","max-image-preview":"max-image-preview:large","max-video-preview":"max-video-preview:-1"},"canonical":"https:\/\/www.carnicasiglesias.com\/noticias\/nuestro-jamon-de-cebo-iberico-calificado-de-muy-buena-calidad-por-la-ocu\/","og_locale":"zh_TW","og_type":"article","og_title":"NUESTRO JAM\u00d3N DE CEBO IB\u00c9RICO CALIFICADO DE MUY BUENA CALIDAD POR LA OCU | C\u00e1rnicas Iglesias","og_description":"P\u00e1gina de NUESTRO JAM\u00d3N DE CEBO IB\u00c9RICO CALIFICADO DE MUY BUENA CALIDAD POR LA OCU en la cual se encuentra la ficha del producto.","og_url":"https:\/\/www.carnicasiglesias.com\/noticias\/nuestro-jamon-de-cebo-iberico-calificado-de-muy-buena-calidad-por-la-ocu\/","og_site_name":"C\u00e1rnicas Iglesias","article_published_time":"2019-11-29T13:43:02+00:00","og_image":[{"width":667,"height":905,"url":"https:\/\/www.carnicasiglesias.com\/wp-content\/uploads\/2019\/11\/carnicanot.jpg","type":"image\/jpeg"}],"author":"wcarigle","twitter_card":"summary_large_image","twitter_misc":{"\u4f5c\u8005:":"wcarigle","\u9810\u4f30\u95b1\u8b80\u6642\u9593":"1 \u5206\u9418"},"schema":{"@context":"https:\/\/schema.org","@graph":[{"@type":"WebPage","@id":"https:\/\/www.carnicasiglesias.com\/noticias\/nuestro-jamon-de-cebo-iberico-calificado-de-muy-buena-calidad-por-la-ocu\/","url":"https:\/\/www.carnicasiglesias.com\/noticias\/nuestro-jamon-de-cebo-iberico-calificado-de-muy-buena-calidad-por-la-ocu\/","name":"NUESTRO JAM\u00d3N DE CEBO IB\u00c9RICO CALIFICADO DE MUY BUENA CALIDAD POR LA OCU | C\u00e1rnicas Iglesias","isPartOf":{"@id":"https:\/\/www.carnicasiglesias.com\/#website"},"primaryImageOfPage":{"@id":"https:\/\/www.carnicasiglesias.com\/noticias\/nuestro-jamon-de-cebo-iberico-calificado-de-muy-buena-calidad-por-la-ocu\/#primaryimage"},"image":{"@id":"https:\/\/www.carnicasiglesias.com\/noticias\/nuestro-jamon-de-cebo-iberico-calificado-de-muy-buena-calidad-por-la-ocu\/#primaryimage"},"thumbnailUrl":"https:\/\/www.carnicasiglesias.com\/wp-content\/uploads\/2019\/11\/carnicanot.jpg","datePublished":"2019-11-29T13:43:02+00:00","author":{"@id":"https:\/\/www.carnicasiglesias.com\/#\/schema\/person\/aaaf7d4dc5dc4bbfeb2f346eb04801eb"},"description":"P\u00e1gina de NUESTRO JAM\u00d3N DE CEBO IB\u00c9RICO CALIFICADO DE MUY BUENA CALIDAD POR LA OCU en la cual se encuentra la ficha del producto.","breadcrumb":{"@id":"https:\/\/www.carnicasiglesias.com\/noticias\/nuestro-jamon-de-cebo-iberico-calificado-de-muy-buena-calidad-por-la-ocu\/#breadcrumb"},"inLanguage":"zh-TW","potentialAction":[{"@type":"ReadAction","target":["https:\/\/www.carnicasiglesias.com\/noticias\/nuestro-jamon-de-cebo-iberico-calificado-de-muy-buena-calidad-por-la-ocu\/"]}]},{"@type":"ImageObject","inLanguage":"zh-TW","@id":"https:\/\/www.carnicasiglesias.com\/noticias\/nuestro-jamon-de-cebo-iberico-calificado-de-muy-buena-calidad-por-la-ocu\/#primaryimage","url":"https:\/\/www.carnicasiglesias.com\/wp-content\/uploads\/2019\/11\/carnicanot.jpg","contentUrl":"https:\/\/www.carnicasiglesias.com\/wp-content\/uploads\/2019\/11\/carnicanot.jpg","width":667,"height":905},{"@type":"BreadcrumbList","@id":"https:\/\/www.carnicasiglesias.com\/noticias\/nuestro-jamon-de-cebo-iberico-calificado-de-muy-buena-calidad-por-la-ocu\/#breadcrumb","itemListElement":[{"@type":"ListItem","position":1,"name":"Portada","item":"https:\/\/www.carnicasiglesias.com\/zh-hant\/"},{"@type":"ListItem","position":2,"name":"NUESTRO JAM\u00d3N DE CEBO IB\u00c9RICO CALIFICADO DE MUY BUENA CALIDAD POR LA OCU"}]},{"@type":"WebSite","@id":"https:\/\/www.carnicasiglesias.com\/#website","url":"https:\/\/www.carnicasiglesias.com\/","name":"C\u00e1rnicas Iglesias","description":"P\u00e1gina web de C\u00e1rnicas Iglesias","potentialAction":[{"@type":"SearchAction","target":{"@type":"EntryPoint","urlTemplate":"https:\/\/www.carnicasiglesias.com\/?s={search_term_string}"},"query-input":{"@type":"PropertyValueSpecification","valueRequired":true,"valueName":"search_term_string"}}],"inLanguage":"zh-TW"},{"@type":"Person","@id":"https:\/\/www.carnicasiglesias.com\/#\/schema\/person\/aaaf7d4dc5dc4bbfeb2f346eb04801eb","name":"wcarigle","image":{"@type":"ImageObject","inLanguage":"zh-TW","@id":"https:\/\/www.carnicasiglesias.com\/#\/schema\/person\/image\/","url":"https:\/\/secure.gravatar.com\/avatar\/c508261c9bb726f239f6caae30854a8c?s=96&d=mm&r=g","contentUrl":"https:\/\/secure.gravatar.com\/avatar\/c508261c9bb726f239f6caae30854a8c?s=96&d=mm&r=g","caption":"wcarigle"}}]}},"_links":{"self":[{"href":"https:\/\/www.carnicasiglesias.com\/zh-hant\/wp-json\/wp\/v2\/posts\/2027","targetHints":{"allow":["GET"]}}],"collection":[{"href":"https:\/\/www.carnicasiglesias.com\/zh-hant\/wp-json\/wp\/v2\/posts"}],"about":[{"href":"https:\/\/www.carnicasiglesias.com\/zh-hant\/wp-json\/wp\/v2\/types\/post"}],"author":[{"embeddable":true,"href":"https:\/\/www.carnicasiglesias.com\/zh-hant\/wp-json\/wp\/v2\/users\/1"}],"replies":[{"embeddable":true,"href":"https:\/\/www.carnicasiglesias.com\/zh-hant\/wp-json\/wp\/v2\/comments?post=2027"}],"version-history":[{"count":1,"href":"https:\/\/www.carnicasiglesias.com\/zh-hant\/wp-json\/wp\/v2\/posts\/2027\/revisions"}],"predecessor-version":[{"id":2032,"href":"https:\/\/www.carnicasiglesias.com\/zh-hant\/wp-json\/wp\/v2\/posts\/2027\/revisions\/2032"}],"wp:featuredmedia":[{"embeddable":true,"href":"https:\/\/www.carnicasiglesias.com\/zh-hant\/wp-json\/wp\/v2\/media\/2028"}],"wp:attachment":[{"href":"https:\/\/www.carnicasiglesias.com\/zh-hant\/wp-json\/wp\/v2\/media?parent=2027"}],"wp:term":[{"taxonomy":"category","embeddable":true,"href":"https:\/\/www.carnicasiglesias.com\/zh-hant\/wp-json\/wp\/v2\/categories?post=2027"},{"taxonomy":"post_tag","embeddable":true,"href":"https:\/\/www.carnicasiglesias.com\/zh-hant\/wp-json\/wp\/v2\/tags?post=2027"}],"curies":[{"name":"wp","href":"https:\/\/api.w.org\/{rel}","templated":true}]}}