{"id":2060,"date":"2020-01-29T14:55:16","date_gmt":"2020-01-29T13:55:16","guid":{"rendered":"https:\/\/www.carnicasiglesias.com\/?p=2060"},"modified":"2020-01-29T14:58:05","modified_gmt":"2020-01-29T13:58:05","slug":"carnicas-iglesias-participa-en-el-programa-empresa-familiar-en-las-aulas","status":"publish","type":"post","link":"https:\/\/www.carnicasiglesias.com\/zh-hant\/noticias\/carnicas-iglesias-participa-en-el-programa-empresa-familiar-en-las-aulas\/","title":{"rendered":"C\u00c1RNICAS IGLESIAS PARTICIPA EN EL PROGRAMA \u201cEMPRESA FAMILIAR EN LAS AULAS\u201d"},"content":{"rendered":"<p>C\u00e1rnicas Iglesias participa en el curso del programa de fomento del emprendimiento \u201cEmpresa Familiar en las aulas\u201d.<\/p>\n<p>El programa cumple su segunda edici\u00f3n impulsado por la Asociaci\u00f3n Empresa Familiar de Castilla y Le\u00f3n (EFCL) con la colaboraci\u00f3n de la Consejer\u00eda de Educaci\u00f3n. Participan en el Programa 28 Compa\u00f1\u00edas asociadas.<\/p>\n<p>Los empresarios de Castilla y Le\u00f3n que participan en este programa, dar\u00e1n charlas en 32 centros educativos y llegar\u00e1 a m\u00e1s de mil estudiantes de sexto de primaria y cuarto de la ESO, as\u00ed como de tercero de la ESO y primero de Bachillerato, cursos a los que se ha ampliado en esta edici\u00f3n. Posteriormente, los estudiantes realizar\u00e1n visitas a las sedes de estas empresas, que contribuyen a reforzar de un modo pr\u00e1ctico los contenidos de las asignaturas relacionadas con la empresa.<\/p>\n<p>Adem\u00e1s, en este curso, el programa se ha extendido a otras Comunidades Aut\u00f3nomas como Navarra, Castilla-La Mancha y Galicia de la mano de las respectivas asociaciones territoriales de empresa familiar.<\/p>\n<p>El programa tiene como finalidad, promover vocaciones emprendedoras y empresariales entre los m\u00e1s j\u00f3venes d\u00e1ndoles a conocer los valores de la empresa familiar, as\u00ed como su papel y relevancia en la econom\u00eda y sociedad.<\/p>\n<p>El 28 de Febrero, Francisco Iglesias Gil, en representaci\u00f3n de C\u00e1rnicas Iglesias, tendr\u00e1 un encuentro con alumnos de 6\u00ba de primaria en el Colegio Calasanz en Salamanca, \u00a0para dar testimonio de primera mano sobre c\u00f3mo es una empresa familiar, qu\u00e9 hacemos, c\u00f3mo lo hacemos, nuestros retos y valores.<\/p>\n<p>Tras la visita al colegio, semanas despu\u00e9s invitaremos a los alumnos a visitar las instalaciones para conocer m\u00e1s a fondo nuestra forma de trabajar.<\/p>\n<p>&nbsp;<\/p>\n<p><em>Fuente: El Economista.es 20\/01\/2020<\/em><\/p>\n","protected":false},"excerpt":{"rendered":"<p>C\u00e1rnicas Iglesias participa en el curso del programa de &hellip; <\/p>\n<p class=\"link-more\"><a href=\"https:\/\/www.carnicasiglesias.com\/zh-hant\/noticias\/carnicas-iglesias-participa-en-el-programa-empresa-familiar-en-las-aulas\/\" class=\"more-link\">Continue reading<span class=\"screen-reader-text\"> &#8220;C\u00c1RNICAS IGLESIAS PARTICIPA EN EL PROGRAMA \u201cEMPRESA FAMILIAR EN LAS AULAS\u201d&#8221;<\/span><\/a><\/p>\n","protected":false},"author":1,"featured_media":2062,"comment_status":"open","ping_status":"open","sticky":false,"template":"","format":"standard","meta":{"_acf_changed":false,"footnotes":""},"categories":[9],"tags":[],"class_list":["post-2060","post","type-post","status-publish","format-standard","has-post-thumbnail","hentry","category-noticias"],"acf":[],"yoast_head":"<!-- This site is optimized with the Yoast SEO plugin v24.8.1 - https:\/\/yoast.com\/wordpress\/plugins\/seo\/ -->\n<title>C\u00c1RNICAS IGLESIAS PARTICIPA EN EL PROGRAMA \u201cEMPRESA FAMILIAR EN LAS AULAS\u201d | C\u00e1rnicas Iglesias<\/title>\n<meta name=\"description\" content=\"P\u00e1gina de C\u00c1RNICAS IGLESIAS PARTICIPA EN EL PROGRAMA \u201cEMPRESA FAMILIAR EN LAS AULAS\u201d en la cual se encuentra la ficha del producto.\" \/>\n<meta name=\"robots\" content=\"index, follow, max-snippet:-1, max-image-preview:large, max-video-preview:-1\" \/>\n<link rel=\"canonical\" href=\"https:\/\/www.carnicasiglesias.com\/zh-hant\/\u65b0\u805e\/carnicas-iglesias-participa-en-el-programa-empresa-familiar-en-las-aulas\/\" \/>\n<meta property=\"og:locale\" content=\"zh_TW\" \/>\n<meta property=\"og:type\" content=\"article\" \/>\n<meta property=\"og:title\" content=\"C\u00c1RNICAS IGLESIAS PARTICIPA EN EL PROGRAMA \u201cEMPRESA FAMILIAR EN LAS AULAS\u201d | C\u00e1rnicas Iglesias\" \/>\n<meta property=\"og:description\" content=\"P\u00e1gina de C\u00c1RNICAS IGLESIAS PARTICIPA EN EL PROGRAMA \u201cEMPRESA FAMILIAR EN LAS AULAS\u201d en la cual se encuentra la ficha del producto.\" \/>\n<meta property=\"og:url\" content=\"https:\/\/www.carnicasiglesias.com\/zh-hant\/\u65b0\u805e\/carnicas-iglesias-participa-en-el-programa-empresa-familiar-en-las-aulas\/\" \/>\n<meta property=\"og:site_name\" content=\"C\u00e1rnicas Iglesias\" \/>\n<meta property=\"article:published_time\" content=\"2020-01-29T13:55:16+00:00\" \/>\n<meta property=\"article:modified_time\" content=\"2020-01-29T13:58:05+00:00\" \/>\n<meta property=\"og:image\" content=\"https:\/\/www.carnicasiglesias.com\/wp-content\/uploads\/2020\/01\/foto-noticia.jpg\" \/>\n\t<meta property=\"og:image:width\" content=\"2362\" \/>\n\t<meta property=\"og:image:height\" content=\"2362\" \/>\n\t<meta property=\"og:image:type\" content=\"image\/jpeg\" \/>\n<meta name=\"author\" content=\"wcarigle\" \/>\n<meta name=\"twitter:card\" content=\"summary_large_image\" \/>\n<meta name=\"twitter:label1\" content=\"\u4f5c\u8005:\" \/>\n\t<meta name=\"twitter:data1\" content=\"wcarigle\" \/>\n\t<meta name=\"twitter:label2\" content=\"\u9810\u4f30\u95b1\u8b80\u6642\u9593\" \/>\n\t<meta name=\"twitter:data2\" content=\"1 \u5206\u9418\" \/>\n<script type=\"application\/ld+json\" class=\"yoast-schema-graph\">{\"@context\":\"https:\/\/schema.org\",\"@graph\":[{\"@type\":\"WebPage\",\"@id\":\"https:\/\/www.carnicasiglesias.com\/zh-hant\/%e6%96%b0%e8%81%9e\/carnicas-iglesias-participa-en-el-programa-empresa-familiar-en-las-aulas\/\",\"url\":\"https:\/\/www.carnicasiglesias.com\/zh-hant\/%e6%96%b0%e8%81%9e\/carnicas-iglesias-participa-en-el-programa-empresa-familiar-en-las-aulas\/\",\"name\":\"C\u00c1RNICAS IGLESIAS PARTICIPA EN EL PROGRAMA \u201cEMPRESA FAMILIAR EN LAS AULAS\u201d | C\u00e1rnicas Iglesias\",\"isPartOf\":{\"@id\":\"https:\/\/www.carnicasiglesias.com\/#website\"},\"primaryImageOfPage\":{\"@id\":\"https:\/\/www.carnicasiglesias.com\/zh-hant\/%e6%96%b0%e8%81%9e\/carnicas-iglesias-participa-en-el-programa-empresa-familiar-en-las-aulas\/#primaryimage\"},\"image\":{\"@id\":\"https:\/\/www.carnicasiglesias.com\/zh-hant\/%e6%96%b0%e8%81%9e\/carnicas-iglesias-participa-en-el-programa-empresa-familiar-en-las-aulas\/#primaryimage\"},\"thumbnailUrl\":\"https:\/\/www.carnicasiglesias.com\/wp-content\/uploads\/2020\/01\/foto-noticia.jpg\",\"datePublished\":\"2020-01-29T13:55:16+00:00\",\"dateModified\":\"2020-01-29T13:58:05+00:00\",\"author\":{\"@id\":\"https:\/\/www.carnicasiglesias.com\/#\/schema\/person\/aaaf7d4dc5dc4bbfeb2f346eb04801eb\"},\"description\":\"P\u00e1gina de C\u00c1RNICAS IGLESIAS PARTICIPA EN EL PROGRAMA \u201cEMPRESA FAMILIAR EN LAS AULAS\u201d en la cual se encuentra la ficha del producto.\",\"breadcrumb\":{\"@id\":\"https:\/\/www.carnicasiglesias.com\/zh-hant\/%e6%96%b0%e8%81%9e\/carnicas-iglesias-participa-en-el-programa-empresa-familiar-en-las-aulas\/#breadcrumb\"},\"inLanguage\":\"zh-TW\",\"potentialAction\":[{\"@type\":\"ReadAction\",\"target\":[\"https:\/\/www.carnicasiglesias.com\/zh-hant\/%e6%96%b0%e8%81%9e\/carnicas-iglesias-participa-en-el-programa-empresa-familiar-en-las-aulas\/\"]}]},{\"@type\":\"ImageObject\",\"inLanguage\":\"zh-TW\",\"@id\":\"https:\/\/www.carnicasiglesias.com\/zh-hant\/%e6%96%b0%e8%81%9e\/carnicas-iglesias-participa-en-el-programa-empresa-familiar-en-las-aulas\/#primaryimage\",\"url\":\"https:\/\/www.carnicasiglesias.com\/wp-content\/uploads\/2020\/01\/foto-noticia.jpg\",\"contentUrl\":\"https:\/\/www.carnicasiglesias.com\/wp-content\/uploads\/2020\/01\/foto-noticia.jpg\",\"width\":2362,\"height\":2362},{\"@type\":\"BreadcrumbList\",\"@id\":\"https:\/\/www.carnicasiglesias.com\/zh-hant\/%e6%96%b0%e8%81%9e\/carnicas-iglesias-participa-en-el-programa-empresa-familiar-en-las-aulas\/#breadcrumb\",\"itemListElement\":[{\"@type\":\"ListItem\",\"position\":1,\"name\":\"Portada\",\"item\":\"https:\/\/www.carnicasiglesias.com\/zh-hant\/\"},{\"@type\":\"ListItem\",\"position\":2,\"name\":\"C\u00c1RNICAS IGLESIAS PARTICIPA EN EL PROGRAMA \u201cEMPRESA FAMILIAR EN LAS AULAS\u201d\"}]},{\"@type\":\"WebSite\",\"@id\":\"https:\/\/www.carnicasiglesias.com\/#website\",\"url\":\"https:\/\/www.carnicasiglesias.com\/\",\"name\":\"C\u00e1rnicas Iglesias\",\"description\":\"P\u00e1gina web de C\u00e1rnicas Iglesias\",\"potentialAction\":[{\"@type\":\"SearchAction\",\"target\":{\"@type\":\"EntryPoint\",\"urlTemplate\":\"https:\/\/www.carnicasiglesias.com\/?s={search_term_string}\"},\"query-input\":{\"@type\":\"PropertyValueSpecification\",\"valueRequired\":true,\"valueName\":\"search_term_string\"}}],\"inLanguage\":\"zh-TW\"},{\"@type\":\"Person\",\"@id\":\"https:\/\/www.carnicasiglesias.com\/#\/schema\/person\/aaaf7d4dc5dc4bbfeb2f346eb04801eb\",\"name\":\"wcarigle\",\"image\":{\"@type\":\"ImageObject\",\"inLanguage\":\"zh-TW\",\"@id\":\"https:\/\/www.carnicasiglesias.com\/#\/schema\/person\/image\/\",\"url\":\"https:\/\/secure.gravatar.com\/avatar\/c508261c9bb726f239f6caae30854a8c?s=96&d=mm&r=g\",\"contentUrl\":\"https:\/\/secure.gravatar.com\/avatar\/c508261c9bb726f239f6caae30854a8c?s=96&d=mm&r=g\",\"caption\":\"wcarigle\"}}]}<\/script>\n<!-- \/ Yoast SEO plugin. -->","yoast_head_json":{"title":"C\u00c1RNICAS IGLESIAS PARTICIPA EN EL PROGRAMA \u201cEMPRESA FAMILIAR EN LAS AULAS\u201d | C\u00e1rnicas Iglesias","description":"P\u00e1gina de C\u00c1RNICAS IGLESIAS PARTICIPA EN EL PROGRAMA \u201cEMPRESA FAMILIAR EN LAS AULAS\u201d en la cual se encuentra la ficha del producto.","robots":{"index":"index","follow":"follow","max-snippet":"max-snippet:-1","max-image-preview":"max-image-preview:large","max-video-preview":"max-video-preview:-1"},"canonical":"https:\/\/www.carnicasiglesias.com\/zh-hant\/\u65b0\u805e\/carnicas-iglesias-participa-en-el-programa-empresa-familiar-en-las-aulas\/","og_locale":"zh_TW","og_type":"article","og_title":"C\u00c1RNICAS IGLESIAS PARTICIPA EN EL PROGRAMA \u201cEMPRESA FAMILIAR EN LAS AULAS\u201d | C\u00e1rnicas Iglesias","og_description":"P\u00e1gina de C\u00c1RNICAS IGLESIAS PARTICIPA EN EL PROGRAMA \u201cEMPRESA FAMILIAR EN LAS AULAS\u201d en la cual se encuentra la ficha del producto.","og_url":"https:\/\/www.carnicasiglesias.com\/zh-hant\/\u65b0\u805e\/carnicas-iglesias-participa-en-el-programa-empresa-familiar-en-las-aulas\/","og_site_name":"C\u00e1rnicas Iglesias","article_published_time":"2020-01-29T13:55:16+00:00","article_modified_time":"2020-01-29T13:58:05+00:00","og_image":[{"width":2362,"height":2362,"url":"https:\/\/www.carnicasiglesias.com\/wp-content\/uploads\/2020\/01\/foto-noticia.jpg","type":"image\/jpeg"}],"author":"wcarigle","twitter_card":"summary_large_image","twitter_misc":{"\u4f5c\u8005:":"wcarigle","\u9810\u4f30\u95b1\u8b80\u6642\u9593":"1 \u5206\u9418"},"schema":{"@context":"https:\/\/schema.org","@graph":[{"@type":"WebPage","@id":"https:\/\/www.carnicasiglesias.com\/zh-hant\/%e6%96%b0%e8%81%9e\/carnicas-iglesias-participa-en-el-programa-empresa-familiar-en-las-aulas\/","url":"https:\/\/www.carnicasiglesias.com\/zh-hant\/%e6%96%b0%e8%81%9e\/carnicas-iglesias-participa-en-el-programa-empresa-familiar-en-las-aulas\/","name":"C\u00c1RNICAS IGLESIAS PARTICIPA EN EL PROGRAMA \u201cEMPRESA FAMILIAR EN LAS AULAS\u201d | C\u00e1rnicas Iglesias","isPartOf":{"@id":"https:\/\/www.carnicasiglesias.com\/#website"},"primaryImageOfPage":{"@id":"https:\/\/www.carnicasiglesias.com\/zh-hant\/%e6%96%b0%e8%81%9e\/carnicas-iglesias-participa-en-el-programa-empresa-familiar-en-las-aulas\/#primaryimage"},"image":{"@id":"https:\/\/www.carnicasiglesias.com\/zh-hant\/%e6%96%b0%e8%81%9e\/carnicas-iglesias-participa-en-el-programa-empresa-familiar-en-las-aulas\/#primaryimage"},"thumbnailUrl":"https:\/\/www.carnicasiglesias.com\/wp-content\/uploads\/2020\/01\/foto-noticia.jpg","datePublished":"2020-01-29T13:55:16+00:00","dateModified":"2020-01-29T13:58:05+00:00","author":{"@id":"https:\/\/www.carnicasiglesias.com\/#\/schema\/person\/aaaf7d4dc5dc4bbfeb2f346eb04801eb"},"description":"P\u00e1gina de C\u00c1RNICAS IGLESIAS PARTICIPA EN EL PROGRAMA \u201cEMPRESA FAMILIAR EN LAS AULAS\u201d en la cual se encuentra la ficha del producto.","breadcrumb":{"@id":"https:\/\/www.carnicasiglesias.com\/zh-hant\/%e6%96%b0%e8%81%9e\/carnicas-iglesias-participa-en-el-programa-empresa-familiar-en-las-aulas\/#breadcrumb"},"inLanguage":"zh-TW","potentialAction":[{"@type":"ReadAction","target":["https:\/\/www.carnicasiglesias.com\/zh-hant\/%e6%96%b0%e8%81%9e\/carnicas-iglesias-participa-en-el-programa-empresa-familiar-en-las-aulas\/"]}]},{"@type":"ImageObject","inLanguage":"zh-TW","@id":"https:\/\/www.carnicasiglesias.com\/zh-hant\/%e6%96%b0%e8%81%9e\/carnicas-iglesias-participa-en-el-programa-empresa-familiar-en-las-aulas\/#primaryimage","url":"https:\/\/www.carnicasiglesias.com\/wp-content\/uploads\/2020\/01\/foto-noticia.jpg","contentUrl":"https:\/\/www.carnicasiglesias.com\/wp-content\/uploads\/2020\/01\/foto-noticia.jpg","width":2362,"height":2362},{"@type":"BreadcrumbList","@id":"https:\/\/www.carnicasiglesias.com\/zh-hant\/%e6%96%b0%e8%81%9e\/carnicas-iglesias-participa-en-el-programa-empresa-familiar-en-las-aulas\/#breadcrumb","itemListElement":[{"@type":"ListItem","position":1,"name":"Portada","item":"https:\/\/www.carnicasiglesias.com\/zh-hant\/"},{"@type":"ListItem","position":2,"name":"C\u00c1RNICAS IGLESIAS PARTICIPA EN EL PROGRAMA \u201cEMPRESA FAMILIAR EN LAS AULAS\u201d"}]},{"@type":"WebSite","@id":"https:\/\/www.carnicasiglesias.com\/#website","url":"https:\/\/www.carnicasiglesias.com\/","name":"C\u00e1rnicas Iglesias","description":"P\u00e1gina web de C\u00e1rnicas Iglesias","potentialAction":[{"@type":"SearchAction","target":{"@type":"EntryPoint","urlTemplate":"https:\/\/www.carnicasiglesias.com\/?s={search_term_string}"},"query-input":{"@type":"PropertyValueSpecification","valueRequired":true,"valueName":"search_term_string"}}],"inLanguage":"zh-TW"},{"@type":"Person","@id":"https:\/\/www.carnicasiglesias.com\/#\/schema\/person\/aaaf7d4dc5dc4bbfeb2f346eb04801eb","name":"wcarigle","image":{"@type":"ImageObject","inLanguage":"zh-TW","@id":"https:\/\/www.carnicasiglesias.com\/#\/schema\/person\/image\/","url":"https:\/\/secure.gravatar.com\/avatar\/c508261c9bb726f239f6caae30854a8c?s=96&d=mm&r=g","contentUrl":"https:\/\/secure.gravatar.com\/avatar\/c508261c9bb726f239f6caae30854a8c?s=96&d=mm&r=g","caption":"wcarigle"}}]}},"_links":{"self":[{"href":"https:\/\/www.carnicasiglesias.com\/zh-hant\/wp-json\/wp\/v2\/posts\/2060","targetHints":{"allow":["GET"]}}],"collection":[{"href":"https:\/\/www.carnicasiglesias.com\/zh-hant\/wp-json\/wp\/v2\/posts"}],"about":[{"href":"https:\/\/www.carnicasiglesias.com\/zh-hant\/wp-json\/wp\/v2\/types\/post"}],"author":[{"embeddable":true,"href":"https:\/\/www.carnicasiglesias.com\/zh-hant\/wp-json\/wp\/v2\/users\/1"}],"replies":[{"embeddable":true,"href":"https:\/\/www.carnicasiglesias.com\/zh-hant\/wp-json\/wp\/v2\/comments?post=2060"}],"version-history":[{"count":1,"href":"https:\/\/www.carnicasiglesias.com\/zh-hant\/wp-json\/wp\/v2\/posts\/2060\/revisions"}],"predecessor-version":[{"id":2061,"href":"https:\/\/www.carnicasiglesias.com\/zh-hant\/wp-json\/wp\/v2\/posts\/2060\/revisions\/2061"}],"wp:featuredmedia":[{"embeddable":true,"href":"https:\/\/www.carnicasiglesias.com\/zh-hant\/wp-json\/wp\/v2\/media\/2062"}],"wp:attachment":[{"href":"https:\/\/www.carnicasiglesias.com\/zh-hant\/wp-json\/wp\/v2\/media?parent=2060"}],"wp:term":[{"taxonomy":"category","embeddable":true,"href":"https:\/\/www.carnicasiglesias.com\/zh-hant\/wp-json\/wp\/v2\/categories?post=2060"},{"taxonomy":"post_tag","embeddable":true,"href":"https:\/\/www.carnicasiglesias.com\/zh-hant\/wp-json\/wp\/v2\/tags?post=2060"}],"curies":[{"name":"wp","href":"https:\/\/api.w.org\/{rel}","templated":true}]}}