{"id":2808,"date":"2021-11-23T11:58:13","date_gmt":"2021-11-23T10:58:13","guid":{"rendered":"https:\/\/www.carnicasiglesias.com\/?p=2808"},"modified":"2021-11-23T11:59:39","modified_gmt":"2021-11-23T10:59:39","slug":"carnicas-iglesias-apuesta-por-la-energia-solar","status":"publish","type":"post","link":"https:\/\/www.carnicasiglesias.com\/zh-hant\/noticias\/carnicas-iglesias-apuesta-por-la-energia-solar\/","title":{"rendered":"C\u00c1RNICAS IGLESIAS APUESTA POR LA ENERG\u00cdA SOLAR"},"content":{"rendered":"<p>CARNICAS IGLESIAS se est\u00e1 transformando para ser m\u00e1s eficiente y apuesta por la sostenibilidad y el respeto al medio ambiente, con la instalaci\u00f3n de energ\u00eda solar fotovoltaica para autoconsumo en su centro de producci\u00f3n situado en Mor\u00ed\u00f1igo (Salamanca).<\/p>\n<p>La instalaci\u00f3n contar\u00e1 con una potencia pico de 239 kW. En total, tendr\u00e1 capacidad para generar m\u00e1s de 330.057\u00a0 KWh al a\u00f1o.<\/p>\n<p><strong>Compromiso con el medio ambiente<\/strong><\/p>\n<p>El proyecto se enmarca dentro del nuevo Plan de Sostenibilidad de la Compa\u00f1\u00eda, a trav\u00e9s del cual seguir\u00e1 invirtiendo paulatinamente, cuidando de las personas y el planeta y promoviendo un estilo de vida m\u00e1s saludable. Con este Plan quiere contribuir, de forma determinante, a los Objetivos de Desarrollo Sostenible de las Naciones Unidas, poniendo, como eje fundamental, la defensa del h\u00e1bitat natural. Este proyecto evitar\u00e1 la emisi\u00f3n de 109 toneladas\/anuales de di\u00f3xido de carbono, lo que equivaldr\u00eda a casi 10.000 \u00e1rboles plantados.<\/p>\n<p>CARNICAS IGLESIAS pretende aportar su grano de arena en el respeto medioambiental y en la lucha contra el cambio clim\u00e1tico, convirti\u00e9ndose en una empresa m\u00e1s verde y comprometida socialmente.<\/p>\n<p>&nbsp;<\/p>\n","protected":false},"excerpt":{"rendered":"<p>CARNICAS IGLESIAS se est\u00e1 transformando para ser m\u00e1s ef &hellip; <\/p>\n<p class=\"link-more\"><a href=\"https:\/\/www.carnicasiglesias.com\/zh-hant\/noticias\/carnicas-iglesias-apuesta-por-la-energia-solar\/\" class=\"more-link\">Continue reading<span class=\"screen-reader-text\"> &#8220;C\u00c1RNICAS IGLESIAS APUESTA POR LA ENERG\u00cdA SOLAR&#8221;<\/span><\/a><\/p>\n","protected":false},"author":1,"featured_media":2809,"comment_status":"open","ping_status":"open","sticky":false,"template":"","format":"standard","meta":{"_acf_changed":false,"footnotes":""},"categories":[9],"tags":[],"class_list":["post-2808","post","type-post","status-publish","format-standard","has-post-thumbnail","hentry","category-noticias"],"acf":[],"yoast_head":"<!-- This site is optimized with the Yoast SEO plugin v24.8.1 - https:\/\/yoast.com\/wordpress\/plugins\/seo\/ -->\n<title>C\u00c1RNICAS IGLESIAS APUESTA POR LA ENERG\u00cdA SOLAR | C\u00e1rnicas Iglesias<\/title>\n<meta name=\"description\" content=\"P\u00e1gina de C\u00c1RNICAS IGLESIAS APUESTA POR LA ENERG\u00cdA SOLAR en la cual se encuentra la ficha del producto.\" \/>\n<meta name=\"robots\" content=\"index, follow, max-snippet:-1, max-image-preview:large, max-video-preview:-1\" \/>\n<link rel=\"canonical\" href=\"https:\/\/www.carnicasiglesias.com\/noticias\/carnicas-iglesias-apuesta-por-la-energia-solar\/\" \/>\n<meta property=\"og:locale\" content=\"zh_TW\" \/>\n<meta property=\"og:type\" content=\"article\" \/>\n<meta property=\"og:title\" content=\"C\u00c1RNICAS IGLESIAS APUESTA POR LA ENERG\u00cdA SOLAR | C\u00e1rnicas Iglesias\" \/>\n<meta property=\"og:description\" content=\"P\u00e1gina de C\u00c1RNICAS IGLESIAS APUESTA POR LA ENERG\u00cdA SOLAR en la cual se encuentra la ficha del producto.\" \/>\n<meta property=\"og:url\" content=\"https:\/\/www.carnicasiglesias.com\/noticias\/carnicas-iglesias-apuesta-por-la-energia-solar\/\" \/>\n<meta property=\"og:site_name\" content=\"C\u00e1rnicas Iglesias\" \/>\n<meta property=\"article:published_time\" content=\"2021-11-23T10:58:13+00:00\" \/>\n<meta property=\"article:modified_time\" content=\"2021-11-23T10:59:39+00:00\" \/>\n<meta property=\"og:image\" content=\"https:\/\/www.carnicasiglesias.com\/wp-content\/uploads\/2021\/11\/noticia_carnicasiglesias.png\" \/>\n\t<meta property=\"og:image:width\" content=\"355\" \/>\n\t<meta property=\"og:image:height\" content=\"302\" \/>\n\t<meta property=\"og:image:type\" content=\"image\/png\" \/>\n<meta name=\"author\" content=\"wcarigle\" \/>\n<meta name=\"twitter:card\" content=\"summary_large_image\" \/>\n<meta name=\"twitter:label1\" content=\"\u4f5c\u8005:\" \/>\n\t<meta name=\"twitter:data1\" content=\"wcarigle\" \/>\n\t<meta name=\"twitter:label2\" content=\"\u9810\u4f30\u95b1\u8b80\u6642\u9593\" \/>\n\t<meta name=\"twitter:data2\" content=\"1 \u5206\u9418\" \/>\n<script type=\"application\/ld+json\" class=\"yoast-schema-graph\">{\"@context\":\"https:\/\/schema.org\",\"@graph\":[{\"@type\":\"WebPage\",\"@id\":\"https:\/\/www.carnicasiglesias.com\/noticias\/carnicas-iglesias-apuesta-por-la-energia-solar\/\",\"url\":\"https:\/\/www.carnicasiglesias.com\/noticias\/carnicas-iglesias-apuesta-por-la-energia-solar\/\",\"name\":\"C\u00c1RNICAS IGLESIAS APUESTA POR LA ENERG\u00cdA SOLAR | C\u00e1rnicas Iglesias\",\"isPartOf\":{\"@id\":\"https:\/\/www.carnicasiglesias.com\/#website\"},\"primaryImageOfPage\":{\"@id\":\"https:\/\/www.carnicasiglesias.com\/noticias\/carnicas-iglesias-apuesta-por-la-energia-solar\/#primaryimage\"},\"image\":{\"@id\":\"https:\/\/www.carnicasiglesias.com\/noticias\/carnicas-iglesias-apuesta-por-la-energia-solar\/#primaryimage\"},\"thumbnailUrl\":\"https:\/\/www.carnicasiglesias.com\/wp-content\/uploads\/2021\/11\/noticia_carnicasiglesias.png\",\"datePublished\":\"2021-11-23T10:58:13+00:00\",\"dateModified\":\"2021-11-23T10:59:39+00:00\",\"author\":{\"@id\":\"https:\/\/www.carnicasiglesias.com\/#\/schema\/person\/aaaf7d4dc5dc4bbfeb2f346eb04801eb\"},\"description\":\"P\u00e1gina de C\u00c1RNICAS IGLESIAS APUESTA POR LA ENERG\u00cdA SOLAR en la cual se encuentra la ficha del producto.\",\"breadcrumb\":{\"@id\":\"https:\/\/www.carnicasiglesias.com\/noticias\/carnicas-iglesias-apuesta-por-la-energia-solar\/#breadcrumb\"},\"inLanguage\":\"zh-TW\",\"potentialAction\":[{\"@type\":\"ReadAction\",\"target\":[\"https:\/\/www.carnicasiglesias.com\/noticias\/carnicas-iglesias-apuesta-por-la-energia-solar\/\"]}]},{\"@type\":\"ImageObject\",\"inLanguage\":\"zh-TW\",\"@id\":\"https:\/\/www.carnicasiglesias.com\/noticias\/carnicas-iglesias-apuesta-por-la-energia-solar\/#primaryimage\",\"url\":\"https:\/\/www.carnicasiglesias.com\/wp-content\/uploads\/2021\/11\/noticia_carnicasiglesias.png\",\"contentUrl\":\"https:\/\/www.carnicasiglesias.com\/wp-content\/uploads\/2021\/11\/noticia_carnicasiglesias.png\",\"width\":355,\"height\":302},{\"@type\":\"BreadcrumbList\",\"@id\":\"https:\/\/www.carnicasiglesias.com\/noticias\/carnicas-iglesias-apuesta-por-la-energia-solar\/#breadcrumb\",\"itemListElement\":[{\"@type\":\"ListItem\",\"position\":1,\"name\":\"Portada\",\"item\":\"https:\/\/www.carnicasiglesias.com\/zh-hant\/\"},{\"@type\":\"ListItem\",\"position\":2,\"name\":\"C\u00c1RNICAS IGLESIAS APUESTA POR LA ENERG\u00cdA SOLAR\"}]},{\"@type\":\"WebSite\",\"@id\":\"https:\/\/www.carnicasiglesias.com\/#website\",\"url\":\"https:\/\/www.carnicasiglesias.com\/\",\"name\":\"C\u00e1rnicas Iglesias\",\"description\":\"P\u00e1gina web de C\u00e1rnicas Iglesias\",\"potentialAction\":[{\"@type\":\"SearchAction\",\"target\":{\"@type\":\"EntryPoint\",\"urlTemplate\":\"https:\/\/www.carnicasiglesias.com\/?s={search_term_string}\"},\"query-input\":{\"@type\":\"PropertyValueSpecification\",\"valueRequired\":true,\"valueName\":\"search_term_string\"}}],\"inLanguage\":\"zh-TW\"},{\"@type\":\"Person\",\"@id\":\"https:\/\/www.carnicasiglesias.com\/#\/schema\/person\/aaaf7d4dc5dc4bbfeb2f346eb04801eb\",\"name\":\"wcarigle\",\"image\":{\"@type\":\"ImageObject\",\"inLanguage\":\"zh-TW\",\"@id\":\"https:\/\/www.carnicasiglesias.com\/#\/schema\/person\/image\/\",\"url\":\"https:\/\/secure.gravatar.com\/avatar\/c508261c9bb726f239f6caae30854a8c?s=96&d=mm&r=g\",\"contentUrl\":\"https:\/\/secure.gravatar.com\/avatar\/c508261c9bb726f239f6caae30854a8c?s=96&d=mm&r=g\",\"caption\":\"wcarigle\"}}]}<\/script>\n<!-- \/ Yoast SEO plugin. -->","yoast_head_json":{"title":"C\u00c1RNICAS IGLESIAS APUESTA POR LA ENERG\u00cdA SOLAR | C\u00e1rnicas Iglesias","description":"P\u00e1gina de C\u00c1RNICAS IGLESIAS APUESTA POR LA ENERG\u00cdA SOLAR en la cual se encuentra la ficha del producto.","robots":{"index":"index","follow":"follow","max-snippet":"max-snippet:-1","max-image-preview":"max-image-preview:large","max-video-preview":"max-video-preview:-1"},"canonical":"https:\/\/www.carnicasiglesias.com\/noticias\/carnicas-iglesias-apuesta-por-la-energia-solar\/","og_locale":"zh_TW","og_type":"article","og_title":"C\u00c1RNICAS IGLESIAS APUESTA POR LA ENERG\u00cdA SOLAR | C\u00e1rnicas Iglesias","og_description":"P\u00e1gina de C\u00c1RNICAS IGLESIAS APUESTA POR LA ENERG\u00cdA SOLAR en la cual se encuentra la ficha del producto.","og_url":"https:\/\/www.carnicasiglesias.com\/noticias\/carnicas-iglesias-apuesta-por-la-energia-solar\/","og_site_name":"C\u00e1rnicas Iglesias","article_published_time":"2021-11-23T10:58:13+00:00","article_modified_time":"2021-11-23T10:59:39+00:00","og_image":[{"width":355,"height":302,"url":"https:\/\/www.carnicasiglesias.com\/wp-content\/uploads\/2021\/11\/noticia_carnicasiglesias.png","type":"image\/png"}],"author":"wcarigle","twitter_card":"summary_large_image","twitter_misc":{"\u4f5c\u8005:":"wcarigle","\u9810\u4f30\u95b1\u8b80\u6642\u9593":"1 \u5206\u9418"},"schema":{"@context":"https:\/\/schema.org","@graph":[{"@type":"WebPage","@id":"https:\/\/www.carnicasiglesias.com\/noticias\/carnicas-iglesias-apuesta-por-la-energia-solar\/","url":"https:\/\/www.carnicasiglesias.com\/noticias\/carnicas-iglesias-apuesta-por-la-energia-solar\/","name":"C\u00c1RNICAS IGLESIAS APUESTA POR LA ENERG\u00cdA SOLAR | C\u00e1rnicas Iglesias","isPartOf":{"@id":"https:\/\/www.carnicasiglesias.com\/#website"},"primaryImageOfPage":{"@id":"https:\/\/www.carnicasiglesias.com\/noticias\/carnicas-iglesias-apuesta-por-la-energia-solar\/#primaryimage"},"image":{"@id":"https:\/\/www.carnicasiglesias.com\/noticias\/carnicas-iglesias-apuesta-por-la-energia-solar\/#primaryimage"},"thumbnailUrl":"https:\/\/www.carnicasiglesias.com\/wp-content\/uploads\/2021\/11\/noticia_carnicasiglesias.png","datePublished":"2021-11-23T10:58:13+00:00","dateModified":"2021-11-23T10:59:39+00:00","author":{"@id":"https:\/\/www.carnicasiglesias.com\/#\/schema\/person\/aaaf7d4dc5dc4bbfeb2f346eb04801eb"},"description":"P\u00e1gina de C\u00c1RNICAS IGLESIAS APUESTA POR LA ENERG\u00cdA SOLAR en la cual se encuentra la ficha del producto.","breadcrumb":{"@id":"https:\/\/www.carnicasiglesias.com\/noticias\/carnicas-iglesias-apuesta-por-la-energia-solar\/#breadcrumb"},"inLanguage":"zh-TW","potentialAction":[{"@type":"ReadAction","target":["https:\/\/www.carnicasiglesias.com\/noticias\/carnicas-iglesias-apuesta-por-la-energia-solar\/"]}]},{"@type":"ImageObject","inLanguage":"zh-TW","@id":"https:\/\/www.carnicasiglesias.com\/noticias\/carnicas-iglesias-apuesta-por-la-energia-solar\/#primaryimage","url":"https:\/\/www.carnicasiglesias.com\/wp-content\/uploads\/2021\/11\/noticia_carnicasiglesias.png","contentUrl":"https:\/\/www.carnicasiglesias.com\/wp-content\/uploads\/2021\/11\/noticia_carnicasiglesias.png","width":355,"height":302},{"@type":"BreadcrumbList","@id":"https:\/\/www.carnicasiglesias.com\/noticias\/carnicas-iglesias-apuesta-por-la-energia-solar\/#breadcrumb","itemListElement":[{"@type":"ListItem","position":1,"name":"Portada","item":"https:\/\/www.carnicasiglesias.com\/zh-hant\/"},{"@type":"ListItem","position":2,"name":"C\u00c1RNICAS IGLESIAS APUESTA POR LA ENERG\u00cdA SOLAR"}]},{"@type":"WebSite","@id":"https:\/\/www.carnicasiglesias.com\/#website","url":"https:\/\/www.carnicasiglesias.com\/","name":"C\u00e1rnicas Iglesias","description":"P\u00e1gina web de C\u00e1rnicas Iglesias","potentialAction":[{"@type":"SearchAction","target":{"@type":"EntryPoint","urlTemplate":"https:\/\/www.carnicasiglesias.com\/?s={search_term_string}"},"query-input":{"@type":"PropertyValueSpecification","valueRequired":true,"valueName":"search_term_string"}}],"inLanguage":"zh-TW"},{"@type":"Person","@id":"https:\/\/www.carnicasiglesias.com\/#\/schema\/person\/aaaf7d4dc5dc4bbfeb2f346eb04801eb","name":"wcarigle","image":{"@type":"ImageObject","inLanguage":"zh-TW","@id":"https:\/\/www.carnicasiglesias.com\/#\/schema\/person\/image\/","url":"https:\/\/secure.gravatar.com\/avatar\/c508261c9bb726f239f6caae30854a8c?s=96&d=mm&r=g","contentUrl":"https:\/\/secure.gravatar.com\/avatar\/c508261c9bb726f239f6caae30854a8c?s=96&d=mm&r=g","caption":"wcarigle"}}]}},"_links":{"self":[{"href":"https:\/\/www.carnicasiglesias.com\/zh-hant\/wp-json\/wp\/v2\/posts\/2808","targetHints":{"allow":["GET"]}}],"collection":[{"href":"https:\/\/www.carnicasiglesias.com\/zh-hant\/wp-json\/wp\/v2\/posts"}],"about":[{"href":"https:\/\/www.carnicasiglesias.com\/zh-hant\/wp-json\/wp\/v2\/types\/post"}],"author":[{"embeddable":true,"href":"https:\/\/www.carnicasiglesias.com\/zh-hant\/wp-json\/wp\/v2\/users\/1"}],"replies":[{"embeddable":true,"href":"https:\/\/www.carnicasiglesias.com\/zh-hant\/wp-json\/wp\/v2\/comments?post=2808"}],"version-history":[{"count":2,"href":"https:\/\/www.carnicasiglesias.com\/zh-hant\/wp-json\/wp\/v2\/posts\/2808\/revisions"}],"predecessor-version":[{"id":2814,"href":"https:\/\/www.carnicasiglesias.com\/zh-hant\/wp-json\/wp\/v2\/posts\/2808\/revisions\/2814"}],"wp:featuredmedia":[{"embeddable":true,"href":"https:\/\/www.carnicasiglesias.com\/zh-hant\/wp-json\/wp\/v2\/media\/2809"}],"wp:attachment":[{"href":"https:\/\/www.carnicasiglesias.com\/zh-hant\/wp-json\/wp\/v2\/media?parent=2808"}],"wp:term":[{"taxonomy":"category","embeddable":true,"href":"https:\/\/www.carnicasiglesias.com\/zh-hant\/wp-json\/wp\/v2\/categories?post=2808"},{"taxonomy":"post_tag","embeddable":true,"href":"https:\/\/www.carnicasiglesias.com\/zh-hant\/wp-json\/wp\/v2\/tags?post=2808"}],"curies":[{"name":"wp","href":"https:\/\/api.w.org\/{rel}","templated":true}]}}