{"id":3223,"date":"2023-11-02T16:06:08","date_gmt":"2023-11-02T15:06:08","guid":{"rendered":"https:\/\/www.carnicasiglesias.com\/?p=3223"},"modified":"2023-12-12T08:53:29","modified_gmt":"2023-12-12T07:53:29","slug":"julio-chorizo-iberico-extra-bellota","status":"publish","type":"post","link":"https:\/\/www.carnicasiglesias.com\/zh-hant\/recetas\/julio-chorizo-iberico-extra-bellota\/","title":{"rendered":"JULIO &#8211; CHORIZO IB\u00c9RICO EXTRA BELLOTA"},"content":{"rendered":"<p>El excepcional sabor de la carne de ib\u00e9rico, condimentada con seleccionados ingredientes naturales, con una curaci\u00f3n lenta, favorecida por el moho caracter\u00edstico que presentan los embutidos embodegados de Salamanca, hacen de estos chorizos un deleite para quien los prueba.<\/p>\n<p><img loading=\"lazy\" decoding=\"async\" class=\"alignnone wp-image-3258\" src=\"https:\/\/www.carnicasiglesias.com\/wp-content\/uploads\/2023\/10\/tierra-de-sabor.png\" alt=\"\" width=\"70\" height=\"66\" \/>\u00a0 \u00a0 \u00a0 <img loading=\"lazy\" decoding=\"async\" class=\"alignnone wp-image-3254\" src=\"https:\/\/www.carnicasiglesias.com\/wp-content\/uploads\/2023\/10\/sin-gluten.jpg\" alt=\"\" width=\"70\" height=\"65\" \/>\u00a0 \u00a0 \u00a0\u00a0 <img loading=\"lazy\" decoding=\"async\" class=\"alignnone wp-image-3246\" src=\"https:\/\/www.carnicasiglesias.com\/wp-content\/uploads\/2023\/10\/bodega.jpg\" alt=\"\" width=\"70\" height=\"60\" \/>\u00a0 \u00a0 \u00a0 <img loading=\"lazy\" decoding=\"async\" class=\"alignnone wp-image-3268\" src=\"https:\/\/www.carnicasiglesias.com\/wp-content\/uploads\/2023\/10\/IBSa.png\" alt=\"\" width=\"70\" height=\"85\" \/>\u00a0 \u00a0 \u00a0 <img loading=\"lazy\" decoding=\"async\" class=\"alignnone wp-image-3276\" src=\"https:\/\/www.carnicasiglesias.com\/wp-content\/uploads\/2023\/10\/Pimenton.jpg\" alt=\"\" width=\"70\" height=\"70\" srcset=\"https:\/\/www.carnicasiglesias.com\/wp-content\/uploads\/2023\/10\/Pimenton.jpg 286w, https:\/\/www.carnicasiglesias.com\/wp-content\/uploads\/2023\/10\/Pimenton-150x150.jpg 150w, https:\/\/www.carnicasiglesias.com\/wp-content\/uploads\/2023\/10\/Pimenton-100x100.jpg 100w\" sizes=\"auto, (max-width: 70px) 100vw, 70px\" \/><\/p>\n","protected":false},"excerpt":{"rendered":"<p>El excepcional sabor de la carne de ib\u00e9rico, condimenta &hellip; <\/p>\n<p class=\"link-more\"><a href=\"https:\/\/www.carnicasiglesias.com\/zh-hant\/recetas\/julio-chorizo-iberico-extra-bellota\/\" class=\"more-link\">Continue reading<span class=\"screen-reader-text\"> &#8220;JULIO &#8211; CHORIZO IB\u00c9RICO EXTRA BELLOTA&#8221;<\/span><\/a><\/p>\n","protected":false},"author":1,"featured_media":3367,"comment_status":"open","ping_status":"open","sticky":false,"template":"","format":"standard","meta":{"_acf_changed":false,"footnotes":""},"categories":[25],"tags":[],"class_list":["post-3223","post","type-post","status-publish","format-standard","has-post-thumbnail","hentry","category-recetas"],"acf":[],"yoast_head":"<!-- This site is optimized with the Yoast SEO plugin v24.8.1 - https:\/\/yoast.com\/wordpress\/plugins\/seo\/ -->\n<title>JULIO - CHORIZO IB\u00c9RICO EXTRA BELLOTA | C\u00e1rnicas Iglesias<\/title>\n<meta name=\"description\" content=\"P\u00e1gina de JULIO - CHORIZO IB\u00c9RICO EXTRA BELLOTA en la cual se encuentra la ficha del producto.\" \/>\n<meta name=\"robots\" content=\"index, follow, max-snippet:-1, max-image-preview:large, max-video-preview:-1\" \/>\n<link rel=\"canonical\" href=\"https:\/\/www.carnicasiglesias.com\/en\/recipes\/julio-chorizo-iberico-extra-bellota\/\" \/>\n<meta property=\"og:locale\" content=\"zh_TW\" \/>\n<meta property=\"og:type\" content=\"article\" \/>\n<meta property=\"og:title\" content=\"JULIO - CHORIZO IB\u00c9RICO EXTRA BELLOTA | C\u00e1rnicas Iglesias\" \/>\n<meta property=\"og:description\" content=\"P\u00e1gina de JULIO - CHORIZO IB\u00c9RICO EXTRA BELLOTA en la cual se encuentra la ficha del producto.\" \/>\n<meta property=\"og:url\" content=\"https:\/\/www.carnicasiglesias.com\/en\/recipes\/julio-chorizo-iberico-extra-bellota\/\" \/>\n<meta property=\"og:site_name\" content=\"C\u00e1rnicas Iglesias\" \/>\n<meta property=\"article:published_time\" content=\"2023-11-02T15:06:08+00:00\" \/>\n<meta property=\"article:modified_time\" content=\"2023-12-12T07:53:29+00:00\" \/>\n<meta property=\"og:image\" content=\"https:\/\/www.carnicasiglesias.com\/wp-content\/uploads\/2023\/11\/Chorizo-Iberico-Extra-Bellota-Iglesias-1.jpg\" \/>\n\t<meta property=\"og:image:width\" content=\"1200\" \/>\n\t<meta property=\"og:image:height\" content=\"800\" \/>\n\t<meta property=\"og:image:type\" content=\"image\/jpeg\" \/>\n<meta name=\"author\" content=\"wcarigle\" \/>\n<meta name=\"twitter:card\" content=\"summary_large_image\" \/>\n<meta name=\"twitter:label1\" content=\"\u4f5c\u8005:\" \/>\n\t<meta name=\"twitter:data1\" content=\"wcarigle\" \/>\n<script type=\"application\/ld+json\" class=\"yoast-schema-graph\">{\"@context\":\"https:\/\/schema.org\",\"@graph\":[{\"@type\":\"WebPage\",\"@id\":\"https:\/\/www.carnicasiglesias.com\/en\/recipes\/julio-chorizo-iberico-extra-bellota\/\",\"url\":\"https:\/\/www.carnicasiglesias.com\/en\/recipes\/julio-chorizo-iberico-extra-bellota\/\",\"name\":\"JULIO - CHORIZO IB\u00c9RICO EXTRA BELLOTA | C\u00e1rnicas Iglesias\",\"isPartOf\":{\"@id\":\"https:\/\/www.carnicasiglesias.com\/#website\"},\"primaryImageOfPage\":{\"@id\":\"https:\/\/www.carnicasiglesias.com\/en\/recipes\/julio-chorizo-iberico-extra-bellota\/#primaryimage\"},\"image\":{\"@id\":\"https:\/\/www.carnicasiglesias.com\/en\/recipes\/julio-chorizo-iberico-extra-bellota\/#primaryimage\"},\"thumbnailUrl\":\"https:\/\/www.carnicasiglesias.com\/wp-content\/uploads\/2023\/11\/Chorizo-Iberico-Extra-Bellota-Iglesias-1.jpg\",\"datePublished\":\"2023-11-02T15:06:08+00:00\",\"dateModified\":\"2023-12-12T07:53:29+00:00\",\"author\":{\"@id\":\"https:\/\/www.carnicasiglesias.com\/#\/schema\/person\/aaaf7d4dc5dc4bbfeb2f346eb04801eb\"},\"description\":\"P\u00e1gina de JULIO - CHORIZO IB\u00c9RICO EXTRA BELLOTA en la cual se encuentra la ficha del producto.\",\"breadcrumb\":{\"@id\":\"https:\/\/www.carnicasiglesias.com\/en\/recipes\/julio-chorizo-iberico-extra-bellota\/#breadcrumb\"},\"inLanguage\":\"zh-TW\",\"potentialAction\":[{\"@type\":\"ReadAction\",\"target\":[\"https:\/\/www.carnicasiglesias.com\/en\/recipes\/julio-chorizo-iberico-extra-bellota\/\"]}]},{\"@type\":\"ImageObject\",\"inLanguage\":\"zh-TW\",\"@id\":\"https:\/\/www.carnicasiglesias.com\/en\/recipes\/julio-chorizo-iberico-extra-bellota\/#primaryimage\",\"url\":\"https:\/\/www.carnicasiglesias.com\/wp-content\/uploads\/2023\/11\/Chorizo-Iberico-Extra-Bellota-Iglesias-1.jpg\",\"contentUrl\":\"https:\/\/www.carnicasiglesias.com\/wp-content\/uploads\/2023\/11\/Chorizo-Iberico-Extra-Bellota-Iglesias-1.jpg\",\"width\":1200,\"height\":800},{\"@type\":\"BreadcrumbList\",\"@id\":\"https:\/\/www.carnicasiglesias.com\/en\/recipes\/julio-chorizo-iberico-extra-bellota\/#breadcrumb\",\"itemListElement\":[{\"@type\":\"ListItem\",\"position\":1,\"name\":\"Portada\",\"item\":\"https:\/\/www.carnicasiglesias.com\/zh-hant\/\"},{\"@type\":\"ListItem\",\"position\":2,\"name\":\"JULIO &#8211; CHORIZO IB\u00c9RICO EXTRA BELLOTA\"}]},{\"@type\":\"WebSite\",\"@id\":\"https:\/\/www.carnicasiglesias.com\/#website\",\"url\":\"https:\/\/www.carnicasiglesias.com\/\",\"name\":\"C\u00e1rnicas Iglesias\",\"description\":\"P\u00e1gina web de C\u00e1rnicas Iglesias\",\"potentialAction\":[{\"@type\":\"SearchAction\",\"target\":{\"@type\":\"EntryPoint\",\"urlTemplate\":\"https:\/\/www.carnicasiglesias.com\/?s={search_term_string}\"},\"query-input\":{\"@type\":\"PropertyValueSpecification\",\"valueRequired\":true,\"valueName\":\"search_term_string\"}}],\"inLanguage\":\"zh-TW\"},{\"@type\":\"Person\",\"@id\":\"https:\/\/www.carnicasiglesias.com\/#\/schema\/person\/aaaf7d4dc5dc4bbfeb2f346eb04801eb\",\"name\":\"wcarigle\",\"image\":{\"@type\":\"ImageObject\",\"inLanguage\":\"zh-TW\",\"@id\":\"https:\/\/www.carnicasiglesias.com\/#\/schema\/person\/image\/\",\"url\":\"https:\/\/secure.gravatar.com\/avatar\/c508261c9bb726f239f6caae30854a8c?s=96&d=mm&r=g\",\"contentUrl\":\"https:\/\/secure.gravatar.com\/avatar\/c508261c9bb726f239f6caae30854a8c?s=96&d=mm&r=g\",\"caption\":\"wcarigle\"}}]}<\/script>\n<!-- \/ Yoast SEO plugin. -->","yoast_head_json":{"title":"JULIO - CHORIZO IB\u00c9RICO EXTRA BELLOTA | C\u00e1rnicas Iglesias","description":"P\u00e1gina de JULIO - CHORIZO IB\u00c9RICO EXTRA BELLOTA en la cual se encuentra la ficha del producto.","robots":{"index":"index","follow":"follow","max-snippet":"max-snippet:-1","max-image-preview":"max-image-preview:large","max-video-preview":"max-video-preview:-1"},"canonical":"https:\/\/www.carnicasiglesias.com\/en\/recipes\/julio-chorizo-iberico-extra-bellota\/","og_locale":"zh_TW","og_type":"article","og_title":"JULIO - CHORIZO IB\u00c9RICO EXTRA BELLOTA | C\u00e1rnicas Iglesias","og_description":"P\u00e1gina de JULIO - CHORIZO IB\u00c9RICO EXTRA BELLOTA en la cual se encuentra la ficha del producto.","og_url":"https:\/\/www.carnicasiglesias.com\/en\/recipes\/julio-chorizo-iberico-extra-bellota\/","og_site_name":"C\u00e1rnicas Iglesias","article_published_time":"2023-11-02T15:06:08+00:00","article_modified_time":"2023-12-12T07:53:29+00:00","og_image":[{"width":1200,"height":800,"url":"https:\/\/www.carnicasiglesias.com\/wp-content\/uploads\/2023\/11\/Chorizo-Iberico-Extra-Bellota-Iglesias-1.jpg","type":"image\/jpeg"}],"author":"wcarigle","twitter_card":"summary_large_image","twitter_misc":{"\u4f5c\u8005:":"wcarigle"},"schema":{"@context":"https:\/\/schema.org","@graph":[{"@type":"WebPage","@id":"https:\/\/www.carnicasiglesias.com\/en\/recipes\/julio-chorizo-iberico-extra-bellota\/","url":"https:\/\/www.carnicasiglesias.com\/en\/recipes\/julio-chorizo-iberico-extra-bellota\/","name":"JULIO - CHORIZO IB\u00c9RICO EXTRA BELLOTA | C\u00e1rnicas Iglesias","isPartOf":{"@id":"https:\/\/www.carnicasiglesias.com\/#website"},"primaryImageOfPage":{"@id":"https:\/\/www.carnicasiglesias.com\/en\/recipes\/julio-chorizo-iberico-extra-bellota\/#primaryimage"},"image":{"@id":"https:\/\/www.carnicasiglesias.com\/en\/recipes\/julio-chorizo-iberico-extra-bellota\/#primaryimage"},"thumbnailUrl":"https:\/\/www.carnicasiglesias.com\/wp-content\/uploads\/2023\/11\/Chorizo-Iberico-Extra-Bellota-Iglesias-1.jpg","datePublished":"2023-11-02T15:06:08+00:00","dateModified":"2023-12-12T07:53:29+00:00","author":{"@id":"https:\/\/www.carnicasiglesias.com\/#\/schema\/person\/aaaf7d4dc5dc4bbfeb2f346eb04801eb"},"description":"P\u00e1gina de JULIO - CHORIZO IB\u00c9RICO EXTRA BELLOTA en la cual se encuentra la ficha del producto.","breadcrumb":{"@id":"https:\/\/www.carnicasiglesias.com\/en\/recipes\/julio-chorizo-iberico-extra-bellota\/#breadcrumb"},"inLanguage":"zh-TW","potentialAction":[{"@type":"ReadAction","target":["https:\/\/www.carnicasiglesias.com\/en\/recipes\/julio-chorizo-iberico-extra-bellota\/"]}]},{"@type":"ImageObject","inLanguage":"zh-TW","@id":"https:\/\/www.carnicasiglesias.com\/en\/recipes\/julio-chorizo-iberico-extra-bellota\/#primaryimage","url":"https:\/\/www.carnicasiglesias.com\/wp-content\/uploads\/2023\/11\/Chorizo-Iberico-Extra-Bellota-Iglesias-1.jpg","contentUrl":"https:\/\/www.carnicasiglesias.com\/wp-content\/uploads\/2023\/11\/Chorizo-Iberico-Extra-Bellota-Iglesias-1.jpg","width":1200,"height":800},{"@type":"BreadcrumbList","@id":"https:\/\/www.carnicasiglesias.com\/en\/recipes\/julio-chorizo-iberico-extra-bellota\/#breadcrumb","itemListElement":[{"@type":"ListItem","position":1,"name":"Portada","item":"https:\/\/www.carnicasiglesias.com\/zh-hant\/"},{"@type":"ListItem","position":2,"name":"JULIO &#8211; CHORIZO IB\u00c9RICO EXTRA BELLOTA"}]},{"@type":"WebSite","@id":"https:\/\/www.carnicasiglesias.com\/#website","url":"https:\/\/www.carnicasiglesias.com\/","name":"C\u00e1rnicas Iglesias","description":"P\u00e1gina web de C\u00e1rnicas Iglesias","potentialAction":[{"@type":"SearchAction","target":{"@type":"EntryPoint","urlTemplate":"https:\/\/www.carnicasiglesias.com\/?s={search_term_string}"},"query-input":{"@type":"PropertyValueSpecification","valueRequired":true,"valueName":"search_term_string"}}],"inLanguage":"zh-TW"},{"@type":"Person","@id":"https:\/\/www.carnicasiglesias.com\/#\/schema\/person\/aaaf7d4dc5dc4bbfeb2f346eb04801eb","name":"wcarigle","image":{"@type":"ImageObject","inLanguage":"zh-TW","@id":"https:\/\/www.carnicasiglesias.com\/#\/schema\/person\/image\/","url":"https:\/\/secure.gravatar.com\/avatar\/c508261c9bb726f239f6caae30854a8c?s=96&d=mm&r=g","contentUrl":"https:\/\/secure.gravatar.com\/avatar\/c508261c9bb726f239f6caae30854a8c?s=96&d=mm&r=g","caption":"wcarigle"}}]}},"_links":{"self":[{"href":"https:\/\/www.carnicasiglesias.com\/zh-hant\/wp-json\/wp\/v2\/posts\/3223","targetHints":{"allow":["GET"]}}],"collection":[{"href":"https:\/\/www.carnicasiglesias.com\/zh-hant\/wp-json\/wp\/v2\/posts"}],"about":[{"href":"https:\/\/www.carnicasiglesias.com\/zh-hant\/wp-json\/wp\/v2\/types\/post"}],"author":[{"embeddable":true,"href":"https:\/\/www.carnicasiglesias.com\/zh-hant\/wp-json\/wp\/v2\/users\/1"}],"replies":[{"embeddable":true,"href":"https:\/\/www.carnicasiglesias.com\/zh-hant\/wp-json\/wp\/v2\/comments?post=3223"}],"version-history":[{"count":5,"href":"https:\/\/www.carnicasiglesias.com\/zh-hant\/wp-json\/wp\/v2\/posts\/3223\/revisions"}],"predecessor-version":[{"id":3463,"href":"https:\/\/www.carnicasiglesias.com\/zh-hant\/wp-json\/wp\/v2\/posts\/3223\/revisions\/3463"}],"wp:featuredmedia":[{"embeddable":true,"href":"https:\/\/www.carnicasiglesias.com\/zh-hant\/wp-json\/wp\/v2\/media\/3367"}],"wp:attachment":[{"href":"https:\/\/www.carnicasiglesias.com\/zh-hant\/wp-json\/wp\/v2\/media?parent=3223"}],"wp:term":[{"taxonomy":"category","embeddable":true,"href":"https:\/\/www.carnicasiglesias.com\/zh-hant\/wp-json\/wp\/v2\/categories?post=3223"},{"taxonomy":"post_tag","embeddable":true,"href":"https:\/\/www.carnicasiglesias.com\/zh-hant\/wp-json\/wp\/v2\/tags?post=3223"}],"curies":[{"name":"wp","href":"https:\/\/api.w.org\/{rel}","templated":true}]}}