{"id":881,"date":"2019-04-11T16:43:42","date_gmt":"2019-04-11T14:43:42","guid":{"rendered":"http:\/\/www.carnicasiglesias.com\/?p=881"},"modified":"2019-04-11T16:48:48","modified_gmt":"2019-04-11T14:48:48","slug":"carnicas-iglesias-presente-33-salon-gourmet-8910-11-abril-2019","status":"publish","type":"post","link":"https:\/\/www.carnicasiglesias.com\/zh-hant\/noticias\/carnicas-iglesias-presente-33-salon-gourmet-8910-11-abril-2019\/","title":{"rendered":"C\u00c1RNICAS IGLESIAS PRESENTE EN EL 33 SAL\u00d3N GOURMET 8,9,10 Y 11 ABRIL 2019"},"content":{"rendered":"<p>Treinta a\u00f1os, ni m\u00e1s ni menos, se lleva celebrando el Sal\u00f3n de gourmets de Madrid. Se trata de una cita indispensable, tanto para los profesionales del sector como para los aficionados y amantes de la cocina y la gastronom\u00eda. Y como no pod\u00eda ser de otro modo, estamos presentes en esta edici\u00f3n con Ib\u00e9ricos de Salamanca. Edici\u00f3n que est\u00e1 siendo un gran \u00e9xito.<\/p>\n<p><img loading=\"lazy\" decoding=\"async\" class=\"alignleft wp-image-884 size-thumbnail\" src=\"http:\/\/www.carnicasiglesias.com\/wp-content\/uploads\/2019\/04\/1-150x150.jpg\" alt=\"\" width=\"150\" height=\"150\" srcset=\"https:\/\/www.carnicasiglesias.com\/wp-content\/uploads\/2019\/04\/1-150x150.jpg 150w, https:\/\/www.carnicasiglesias.com\/wp-content\/uploads\/2019\/04\/1-100x100.jpg 100w\" sizes=\"auto, (max-width: 150px) 100vw, 150px\" \/> <img loading=\"lazy\" decoding=\"async\" class=\"alignleft wp-image-885 size-thumbnail\" src=\"http:\/\/www.carnicasiglesias.com\/wp-content\/uploads\/2019\/04\/2-150x150.jpg\" alt=\"\" width=\"150\" height=\"150\" srcset=\"https:\/\/www.carnicasiglesias.com\/wp-content\/uploads\/2019\/04\/2-150x150.jpg 150w, https:\/\/www.carnicasiglesias.com\/wp-content\/uploads\/2019\/04\/2-100x100.jpg 100w\" sizes=\"auto, (max-width: 150px) 100vw, 150px\" \/> <img loading=\"lazy\" decoding=\"async\" class=\"alignleft wp-image-886 size-thumbnail\" src=\"http:\/\/www.carnicasiglesias.com\/wp-content\/uploads\/2019\/04\/3-150x150.jpg\" alt=\"\" width=\"150\" height=\"150\" srcset=\"https:\/\/www.carnicasiglesias.com\/wp-content\/uploads\/2019\/04\/3-150x150.jpg 150w, https:\/\/www.carnicasiglesias.com\/wp-content\/uploads\/2019\/04\/3-100x100.jpg 100w\" sizes=\"auto, (max-width: 150px) 100vw, 150px\" \/><\/p>\n<p>&nbsp;<\/p>\n<p>&nbsp;<\/p>\n<p>&nbsp;<\/p>\n<p>&nbsp;<\/p>\n<p>Pod\u00e9is visitarnos en el pabell\u00f3n 4F 23-86 bajo el paraguas de Tierra de Sabor<\/p>\n<p>As\u00ed da gusto<\/p>\n","protected":false},"excerpt":{"rendered":"<p>Treinta a\u00f1os, ni m\u00e1s ni menos, se lleva celebrando el S &hellip; <\/p>\n<p class=\"link-more\"><a href=\"https:\/\/www.carnicasiglesias.com\/zh-hant\/noticias\/carnicas-iglesias-presente-33-salon-gourmet-8910-11-abril-2019\/\" class=\"more-link\">Continue reading<span class=\"screen-reader-text\"> &#8220;C\u00c1RNICAS IGLESIAS PRESENTE EN EL 33 SAL\u00d3N GOURMET 8,9,10 Y 11 ABRIL 2019&#8221;<\/span><\/a><\/p>\n","protected":false},"author":1,"featured_media":882,"comment_status":"open","ping_status":"open","sticky":false,"template":"","format":"standard","meta":{"_acf_changed":false,"footnotes":""},"categories":[9],"tags":[],"class_list":["post-881","post","type-post","status-publish","format-standard","has-post-thumbnail","hentry","category-noticias"],"acf":[],"yoast_head":"<!-- This site is optimized with the Yoast SEO plugin v24.8.1 - https:\/\/yoast.com\/wordpress\/plugins\/seo\/ -->\n<title>C\u00c1RNICAS IGLESIAS PRESENTE EN EL 33 SAL\u00d3N GOURMET 8,9,10 Y 11 ABRIL 2019 | C\u00e1rnicas Iglesias<\/title>\n<meta name=\"description\" content=\"P\u00e1gina de C\u00c1RNICAS IGLESIAS PRESENTE EN EL 33 SAL\u00d3N GOURMET 8,9,10 Y 11 ABRIL 2019 en la cual se encuentra la ficha del producto.\" \/>\n<meta name=\"robots\" content=\"index, follow, max-snippet:-1, max-image-preview:large, max-video-preview:-1\" \/>\n<link rel=\"canonical\" href=\"https:\/\/www.carnicasiglesias.com\/noticias\/carnicas-iglesias-presente-33-salon-gourmet-8910-11-abril-2019\/\" \/>\n<meta property=\"og:locale\" content=\"zh_TW\" \/>\n<meta property=\"og:type\" content=\"article\" \/>\n<meta property=\"og:title\" content=\"C\u00c1RNICAS IGLESIAS PRESENTE EN EL 33 SAL\u00d3N GOURMET 8,9,10 Y 11 ABRIL 2019 | C\u00e1rnicas Iglesias\" \/>\n<meta property=\"og:description\" content=\"P\u00e1gina de C\u00c1RNICAS IGLESIAS PRESENTE EN EL 33 SAL\u00d3N GOURMET 8,9,10 Y 11 ABRIL 2019 en la cual se encuentra la ficha del producto.\" \/>\n<meta property=\"og:url\" content=\"https:\/\/www.carnicasiglesias.com\/noticias\/carnicas-iglesias-presente-33-salon-gourmet-8910-11-abril-2019\/\" \/>\n<meta property=\"og:site_name\" content=\"C\u00e1rnicas Iglesias\" \/>\n<meta property=\"article:published_time\" content=\"2019-04-11T14:43:42+00:00\" \/>\n<meta property=\"article:modified_time\" content=\"2019-04-11T14:48:48+00:00\" \/>\n<meta property=\"og:image\" content=\"https:\/\/www.carnicasiglesias.com\/wp-content\/uploads\/2019\/04\/CWBC7500.jpg\" \/>\n\t<meta property=\"og:image:width\" content=\"1200\" \/>\n\t<meta property=\"og:image:height\" content=\"900\" \/>\n\t<meta property=\"og:image:type\" content=\"image\/jpeg\" \/>\n<meta name=\"author\" content=\"wcarigle\" \/>\n<meta name=\"twitter:card\" content=\"summary_large_image\" \/>\n<meta name=\"twitter:label1\" content=\"\u4f5c\u8005:\" \/>\n\t<meta name=\"twitter:data1\" content=\"wcarigle\" \/>\n<script type=\"application\/ld+json\" class=\"yoast-schema-graph\">{\"@context\":\"https:\/\/schema.org\",\"@graph\":[{\"@type\":\"WebPage\",\"@id\":\"https:\/\/www.carnicasiglesias.com\/noticias\/carnicas-iglesias-presente-33-salon-gourmet-8910-11-abril-2019\/\",\"url\":\"https:\/\/www.carnicasiglesias.com\/noticias\/carnicas-iglesias-presente-33-salon-gourmet-8910-11-abril-2019\/\",\"name\":\"C\u00c1RNICAS IGLESIAS PRESENTE EN EL 33 SAL\u00d3N GOURMET 8,9,10 Y 11 ABRIL 2019 | C\u00e1rnicas Iglesias\",\"isPartOf\":{\"@id\":\"https:\/\/www.carnicasiglesias.com\/#website\"},\"primaryImageOfPage\":{\"@id\":\"https:\/\/www.carnicasiglesias.com\/noticias\/carnicas-iglesias-presente-33-salon-gourmet-8910-11-abril-2019\/#primaryimage\"},\"image\":{\"@id\":\"https:\/\/www.carnicasiglesias.com\/noticias\/carnicas-iglesias-presente-33-salon-gourmet-8910-11-abril-2019\/#primaryimage\"},\"thumbnailUrl\":\"https:\/\/www.carnicasiglesias.com\/wp-content\/uploads\/2019\/04\/CWBC7500.jpg\",\"datePublished\":\"2019-04-11T14:43:42+00:00\",\"dateModified\":\"2019-04-11T14:48:48+00:00\",\"author\":{\"@id\":\"https:\/\/www.carnicasiglesias.com\/#\/schema\/person\/aaaf7d4dc5dc4bbfeb2f346eb04801eb\"},\"description\":\"P\u00e1gina de C\u00c1RNICAS IGLESIAS PRESENTE EN EL 33 SAL\u00d3N GOURMET 8,9,10 Y 11 ABRIL 2019 en la cual se encuentra la ficha del producto.\",\"breadcrumb\":{\"@id\":\"https:\/\/www.carnicasiglesias.com\/noticias\/carnicas-iglesias-presente-33-salon-gourmet-8910-11-abril-2019\/#breadcrumb\"},\"inLanguage\":\"zh-TW\",\"potentialAction\":[{\"@type\":\"ReadAction\",\"target\":[\"https:\/\/www.carnicasiglesias.com\/noticias\/carnicas-iglesias-presente-33-salon-gourmet-8910-11-abril-2019\/\"]}]},{\"@type\":\"ImageObject\",\"inLanguage\":\"zh-TW\",\"@id\":\"https:\/\/www.carnicasiglesias.com\/noticias\/carnicas-iglesias-presente-33-salon-gourmet-8910-11-abril-2019\/#primaryimage\",\"url\":\"https:\/\/www.carnicasiglesias.com\/wp-content\/uploads\/2019\/04\/CWBC7500.jpg\",\"contentUrl\":\"https:\/\/www.carnicasiglesias.com\/wp-content\/uploads\/2019\/04\/CWBC7500.jpg\",\"width\":1200,\"height\":900},{\"@type\":\"BreadcrumbList\",\"@id\":\"https:\/\/www.carnicasiglesias.com\/noticias\/carnicas-iglesias-presente-33-salon-gourmet-8910-11-abril-2019\/#breadcrumb\",\"itemListElement\":[{\"@type\":\"ListItem\",\"position\":1,\"name\":\"Portada\",\"item\":\"https:\/\/www.carnicasiglesias.com\/zh-hant\/\"},{\"@type\":\"ListItem\",\"position\":2,\"name\":\"C\u00c1RNICAS IGLESIAS PRESENTE EN EL 33 SAL\u00d3N GOURMET 8,9,10 Y 11 ABRIL 2019\"}]},{\"@type\":\"WebSite\",\"@id\":\"https:\/\/www.carnicasiglesias.com\/#website\",\"url\":\"https:\/\/www.carnicasiglesias.com\/\",\"name\":\"C\u00e1rnicas Iglesias\",\"description\":\"P\u00e1gina web de C\u00e1rnicas Iglesias\",\"potentialAction\":[{\"@type\":\"SearchAction\",\"target\":{\"@type\":\"EntryPoint\",\"urlTemplate\":\"https:\/\/www.carnicasiglesias.com\/?s={search_term_string}\"},\"query-input\":{\"@type\":\"PropertyValueSpecification\",\"valueRequired\":true,\"valueName\":\"search_term_string\"}}],\"inLanguage\":\"zh-TW\"},{\"@type\":\"Person\",\"@id\":\"https:\/\/www.carnicasiglesias.com\/#\/schema\/person\/aaaf7d4dc5dc4bbfeb2f346eb04801eb\",\"name\":\"wcarigle\",\"image\":{\"@type\":\"ImageObject\",\"inLanguage\":\"zh-TW\",\"@id\":\"https:\/\/www.carnicasiglesias.com\/#\/schema\/person\/image\/\",\"url\":\"https:\/\/secure.gravatar.com\/avatar\/c508261c9bb726f239f6caae30854a8c?s=96&d=mm&r=g\",\"contentUrl\":\"https:\/\/secure.gravatar.com\/avatar\/c508261c9bb726f239f6caae30854a8c?s=96&d=mm&r=g\",\"caption\":\"wcarigle\"}}]}<\/script>\n<!-- \/ Yoast SEO plugin. -->","yoast_head_json":{"title":"C\u00c1RNICAS IGLESIAS PRESENTE EN EL 33 SAL\u00d3N GOURMET 8,9,10 Y 11 ABRIL 2019 | C\u00e1rnicas Iglesias","description":"P\u00e1gina de C\u00c1RNICAS IGLESIAS PRESENTE EN EL 33 SAL\u00d3N GOURMET 8,9,10 Y 11 ABRIL 2019 en la cual se encuentra la ficha del producto.","robots":{"index":"index","follow":"follow","max-snippet":"max-snippet:-1","max-image-preview":"max-image-preview:large","max-video-preview":"max-video-preview:-1"},"canonical":"https:\/\/www.carnicasiglesias.com\/noticias\/carnicas-iglesias-presente-33-salon-gourmet-8910-11-abril-2019\/","og_locale":"zh_TW","og_type":"article","og_title":"C\u00c1RNICAS IGLESIAS PRESENTE EN EL 33 SAL\u00d3N GOURMET 8,9,10 Y 11 ABRIL 2019 | C\u00e1rnicas Iglesias","og_description":"P\u00e1gina de C\u00c1RNICAS IGLESIAS PRESENTE EN EL 33 SAL\u00d3N GOURMET 8,9,10 Y 11 ABRIL 2019 en la cual se encuentra la ficha del producto.","og_url":"https:\/\/www.carnicasiglesias.com\/noticias\/carnicas-iglesias-presente-33-salon-gourmet-8910-11-abril-2019\/","og_site_name":"C\u00e1rnicas Iglesias","article_published_time":"2019-04-11T14:43:42+00:00","article_modified_time":"2019-04-11T14:48:48+00:00","og_image":[{"width":1200,"height":900,"url":"https:\/\/www.carnicasiglesias.com\/wp-content\/uploads\/2019\/04\/CWBC7500.jpg","type":"image\/jpeg"}],"author":"wcarigle","twitter_card":"summary_large_image","twitter_misc":{"\u4f5c\u8005:":"wcarigle"},"schema":{"@context":"https:\/\/schema.org","@graph":[{"@type":"WebPage","@id":"https:\/\/www.carnicasiglesias.com\/noticias\/carnicas-iglesias-presente-33-salon-gourmet-8910-11-abril-2019\/","url":"https:\/\/www.carnicasiglesias.com\/noticias\/carnicas-iglesias-presente-33-salon-gourmet-8910-11-abril-2019\/","name":"C\u00c1RNICAS IGLESIAS PRESENTE EN EL 33 SAL\u00d3N GOURMET 8,9,10 Y 11 ABRIL 2019 | C\u00e1rnicas Iglesias","isPartOf":{"@id":"https:\/\/www.carnicasiglesias.com\/#website"},"primaryImageOfPage":{"@id":"https:\/\/www.carnicasiglesias.com\/noticias\/carnicas-iglesias-presente-33-salon-gourmet-8910-11-abril-2019\/#primaryimage"},"image":{"@id":"https:\/\/www.carnicasiglesias.com\/noticias\/carnicas-iglesias-presente-33-salon-gourmet-8910-11-abril-2019\/#primaryimage"},"thumbnailUrl":"https:\/\/www.carnicasiglesias.com\/wp-content\/uploads\/2019\/04\/CWBC7500.jpg","datePublished":"2019-04-11T14:43:42+00:00","dateModified":"2019-04-11T14:48:48+00:00","author":{"@id":"https:\/\/www.carnicasiglesias.com\/#\/schema\/person\/aaaf7d4dc5dc4bbfeb2f346eb04801eb"},"description":"P\u00e1gina de C\u00c1RNICAS IGLESIAS PRESENTE EN EL 33 SAL\u00d3N GOURMET 8,9,10 Y 11 ABRIL 2019 en la cual se encuentra la ficha del producto.","breadcrumb":{"@id":"https:\/\/www.carnicasiglesias.com\/noticias\/carnicas-iglesias-presente-33-salon-gourmet-8910-11-abril-2019\/#breadcrumb"},"inLanguage":"zh-TW","potentialAction":[{"@type":"ReadAction","target":["https:\/\/www.carnicasiglesias.com\/noticias\/carnicas-iglesias-presente-33-salon-gourmet-8910-11-abril-2019\/"]}]},{"@type":"ImageObject","inLanguage":"zh-TW","@id":"https:\/\/www.carnicasiglesias.com\/noticias\/carnicas-iglesias-presente-33-salon-gourmet-8910-11-abril-2019\/#primaryimage","url":"https:\/\/www.carnicasiglesias.com\/wp-content\/uploads\/2019\/04\/CWBC7500.jpg","contentUrl":"https:\/\/www.carnicasiglesias.com\/wp-content\/uploads\/2019\/04\/CWBC7500.jpg","width":1200,"height":900},{"@type":"BreadcrumbList","@id":"https:\/\/www.carnicasiglesias.com\/noticias\/carnicas-iglesias-presente-33-salon-gourmet-8910-11-abril-2019\/#breadcrumb","itemListElement":[{"@type":"ListItem","position":1,"name":"Portada","item":"https:\/\/www.carnicasiglesias.com\/zh-hant\/"},{"@type":"ListItem","position":2,"name":"C\u00c1RNICAS IGLESIAS PRESENTE EN EL 33 SAL\u00d3N GOURMET 8,9,10 Y 11 ABRIL 2019"}]},{"@type":"WebSite","@id":"https:\/\/www.carnicasiglesias.com\/#website","url":"https:\/\/www.carnicasiglesias.com\/","name":"C\u00e1rnicas Iglesias","description":"P\u00e1gina web de C\u00e1rnicas Iglesias","potentialAction":[{"@type":"SearchAction","target":{"@type":"EntryPoint","urlTemplate":"https:\/\/www.carnicasiglesias.com\/?s={search_term_string}"},"query-input":{"@type":"PropertyValueSpecification","valueRequired":true,"valueName":"search_term_string"}}],"inLanguage":"zh-TW"},{"@type":"Person","@id":"https:\/\/www.carnicasiglesias.com\/#\/schema\/person\/aaaf7d4dc5dc4bbfeb2f346eb04801eb","name":"wcarigle","image":{"@type":"ImageObject","inLanguage":"zh-TW","@id":"https:\/\/www.carnicasiglesias.com\/#\/schema\/person\/image\/","url":"https:\/\/secure.gravatar.com\/avatar\/c508261c9bb726f239f6caae30854a8c?s=96&d=mm&r=g","contentUrl":"https:\/\/secure.gravatar.com\/avatar\/c508261c9bb726f239f6caae30854a8c?s=96&d=mm&r=g","caption":"wcarigle"}}]}},"_links":{"self":[{"href":"https:\/\/www.carnicasiglesias.com\/zh-hant\/wp-json\/wp\/v2\/posts\/881","targetHints":{"allow":["GET"]}}],"collection":[{"href":"https:\/\/www.carnicasiglesias.com\/zh-hant\/wp-json\/wp\/v2\/posts"}],"about":[{"href":"https:\/\/www.carnicasiglesias.com\/zh-hant\/wp-json\/wp\/v2\/types\/post"}],"author":[{"embeddable":true,"href":"https:\/\/www.carnicasiglesias.com\/zh-hant\/wp-json\/wp\/v2\/users\/1"}],"replies":[{"embeddable":true,"href":"https:\/\/www.carnicasiglesias.com\/zh-hant\/wp-json\/wp\/v2\/comments?post=881"}],"version-history":[{"count":5,"href":"https:\/\/www.carnicasiglesias.com\/zh-hant\/wp-json\/wp\/v2\/posts\/881\/revisions"}],"predecessor-version":[{"id":890,"href":"https:\/\/www.carnicasiglesias.com\/zh-hant\/wp-json\/wp\/v2\/posts\/881\/revisions\/890"}],"wp:featuredmedia":[{"embeddable":true,"href":"https:\/\/www.carnicasiglesias.com\/zh-hant\/wp-json\/wp\/v2\/media\/882"}],"wp:attachment":[{"href":"https:\/\/www.carnicasiglesias.com\/zh-hant\/wp-json\/wp\/v2\/media?parent=881"}],"wp:term":[{"taxonomy":"category","embeddable":true,"href":"https:\/\/www.carnicasiglesias.com\/zh-hant\/wp-json\/wp\/v2\/categories?post=881"},{"taxonomy":"post_tag","embeddable":true,"href":"https:\/\/www.carnicasiglesias.com\/zh-hant\/wp-json\/wp\/v2\/tags?post=881"}],"curies":[{"name":"wp","href":"https:\/\/api.w.org\/{rel}","templated":true}]}}